{"id":1002,"date":"2025-12-01T18:04:09","date_gmt":"2025-12-01T15:04:09","guid":{"rendered":"https:\/\/www.kirsehirses.com\/?p=1002"},"modified":"2025-12-01T18:04:09","modified_gmt":"2025-12-01T15:04:09","slug":"tbmm-heyeti-kirsehir-cezaevinde-incelemelerde-bulundu","status":"publish","type":"post","link":"https:\/\/www.kirsehirses.com\/index.php\/2025\/12\/01\/tbmm-heyeti-kirsehir-cezaevinde-incelemelerde-bulundu\/","title":{"rendered":"TBMM Heyeti K\u0131r\u015fehir Cezaevi\u2019nde \u0130ncelemelerde Bulundu"},"content":{"rendered":"<p><strong>TBMM Heyeti K\u0131r\u015fehir Cezaevi\u2019nde \u0130ncelemelerde Bulundu<\/strong><\/p>\n<p>TBMM \u0130nsan Haklar\u0131n\u0131 \u0130nceleme Komisyonu H\u00fck\u00fcml\u00fc ve Tutuklu Haklar\u0131n\u0131 \u0130nceleme Alt Komisyonu, K\u0131r\u015fehir Ceza \u0130nfaz Kurumu\u2019nda incelemelerde bulundu.<\/p>\n<p>Heyete Komisyon Ba\u015fkan\u0131 ve AK Parti Osmaniye Milletvekili Derya Yan\u0131k ba\u015fkanl\u0131k etti.<\/p>\n<p>Ziyarette cezaevindeki bar\u0131nma ko\u015fullar\u0131, sosyal faaliyetler, sa\u011fl\u0131k hizmetleri ve insan haklar\u0131na ili\u015fkin uygulamalar yerinde de\u011ferlendirildi. Cezaevi y\u00f6netiminden bilgi alan komisyon \u00fcyeleri, g\u00f6zlemler do\u011frultusunda haz\u0131rlanacak raporu TBMM\u2019ye sunacak.<\/p>\n<p>Cezaevlerinde yap\u0131lan incelemelerle ilgili bas\u0131na a\u00e7\u0131klama yapan Ba\u015fkan Derya Yan\u0131k; \u201c\u0130nsan onuruna sayg\u0131l\u0131 ve rehabilitasyonu \u00f6nceleyen bir ceza infaz sistemini \u00f6nemsiyoruz. Komisyon olarak cezaevlerinde benzer incelemeleri s\u00fcrd\u00fcrece\u011fiz,\u201d dedi.<\/p>\n<p>Heyette, Alt Komisyon Ba\u015fkan\u0131 Mustafa Alkay\u0131\u015f ile komisyon \u00fcyeleri Kadri Enis Berbero\u011flu, Sibel Sui\u00e7mez, Mustafa Yavuz ve Ahmet Salih Dal yer ald\u0131.<\/p>\n<p>K\u0131r\u015fehir program\u0131 kapsam\u0131nda komisyon \u00fcyeleri, Vali Murat Sefa Demiry\u00fcrek\u2019i de ziyaret etti.<\/p>\n","protected":false},"excerpt":{"rendered":"<p>TBMM Heyeti K\u0131r\u015fehir Cezaevi\u2019nde \u0130ncelemelerde Bulundu TBMM \u0130nsan Haklar\u0131n\u0131 \u0130nceleme Komisyonu H\u00fck\u00fcml\u00fc ve Tutuklu Haklar\u0131n\u0131 \u0130nceleme Alt Komisyonu, K\u0131r\u015fehir Ceza \u0130nfaz Kurumu\u2019nda incelemelerde bulundu. Heyete Komisyon Ba\u015fkan\u0131 ve AK Parti Osmaniye Milletvekili Derya Yan\u0131k ba\u015fkanl\u0131k etti. Ziyarette cezaevindeki bar\u0131nma ko\u015fullar\u0131, sosyal faaliyetler, sa\u011fl\u0131k hizmetleri ve insan haklar\u0131na ili\u015fkin uygulamalar yerinde de\u011ferlendirildi. Cezaevi y\u00f6netiminden bilgi alan [&hellip;]<\/p>\n","protected":false},"author":1,"featured_media":1004,"comment_status":"open","ping_status":"open","sticky":false,"template":"","format":"standard","meta":{"footnotes":""},"categories":[8],"tags":[],"class_list":["post-1002","post","type-post","status-publish","format-standard","has-post-thumbnail","hentry","category-kirsehir"],"_links":{"self":[{"href":"https:\/\/www.kirsehirses.com\/index.php\/wp-json\/wp\/v2\/posts\/1002","targetHints":{"allow":["GET"]}}],"collection":[{"href":"https:\/\/www.kirsehirses.com\/index.php\/wp-json\/wp\/v2\/posts"}],"about":[{"href":"https:\/\/www.kirsehirses.com\/index.php\/wp-json\/wp\/v2\/types\/post"}],"author":[{"embeddable":true,"href":"https:\/\/www.kirsehirses.com\/index.php\/wp-json\/wp\/v2\/users\/1"}],"replies":[{"embeddable":true,"href":"https:\/\/www.kirsehirses.com\/index.php\/wp-json\/wp\/v2\/comments?post=1002"}],"version-history":[{"count":1,"href":"https:\/\/www.kirsehirses.com\/index.php\/wp-json\/wp\/v2\/posts\/1002\/revisions"}],"predecessor-version":[{"id":1005,"href":"https:\/\/www.kirsehirses.com\/index.php\/wp-json\/wp\/v2\/posts\/1002\/revisions\/1005"}],"wp:featuredmedia":[{"embeddable":true,"href":"https:\/\/www.kirsehirses.com\/index.php\/wp-json\/wp\/v2\/media\/1004"}],"wp:attachment":[{"href":"https:\/\/www.kirsehirses.com\/index.php\/wp-json\/wp\/v2\/media?parent=1002"}],"wp:term":[{"taxonomy":"category","embeddable":true,"href":"https:\/\/www.kirsehirses.com\/index.php\/wp-json\/wp\/v2\/categories?post=1002"},{"taxonomy":"post_tag","embeddable":true,"href":"https:\/\/www.kirsehirses.com\/index.php\/wp-json\/wp\/v2\/tags?post=1002"}],"curies":[{"name":"wp","href":"https:\/\/api.w.org\/{rel}","templated":true}]}}