{"id":1006,"date":"2025-12-01T18:07:50","date_gmt":"2025-12-01T15:07:50","guid":{"rendered":"https:\/\/www.kirsehirses.com\/?p=1006"},"modified":"2025-12-01T18:10:46","modified_gmt":"2025-12-01T15:10:46","slug":"kirsehir-il-ozel-idaresinin-2026-yili-butcesi-oy-birligiyle-kabul-edildi","status":"publish","type":"post","link":"https:\/\/www.kirsehirses.com\/index.php\/2025\/12\/01\/kirsehir-il-ozel-idaresinin-2026-yili-butcesi-oy-birligiyle-kabul-edildi\/","title":{"rendered":"K\u0131r\u015fehir \u0130l \u00d6zel \u0130daresi\u2019nin 2026 Y\u0131l\u0131 B\u00fct\u00e7esi Oy Birli\u011fiyle Kabul Edildi"},"content":{"rendered":"<h1 data-start=\"204\" data-end=\"283\"><strong data-start=\"206\" data-end=\"283\">K\u0131r\u015fehir \u0130l \u00d6zel \u0130daresi\u2019nin 2026 Y\u0131l\u0131 B\u00fct\u00e7esi Oy Birli\u011fiyle Kabul Edildi<\/strong><\/h1>\n<p data-start=\"285\" data-end=\"533\">K\u0131r\u015fehir \u0130l \u00d6zel \u0130daresi\u2019nin 2026 mali y\u0131l\u0131 b\u00fct\u00e7esi, \u0130l Genel Meclisi\u2019nin Kas\u0131m ay\u0131 ola\u011fan toplant\u0131s\u0131nda yap\u0131lan a\u00e7\u0131k oylama sonucunda oy birli\u011fiyle kabul edildi. B\u00fct\u00e7e, ge\u00e7en y\u0131la g\u00f6re y\u00fczde 63 artarak <strong data-start=\"488\" data-end=\"514\">1 milyar 240 milyon TL<\/strong> olarak belirlendi.<\/p>\n<h2 data-start=\"540\" data-end=\"596\"><strong data-start=\"543\" data-end=\"596\">B\u00fct\u00e7e Kalemleri Tek Tek Okunarak Oylamaya Sunuldu<\/strong><\/h2>\n<p data-start=\"598\" data-end=\"869\">\u0130l Genel Meclisi toplant\u0131s\u0131, \u0130l Genel Meclisi Ba\u015fkan\u0131 <strong data-start=\"652\" data-end=\"667\">B\u00fclent Ozan<\/strong> ba\u015fkanl\u0131\u011f\u0131nda ger\u00e7ekle\u015ftirildi. Toplant\u0131da 2026 y\u0131l\u0131na ait b\u00fct\u00e7e kalemleri tek tek okunarak meclis \u00fcyelerinin onay\u0131na sunuldu. Yap\u0131lan a\u00e7\u0131k oylamada t\u00fcm \u00fcyeler b\u00fct\u00e7e teklifine olumlu y\u00f6nde oy kulland\u0131.<\/p>\n<h2 data-start=\"876\" data-end=\"926\"><strong data-start=\"879\" data-end=\"926\">2026 B\u00fct\u00e7esi Ge\u00e7en Y\u0131la G\u00f6re Y\u00fczde 63 Artt\u0131<\/strong><\/h2>\n<p data-start=\"928\" data-end=\"1244\">K\u0131r\u015fehir \u0130l \u00d6zel \u0130daresi\u2019nin 2026 y\u0131l\u0131 b\u00fct\u00e7esi bir \u00f6nceki y\u0131l\u0131n b\u00fct\u00e7esine k\u0131yasla y\u00fczde 63\u2019l\u00fck bir art\u0131\u015f g\u00f6sterdi. Yeni b\u00fct\u00e7enin \u00f6zellikle k\u00f6y yollar\u0131, i\u00e7me suyu yat\u0131r\u0131mlar\u0131, altyap\u0131-onar\u0131m \u00e7al\u0131\u015fmalar\u0131, tar\u0131msal destek projeleri ve k\u0131rsal ya\u015fam kalitesini art\u0131rmay\u0131 hedefleyen yat\u0131r\u0131mlara y\u00f6nlendirilmesi bekleniyor.<\/p>\n<h2 data-start=\"1251\" data-end=\"1320\"><strong data-start=\"1254\" data-end=\"1320\">Ozan: \u201cK\u00f6ylerde Ya\u015fam Standartlar\u0131n\u0131 Art\u0131rmaya Devam Edece\u011fiz\u201d<\/strong><\/h2>\n<p data-start=\"1322\" data-end=\"1628\">\u0130l Genel Meclisi Ba\u015fkan\u0131 <strong data-start=\"1347\" data-end=\"1362\">B\u00fclent Ozan<\/strong>, b\u00fct\u00e7e kabul edildikten sonra yapt\u0131\u011f\u0131 de\u011ferlendirmede \u0130l \u00d6zel \u0130daresi\u2019nin k\u0131rsal hizmetlerdeki rol\u00fcne dikkat \u00e7ekti.<br data-start=\"1478\" data-end=\"1481\" \/>Ozan, k\u00f6ylerde ya\u015fayan vatanda\u015flar\u0131n \u015fehirlerdeki hizmetlere e\u015fit \u015fekilde eri\u015fmesini sa\u011flamak i\u00e7in \u00e7al\u0131\u015ft\u0131klar\u0131n\u0131 belirterek \u015fu ifadeleri kulland\u0131:<\/p>\n<p data-start=\"1630\" data-end=\"2058\"><em data-start=\"1630\" data-end=\"2058\">&#8220;K\u00f6ylerin yol, su, alt ve \u00fcst yap\u0131 ihtiya\u00e7lar\u0131n\u0131 kar\u015f\u0131layan \u0130l \u00d6zel \u0130daresi, k\u0131rsal b\u00f6lgelerin daha ya\u015fanabilir yerler haline gelmesi i\u00e7in \u00e7al\u0131\u015fmalar\u0131n\u0131 s\u00fcrd\u00fcr\u00fcyor. 2026 y\u0131l\u0131 b\u00fct\u00e7esinin oy birli\u011fiyle kabul edilmesi, hizmetlerin daha etkin y\u00fcr\u00fct\u00fclmesine katk\u0131 sa\u011flayacakt\u0131r. B\u00fct\u00e7enin ilimize ve \u00fclkemize hay\u0131rl\u0131 olmas\u0131n\u0131 diliyorum. G\u00f6r\u00fc\u015fmeler s\u00fcrecindeki destekleri i\u00e7in meclis \u00fcyelerine ve idare personeline te\u015fekk\u00fcr ediyorum.\u201d<\/em><\/p>\n<h2 data-start=\"2065\" data-end=\"2140\"><strong data-start=\"2068\" data-end=\"2140\">\u00d6zcan: \u201cKaynaklar\u0131 Verimli Kullanarak Hizmet Kalitesini Art\u0131r\u0131yoruz\u201d<\/strong><\/h2>\n<p data-start=\"2142\" data-end=\"2383\">K\u0131r\u015fehir Vali Yard\u0131mc\u0131s\u0131 ve \u0130l \u00d6zel \u0130daresi Genel Sekreter Vekili <strong data-start=\"2208\" data-end=\"2223\">Yasin \u00d6zcan<\/strong> da 2026 y\u0131l\u0131 b\u00fct\u00e7esine ili\u015fkin a\u00e7\u0131klamalarda bulundu.<br data-start=\"2277\" data-end=\"2280\" \/>\u00d6zcan, kurumun yol, su ve altyap\u0131 alan\u0131ndaki \u00e7al\u0131\u015fmalar\u0131n\u0131n devam edece\u011fini belirterek \u015funlar\u0131 s\u00f6yledi:<\/p>\n<p data-start=\"2385\" data-end=\"2764\"><em data-start=\"2385\" data-end=\"2764\">\u201cK\u00f6ylerde ya\u015fayan vatanda\u015flara bir\u00e7ok alanda hizmet g\u00f6t\u00fcr\u00fcyoruz. \u0130daremizin imkanlar\u0131n\u0131 daha verimli kullanarak hizmet kalitesini art\u0131rmay\u0131 hedefliyoruz. 2026 y\u0131l\u0131 b\u00fct\u00e7esi, k\u0131rsal b\u00f6lgelerde y\u00fcr\u00fct\u00fclecek \u00e7al\u0131\u015fmalarda \u00f6nemli bir belirleyici olacakt\u0131r. B\u00fct\u00e7enin ilimize ve vatanda\u015flar\u0131m\u0131za hay\u0131rl\u0131 olmas\u0131n\u0131 diliyor, eme\u011fi ge\u00e7en meclis \u00fcyeleri ile personelimize te\u015fekk\u00fcr ediyorum.\u201d<\/em><\/p>\n<h2 data-start=\"2771\" data-end=\"2829\"><strong data-start=\"2774\" data-end=\"2829\">2026 Y\u0131l\u0131nda K\u0131rsal Yat\u0131r\u0131mlar\u0131n Artmas\u0131 Bekleniyor<\/strong><\/h2>\n<p data-start=\"2831\" data-end=\"2938\">Kabul edilen b\u00fct\u00e7e kapsam\u0131nda 2026 y\u0131l\u0131nda \u00f6zellikle \u015fu alanlarda yat\u0131r\u0131m yo\u011funlu\u011funun artmas\u0131 \u00f6ng\u00f6r\u00fcl\u00fcyor:<\/p>\n<ul data-start=\"2940\" data-end=\"3249\">\n<li data-start=\"2940\" data-end=\"3008\">\n<p data-start=\"2942\" data-end=\"3008\">K\u00f6y yollar\u0131nda asfalt ve stabilize \u00e7al\u0131\u015fmalar\u0131n\u0131n geni\u015fletilmesi<\/p>\n<\/li>\n<li data-start=\"3009\" data-end=\"3051\">\n<p data-start=\"3011\" data-end=\"3051\">\u0130\u00e7me suyu projelerinin g\u00fc\u00e7lendirilmesi<\/p>\n<\/li>\n<li data-start=\"3052\" data-end=\"3111\">\n<p data-start=\"3054\" data-end=\"3111\">Kanalizasyon ve altyap\u0131 hatlar\u0131nda yenileme \u00e7al\u0131\u015fmalar\u0131<\/p>\n<\/li>\n<li data-start=\"3112\" data-end=\"3176\">\n<p data-start=\"3114\" data-end=\"3176\">K\u0131rsal mahallelerde sosyal ya\u015fam alanlar\u0131n\u0131n iyile\u015ftirilmesi<\/p>\n<\/li>\n<li data-start=\"3177\" data-end=\"3249\">\n<p data-start=\"3179\" data-end=\"3249\">Tar\u0131msal sulama, k\u00fc\u00e7\u00fck \u00f6l\u00e7ekli sulama projeleri ve \u00e7ift\u00e7i destekleri<\/p>\n<\/li>\n<\/ul>\n<p data-start=\"3251\" data-end=\"3349\">Yeni b\u00fct\u00e7eyle birlikte K\u0131r\u015fehir\u2019in k\u0131rsal b\u00f6lgelerinde ya\u015fam kalitesinin art\u0131r\u0131lmas\u0131 hedefleniyor.<\/p>\n","protected":false},"excerpt":{"rendered":"<p>K\u0131r\u015fehir \u0130l \u00d6zel \u0130daresi\u2019nin 2026 Y\u0131l\u0131 B\u00fct\u00e7esi Oy Birli\u011fiyle Kabul Edildi K\u0131r\u015fehir \u0130l \u00d6zel \u0130daresi\u2019nin 2026 mali y\u0131l\u0131 b\u00fct\u00e7esi, \u0130l Genel Meclisi\u2019nin Kas\u0131m ay\u0131 ola\u011fan toplant\u0131s\u0131nda yap\u0131lan a\u00e7\u0131k oylama sonucunda oy birli\u011fiyle kabul edildi. B\u00fct\u00e7e, ge\u00e7en y\u0131la g\u00f6re y\u00fczde 63 artarak 1 milyar 240 milyon TL olarak belirlendi. B\u00fct\u00e7e Kalemleri Tek Tek Okunarak Oylamaya Sunuldu [&hellip;]<\/p>\n","protected":false},"author":1,"featured_media":1012,"comment_status":"open","ping_status":"open","sticky":false,"template":"","format":"standard","meta":{"footnotes":""},"categories":[8],"tags":[],"class_list":["post-1006","post","type-post","status-publish","format-standard","has-post-thumbnail","hentry","category-kirsehir"],"_links":{"self":[{"href":"https:\/\/www.kirsehirses.com\/index.php\/wp-json\/wp\/v2\/posts\/1006","targetHints":{"allow":["GET"]}}],"collection":[{"href":"https:\/\/www.kirsehirses.com\/index.php\/wp-json\/wp\/v2\/posts"}],"about":[{"href":"https:\/\/www.kirsehirses.com\/index.php\/wp-json\/wp\/v2\/types\/post"}],"author":[{"embeddable":true,"href":"https:\/\/www.kirsehirses.com\/index.php\/wp-json\/wp\/v2\/users\/1"}],"replies":[{"embeddable":true,"href":"https:\/\/www.kirsehirses.com\/index.php\/wp-json\/wp\/v2\/comments?post=1006"}],"version-history":[{"count":1,"href":"https:\/\/www.kirsehirses.com\/index.php\/wp-json\/wp\/v2\/posts\/1006\/revisions"}],"predecessor-version":[{"id":1008,"href":"https:\/\/www.kirsehirses.com\/index.php\/wp-json\/wp\/v2\/posts\/1006\/revisions\/1008"}],"wp:featuredmedia":[{"embeddable":true,"href":"https:\/\/www.kirsehirses.com\/index.php\/wp-json\/wp\/v2\/media\/1012"}],"wp:attachment":[{"href":"https:\/\/www.kirsehirses.com\/index.php\/wp-json\/wp\/v2\/media?parent=1006"}],"wp:term":[{"taxonomy":"category","embeddable":true,"href":"https:\/\/www.kirsehirses.com\/index.php\/wp-json\/wp\/v2\/categories?post=1006"},{"taxonomy":"post_tag","embeddable":true,"href":"https:\/\/www.kirsehirses.com\/index.php\/wp-json\/wp\/v2\/tags?post=1006"}],"curies":[{"name":"wp","href":"https:\/\/api.w.org\/{rel}","templated":true}]}}