{"id":1009,"date":"2025-12-01T18:09:22","date_gmt":"2025-12-01T15:09:22","guid":{"rendered":"https:\/\/www.kirsehirses.com\/?p=1009"},"modified":"2025-12-01T18:15:52","modified_gmt":"2025-12-01T15:15:52","slug":"kirsehirin-kultur-yolu-festivali-talebi-tbmm-gundeminde","status":"publish","type":"post","link":"https:\/\/www.kirsehirses.com\/index.php\/2025\/12\/01\/kirsehirin-kultur-yolu-festivali-talebi-tbmm-gundeminde\/","title":{"rendered":"K\u0131r\u015fehir\u2019in K\u00fclt\u00fcr Yolu Festivali Talebi TBMM G\u00fcndeminde"},"content":{"rendered":"<p><strong>K\u0131r\u015fehir\u2019in K\u00fclt\u00fcr Yolu Festivali Talebi TBMM G\u00fcndeminde<\/strong><\/p>\n<p>K\u0131r\u015fehir Ses Haber sitemizin daha \u00f6nce g\u00fcndeme ta\u015f\u0131d\u0131\u011f\u0131 \u201cK\u0131r\u015fehir\u2019in K\u00fclt\u00fcr Yolu Festivali kapsam\u0131na al\u0131nmas\u0131\u201d \u00f6nerisi, AK Parti K\u0131r\u015fehir Milletvekili Necmettin Erkan taraf\u0131ndan T\u00fcrkiye B\u00fcy\u00fck Millet Meclisi\u2019ne ta\u015f\u0131nd\u0131.<\/p>\n<p>Milletvekili Erkan, TBMM Plan ve B\u00fct\u00e7e Komisyonu\u2019nda K\u00fclt\u00fcr ve Turizm Bakanl\u0131\u011f\u0131 b\u00fct\u00e7esi g\u00f6r\u00fc\u015f\u00fcl\u00fcrken yapt\u0131\u011f\u0131 konu\u015fmada, \u201cK\u0131r\u015fehir K\u00fclt\u00fcr Yolu Festivali kapsam\u0131na al\u0131nmal\u0131d\u0131r.\u201d diyerek kentin k\u00fclt\u00fcrel miras\u0131n\u0131n bu b\u00fcy\u00fck organizasyon i\u00e7inde yer almas\u0131 gerekti\u011fini vurgulad\u0131.<\/p>\n<p>Konu, K\u0131r\u015fehir Ses Haber\u2019in k\u00f6\u015fe yazar\u0131 Osman Demir taraf\u0131ndan 30 Eyl\u00fcl 2025\u2019te yay\u0131mlanan yaz\u0131da da geni\u015f bir \u015fekilde ele al\u0131nm\u0131\u015ft\u0131. Demir, yaz\u0131s\u0131nda K\u00fclt\u00fcr ve Turizm Bakanl\u0131\u011f\u0131 taraf\u0131ndan her y\u0131l kapsam\u0131 geni\u015fletilen K\u00fclt\u00fcr Yolu Festivalleri\u2019ne dikkat \u00e7ekerek, festivalin 2025\u2019te 20 \u015fehirde yap\u0131ld\u0131\u011f\u0131n\u0131, 2026\u2019da bu say\u0131n\u0131n 26\u2019ya, 2027\u2019de ise 32\u2019ye ula\u015faca\u011f\u0131n\u0131 hat\u0131rlatm\u0131\u015f ve \u015fu \u00e7a\u011fr\u0131y\u0131 yapm\u0131\u015ft\u0131:<\/p>\n<p>\u201cNeden bu zincirde K\u0131r\u015fehir de yer almas\u0131n?\u201d<\/p>\n<p>Demir, K\u0131r\u015fehir\u2019in Ahilik gelene\u011fi, Ne\u015fet Erta\u015f ve Yunus Emre gibi g\u00fc\u00e7l\u00fc k\u00fclt\u00fcrel de\u011ferleriyle festival i\u00e7in benzersiz bir aday oldu\u011funun alt\u0131n\u0131 \u00e7izmi\u015f; UNESCO M\u00fczik \u015eehri unvan\u0131, zengin k\u00fclt\u00fcrel miras\u0131, tarihi varl\u0131klar\u0131 ve misafirperverli\u011fiyle K\u0131r\u015fehir\u2019in festivale \u00f6nemli katk\u0131lar sunabilece\u011fini belirtmi\u015fti.<\/p>\n<p>Yaz\u0131da ayr\u0131ca, festival s\u00fcrecine d\u00e2hil olabilmek i\u00e7in \u015fehirde birliktelik sa\u011flanmas\u0131 gerekti\u011fi vurgulanm\u0131\u015f; siyaset\u00e7ilerin, STK\u2019lar\u0131n ve kanaat \u00f6nderlerinin ortak hareket etmesi gerekti\u011fi ifade edilmi\u015fti. Demir, \u00f6zellikle Milletvekili Necmettin Erkan\u2019\u0131n bu konuda g\u00fc\u00e7l\u00fc bir etki olu\u015fturabilece\u011fini belirterek, s\u00fcrecin yaln\u0131zca b\u00fcrokratik yaz\u0131\u015fmalarla de\u011fil, koordineli bir takip mekanizmas\u0131yla y\u00fcr\u00fct\u00fclmesi gerekti\u011fini dile getirmi\u015fti.<\/p>\n<p>Milletvekili Erkan\u2019\u0131n konuyu TBMM g\u00fcndemine ta\u015f\u0131mas\u0131, K\u0131r\u015fehir\u2019in talebinin art\u0131k resm\u00ee olarak da takip edildi\u011fini g\u00f6sterirken, kentte k\u00fclt\u00fcr camias\u0131nda ve kamuoyunda memnuniyet olu\u015fturdu.<\/p>\n<p>K\u0131r\u015fehir Ses Haber olarak, \u015fehrin k\u00fclt\u00fcrel de\u011ferlerinin ulusal bir festivale ta\u015f\u0131nmas\u0131 y\u00f6n\u00fcndeki \u00e7abalar\u0131ndan dolay\u0131 Milletvekili Necmettin Erkan\u2019a te\u015fekk\u00fcr ediyor; s\u00fcrecin kararl\u0131l\u0131kla s\u00fcrd\u00fcr\u00fclmesi h\u00e2linde K\u0131r\u015fehir\u2019in K\u00fclt\u00fcr Yolu Festivali ile bulu\u015faca\u011f\u0131na inan\u0131yoruz.<\/p>\n","protected":false},"excerpt":{"rendered":"<p>K\u0131r\u015fehir\u2019in K\u00fclt\u00fcr Yolu Festivali Talebi TBMM G\u00fcndeminde K\u0131r\u015fehir Ses Haber sitemizin daha \u00f6nce g\u00fcndeme ta\u015f\u0131d\u0131\u011f\u0131 \u201cK\u0131r\u015fehir\u2019in K\u00fclt\u00fcr Yolu Festivali kapsam\u0131na al\u0131nmas\u0131\u201d \u00f6nerisi, AK Parti K\u0131r\u015fehir Milletvekili Necmettin Erkan taraf\u0131ndan T\u00fcrkiye B\u00fcy\u00fck Millet Meclisi\u2019ne ta\u015f\u0131nd\u0131. Milletvekili Erkan, TBMM Plan ve B\u00fct\u00e7e Komisyonu\u2019nda K\u00fclt\u00fcr ve Turizm Bakanl\u0131\u011f\u0131 b\u00fct\u00e7esi g\u00f6r\u00fc\u015f\u00fcl\u00fcrken yapt\u0131\u011f\u0131 konu\u015fmada, \u201cK\u0131r\u015fehir K\u00fclt\u00fcr Yolu Festivali kapsam\u0131na al\u0131nmal\u0131d\u0131r.\u201d [&hellip;]<\/p>\n","protected":false},"author":1,"featured_media":1014,"comment_status":"open","ping_status":"open","sticky":false,"template":"","format":"standard","meta":{"footnotes":""},"categories":[8,3],"tags":[],"class_list":["post-1009","post","type-post","status-publish","format-standard","has-post-thumbnail","hentry","category-kirsehir","category-siyaset"],"_links":{"self":[{"href":"https:\/\/www.kirsehirses.com\/index.php\/wp-json\/wp\/v2\/posts\/1009","targetHints":{"allow":["GET"]}}],"collection":[{"href":"https:\/\/www.kirsehirses.com\/index.php\/wp-json\/wp\/v2\/posts"}],"about":[{"href":"https:\/\/www.kirsehirses.com\/index.php\/wp-json\/wp\/v2\/types\/post"}],"author":[{"embeddable":true,"href":"https:\/\/www.kirsehirses.com\/index.php\/wp-json\/wp\/v2\/users\/1"}],"replies":[{"embeddable":true,"href":"https:\/\/www.kirsehirses.com\/index.php\/wp-json\/wp\/v2\/comments?post=1009"}],"version-history":[{"count":1,"href":"https:\/\/www.kirsehirses.com\/index.php\/wp-json\/wp\/v2\/posts\/1009\/revisions"}],"predecessor-version":[{"id":1011,"href":"https:\/\/www.kirsehirses.com\/index.php\/wp-json\/wp\/v2\/posts\/1009\/revisions\/1011"}],"wp:featuredmedia":[{"embeddable":true,"href":"https:\/\/www.kirsehirses.com\/index.php\/wp-json\/wp\/v2\/media\/1014"}],"wp:attachment":[{"href":"https:\/\/www.kirsehirses.com\/index.php\/wp-json\/wp\/v2\/media?parent=1009"}],"wp:term":[{"taxonomy":"category","embeddable":true,"href":"https:\/\/www.kirsehirses.com\/index.php\/wp-json\/wp\/v2\/categories?post=1009"},{"taxonomy":"post_tag","embeddable":true,"href":"https:\/\/www.kirsehirses.com\/index.php\/wp-json\/wp\/v2\/tags?post=1009"}],"curies":[{"name":"wp","href":"https:\/\/api.w.org\/{rel}","templated":true}]}}