{"id":1015,"date":"2025-12-02T02:10:22","date_gmt":"2025-12-01T23:10:22","guid":{"rendered":"https:\/\/www.kirsehirses.com\/?p=1015"},"modified":"2025-12-02T10:55:16","modified_gmt":"2025-12-02T07:55:16","slug":"galip-demir-bir-kultur-ve-ahilik-neferi","status":"publish","type":"post","link":"https:\/\/www.kirsehirses.com\/index.php\/2025\/12\/02\/galip-demir-bir-kultur-ve-ahilik-neferi\/","title":{"rendered":"Galip Demir: Bir K\u00fclt\u00fcr ve Ahilik Neferi"},"content":{"rendered":"<p><strong>Galip Demir: Bir K\u00fclt\u00fcr ve Ahilik Neferi<\/strong><\/p>\n<p><span style=\"font-weight: 400;\">K\u00fclt\u00fcrel de\u011ferlerin h\u0131zla a\u015f\u0131nd\u0131\u011f\u0131 bir \u00e7a\u011fda, ge\u00e7mi\u015fle gelecek aras\u0131nda k\u00f6pr\u00fc kuran, \u00f6z\u00fcyle s\u00f6z\u00fcyle ya\u015fayan nadir isimlerden biridir Galip Demir.<\/span><\/p>\n<p><span style=\"font-weight: 400;\">Bu de\u011ferli \u015fahsiyet, yaln\u0131zca bir birey olarak de\u011fil, bir k\u00fclt\u00fcr ta\u015f\u0131y\u0131c\u0131s\u0131, bir e\u011fitim g\u00f6n\u00fcll\u00fcs\u00fc ve Ahilik te\u015fkilat\u0131n\u0131n y\u0131lmaz savunucusu olarak haf\u0131zalarda yer etti.\u00a0<\/span><\/p>\n<p><span style=\"font-weight: 400;\">Hayat\u0131n\u0131n her d\u00f6neminde bilgiyi, tecr\u00fcbeyi ve k\u00fclt\u00fcrel miras\u0131 bir arada ta\u015f\u0131may\u0131 ba\u015faran Galip Demir; e\u011fitimde, yay\u0131nc\u0131l\u0131kta, vak\u0131f ba\u015fkanl\u0131\u011f\u0131nda ve toplumsal geli\u015fim alanlar\u0131nda yapt\u0131\u011f\u0131 katk\u0131larla adeta bir k\u00fclt\u00fcr neferi oldu. Bu yaz\u0131da, onun ya\u015fam\u0131ndan s\u00fcz\u00fclen anlaml\u0131 izleri, Ahilik\u2019e adanm\u0131\u015f gayretlerini ve topluma b\u0131rakt\u0131\u011f\u0131 derin miras\u0131 birlikte hat\u0131rlayaca\u011f\u0131z.<\/span><\/p>\n<p><span style=\"font-weight: 400;\">Galip Demir, 1938 y\u0131l\u0131nda K\u0131r\u015fehir\u2019in Kaman il\u00e7esinde d\u00fcnyaya geldi. Babas\u0131 Demirciler olarak bilinen Kaman\u2019\u0131n yerli ailelerinden S\u00fcleyman, annesi ise Adviye han\u0131md\u0131r.\u00a0<\/span><\/p>\n<p><span style=\"font-weight: 400;\">1940\u2019l\u0131 y\u0131llarda Ankara\u2019ya ta\u015f\u0131nan babas\u0131 S\u00fcleyman Efendi burada y\u0131llarca Vehbi Ko\u00e7\u2019la ayn\u0131 semtte bakkaliye i\u015fletti. Dolay\u0131s\u0131yla Galip Demir\u2019in \u00e7ocukluk ve gen\u00e7lik y\u0131llar\u0131 Ankara\u2019da ge\u00e7ti. E\u011fitim hayat\u0131na Ankara\u2019da ba\u015flayan Galip Demir, ilk, orta ve lise \u00f6\u011frenimini burada tamamlad\u0131. Yaz tatillerinde ailesine katk\u0131 sa\u011flamak amac\u0131yla matbaada \u00e7\u0131rakl\u0131k yapt\u0131.\u00a0<\/span><\/p>\n<p><span style=\"font-weight: 400;\">1959 y\u0131l\u0131nda Ankara \u00dcniversitesi Fen Fak\u00fcltesi\u2019ne girerek y\u00fcksek \u00f6\u011frenimine ba\u015flad\u0131 ancak babas\u0131n\u0131n i\u015flerinin k\u00f6t\u00fc gitmesi ve ya\u015fad\u0131\u011f\u0131 maddi zorluklar nedeniyle e\u011fitimini tamamlayamad\u0131. Ya\u015fanan onca s\u0131k\u0131nt\u0131n\u0131n i\u00e7inde tek erkek karde\u015fi olan 17 ya\u015f\u0131ndaki Talip, Harp Okulu s\u0131nav\u0131na kat\u0131lmak i\u00e7in gitti\u011fi \u0130stanbul\u2019da denizde bo\u011fularak hayat\u0131n\u0131 kaybetti. Bu ani \u00f6l\u00fcm aileyi derinden etkiledi.<\/span><\/p>\n<p><span style=\"font-weight: 400;\">\u00a0Ailece ya\u015fad\u0131klar\u0131 t\u00fcm zorluklara ra\u011fmen y\u0131lmayan Galip Demir, Ankara \u0130ktisadi ve Ticari \u0130limler Akademisi\u2019nin Sanayi B\u00f6l\u00fcm\u00fc\u2019ne devam etti ve buradan derece ile mezun oldu. Akademide yap\u0131lan yurtd\u0131\u015f\u0131 burs s\u0131nav\u0131na kat\u0131ld\u0131 ve s\u0131nav\u0131 ikinci s\u0131rada kazanarak e\u011fitimine yurtd\u0131\u015f\u0131nda devam etme hakk\u0131 kazand\u0131.<\/span><\/p>\n<p><span style=\"font-weight: 400;\">Amerika Birle\u015fik Devletleri&#8217;ne giderek Georgetown \u00dcniversitesi\u2019nde \u0130ngilizce e\u011fitimi alan Galip Demir, burada bulundu\u011fu s\u00fcre zarf\u0131nda Prof. Dr. Joe Pierce ile birlikte T\u00fcrkiye \u00fczerine antropolojik \u00e7al\u0131\u015fmalar y\u00fcr\u00fctt\u00fc. Bu \u00e7al\u0131\u015fmalar sonucunda ortaya \u00e7\u0131kan ve g\u00fcn\u00fcm\u00fczde \u00fcniversitelerin antropoloji b\u00f6l\u00fcmlerinde kaynak eser olarak g\u00f6sterilen \u201cA Life in Turkey Village\u201d (Bir T\u00fcrk K\u00f6y\u00fcnde Ya\u015fam) adl\u0131 kitab\u0131n yaz\u0131lmas\u0131na katk\u0131da bulundu. ABD\u2019deki e\u011fitimini tamamlad\u0131ktan sonra T\u00fcrkiye\u2019ye d\u00f6nen Demir, \u00f6zel sekt\u00f6rde \u00e7e\u015fitli y\u00f6neticilik g\u00f6revlerinde bulundu. Akademik ve k\u00fclt\u00fcrel birikimini i\u015f hayat\u0131na da ta\u015f\u0131yarak, hem i\u015f d\u00fcnyas\u0131na hem de toplumsal geli\u015fmeye \u00f6nemli katk\u0131lar sundu.<\/span><\/p>\n<p><span style=\"font-weight: 400;\">1966 y\u0131l\u0131nda Ankara\u2019da Z\u0131rhl\u0131 Birlikler Okulunda vatani g\u00f6revine ba\u015flayan Galip Demir, \u00e7ok iyi derecede \u0130ngilizce bilmesi nedeniyle Amerikan Subay Kul\u00fcb\u00fcnde Tank\u00e7\u0131 Yedek Subay olarak\u00a0 vatani g\u00f6revini tamamlad\u0131.\u00a0<\/span><\/p>\n<p><span style=\"font-weight: 400;\">Galip Demir, 19 Haziran 1968 tarihinde Ankara \u00c7ankaya Emniyet M\u00fcd\u00fcr\u00fc olarak g\u00f6rev yapan K\u0131r\u015fehir\u2019in yerli ailelerinden Nihat T\u00fcrk\u00f6z\u00fc\u2019n\u00fcn k\u0131z\u0131 Nermin han\u0131mla evlendi. Ayn\u0131 y\u0131l \u0130stanbul\u2019a yerle\u015fen Galip Demir, bir s\u00fcre\u00a0 T\u00fcrk Philips \u015firketinde Genel Koordinat\u00f6r olarak \u00e7al\u0131\u015ft\u0131ktan sonra 1974 y\u0131l\u0131nda gen\u00e7lik hayali olan Sade Ofset ad\u0131 alt\u0131nda matbaas\u0131n\u0131 kurdu. Matbaada \u00e7\u0131rak olarak \u00e7al\u0131\u015ft\u0131\u011f\u0131 g\u00fcnleri hi\u00e7 unutmayan Galip Demir, \u0130stanbul Matbaa \u00c7\u0131rakl\u0131k Merkezinin kurulmas\u0131na \u00f6nc\u00fcl\u00fck etti. Meslek kurulu\u015flar\u0131nda y\u00f6netim kurulu \u00fcyeli\u011fi ve ba\u015fkanl\u0131\u011f\u0131 g\u00f6revlerinde bulundu.\u00a0\u00a0\u00a0<\/span><\/p>\n<p><span style=\"font-weight: 400;\">Kay\u0131npederi Nihat T\u00fcrk\u00f6z\u00fc onu ba\u015fta \u015eemsi Yast\u0131man olmak \u00fczere \u0130stanbul\u2019da ya\u015fayan K\u0131r\u015fehirlilerle tan\u0131\u015ft\u0131rd\u0131. \u015eemsi Yast\u0131man\u2019\u0131n d\u00fczenledi\u011fi Helebi\u015f Gecelerinde e\u011flencenin yan\u0131 s\u0131ra \u0130stanbul\u2019daki K\u0131r\u015fehirlilerin bir \u00e7at\u0131 alt\u0131nda toplanmas\u0131 ve k\u00fclt\u00fcr\u00fcn\u00fcn tan\u0131t\u0131lmas\u0131 i\u00e7in \u00e7al\u0131\u015fmalar yap\u0131l\u0131yordu.<\/span><\/p>\n<p><span style=\"font-weight: 400;\">\u00a0 \u00a0 \u00a0 <img loading=\"lazy\" decoding=\"async\" class=\"alignnone size-full wp-image-1016\" src=\"https:\/\/www.kirsehirses.com\/wp-content\/uploads\/2025\/12\/Ekran-goruntusu-2025-12-02-020812.png\" alt=\"\" width=\"1241\" height=\"511\" srcset=\"https:\/\/www.kirsehirses.com\/wp-content\/uploads\/2025\/12\/Ekran-goruntusu-2025-12-02-020812.png 1241w, https:\/\/www.kirsehirses.com\/wp-content\/uploads\/2025\/12\/Ekran-goruntusu-2025-12-02-020812-300x124.png 300w, https:\/\/www.kirsehirses.com\/wp-content\/uploads\/2025\/12\/Ekran-goruntusu-2025-12-02-020812-1024x422.png 1024w, https:\/\/www.kirsehirses.com\/wp-content\/uploads\/2025\/12\/Ekran-goruntusu-2025-12-02-020812-768x316.png 768w\" sizes=\"auto, (max-width: 1241px) 100vw, 1241px\" \/><\/span><\/p>\n<p><span style=\"font-weight: 400;\">Kurulu\u015f Karar\u0131 25 Kas\u0131m 1985 tarih ve 18939 say\u0131l\u0131 Resmi Gazetede yay\u0131nlanan Ahi K\u00fclt\u00fcr\u00fcn\u00fc Ara\u015ft\u0131rma ve E\u011fitim Vakf\u0131\u2019n\u0131n; Burhaneddin ULUTAN, Refik SOYKUT, Ali R\u0131za EK\u0130NC\u0130, Muzaffer MERMER, Hasan Mazhar L\u00fctfullah \u00c7ELEB\u0130, Cel\u00e2l \u00d6ZDEM\u0130R, \u015eemsi YASTIMAN, Ali U\u011eURLU, Selahattin SAYGI, Mustafa KARAG\u00dcLL\u00dc, Ya\u015far NURAL, Galip DEM\u0130R, \u0130lhan \u015eAH\u0130N ile birlikte kurucular\u0131 aras\u0131nda yer ald\u0131.<\/span><\/p>\n<p><span style=\"font-weight: 400;\">1987 y\u0131l\u0131nda vakf\u0131n genel ba\u015fkanl\u0131\u011f\u0131na se\u00e7ilen Demir, bu g\u00f6revi \u00f6mr\u00fcn\u00fcn son g\u00fcn\u00fcne kadar ba\u015far\u0131 ile s\u00fcrd\u00fcrd\u00fc. \u0130stanbul\u2019da her f\u0131rsatta ve her mekanda Ahilik konulu ilmi toplant\u0131lar d\u00fczenledi.\u00a0<\/span><\/p>\n<p><span style=\"font-weight: 400;\">Cumhurba\u015fkanlar\u0131na, Ba\u015fbakanlara, \u00fcst y\u00f6neticilere, i\u015f insanlar\u0131na kadar her kesime Ahili\u011fi anlatt\u0131. Her y\u0131l Ahilik Haftas\u0131nda eksiksiz olarak \u00fcst d\u00fczey y\u00f6neticilerin kat\u0131ld\u0131\u011f\u0131 etkinlikler ve kurdu\u011fu ekiple \u015eed Ku\u015fatma g\u00f6sterileri d\u00fczenledi. Bas\u0131n kurulu\u015flar\u0131n\u0131n merkezi konumundaki \u0130stanbul\u2019da yap\u0131lan faaliyetler TV ve bas\u0131n kurulu\u015flar\u0131nda yer ald\u0131. Dolay\u0131s\u0131yla bu yay\u0131nlar Ahilik\u2019in \u00fclke genelinde bilinirli\u011fine \u00f6nemli katk\u0131lar sa\u011flad\u0131.<\/span><\/p>\n<p><span style=\"font-weight: 400;\">Hayat\u0131n\u0131 T\u00fcrk k\u00fclt\u00fcr\u00fcne adayan ve \u00f6zellikle Ahilik \u00fczerine yo\u011funla\u015fan Galip Demir, Ahilik k\u00fclt\u00fcr\u00fc ve esnaf ahlak\u0131 \u00fczerine \u00e7e\u015fitli makaleler ve kitaplar yay\u0131mlad\u0131, bildiriler sundu. 1998 y\u0131l\u0131nda <strong>T\u00fcrk K\u00fclt\u00fcr\u00fc Ahilik<\/strong>, 2000 y\u0131l\u0131nda <strong>Osmanl\u0131 Devleti\u2019nin Kurulu\u015fu ve Ahilik<\/strong>,\u00a0 2002 y\u0131l\u0131nda <strong>Ombudsman Aran\u0131yor<\/strong>,\u00a0 2004 y\u0131l\u0131nda da <strong>Ahilik ve Demokrasi<\/strong>\u00a0isimli geni\u015f hacimli kitaplar\u0131 ilim d\u00fcnyas\u0131n\u0131n istifadesine sundu.\u00a0<\/span><\/p>\n<p><span style=\"font-weight: 400;\">K\u0131r\u015fehir\u2019e \u00fcniversitesi kurulmas\u0131na y\u00f6nelik lobi \u00e7al\u0131\u015fmas\u0131 yapmak \u00fczere Ahi K\u00fclt\u00fcr\u00fcn\u00fc Ara\u015ft\u0131rma ve E\u011fitim Vakf\u0131 b\u00fcnyesinde faaliyet g\u00f6steren \u201cK\u0131r\u015fehir Ahi Evran Teknik \u00dcniversitesi Kurma Grubunun\u201d i\u00e7erisinde yer alarak, \u00e7al\u0131\u015fmalara destek verdi. 1995 y\u0131l\u0131nda T\u00fcrk Amerikan Dernekleri Federasyonu\u2019nun davetiyle Amerika Birle\u015fik Devletleri\u2019ne yeniden gitti. Burada bir\u00e7ok \u015fehirde Ahilik k\u00fclt\u00fcr\u00fc \u00fczerine konferanslar verdi, T\u00fcrk k\u00fclt\u00fcr\u00fcn\u00fcn tan\u0131t\u0131m\u0131n\u0131 ve yay\u0131lmas\u0131n\u0131 sa\u011flad\u0131.<\/span><\/p>\n<p><span style=\"font-weight: 400;\">T\u00fcrkiye B\u00fcy\u00fck Millet Meclisi\u2019nde T\u00fcketici Koruma Kanunu\u2019nun haz\u0131rl\u0131k s\u00fcrecine de katk\u0131 sundu. Ahilik ilkeleri do\u011frultusunda kaleme ald\u0131\u011f\u0131 \u201cAhilik \u2013 T\u00fcketici \u0130li\u015fkileri\u201d ba\u015fl\u0131kl\u0131 raporu, kanun haz\u0131rl\u0131k s\u00fcrecinde dikkate al\u0131nd\u0131. Bu \u00e7al\u0131\u015fman\u0131n bir sonucu olarak kurulan T\u00fcketici Konseyi\u2019nde vakf\u0131 temsilen asli \u00fcye olarak g\u00f6rev ald\u0131. Ayn\u0131 y\u0131l \u201cT\u00fcketicinin Korunmas\u0131\u201d temal\u0131 tebli\u011fi, Esnaf Konfederasyonu taraf\u0131ndan kitapla\u015ft\u0131r\u0131ld\u0131.<\/span><\/p>\n<p><span style=\"font-weight: 400;\">Ahilik ba\u015fta olmak \u00fczere, K\u0131r\u015fehir\u2019in e\u011fitimine ve k\u00fclt\u00fcr\u00fcne katk\u0131lar\u0131ndan dolay\u0131 K\u0131r\u015fehir Valili\u011fi\u2019nce\u00a0 memleketi olan Kaman\u2019\u0131n Cuma mahallesinde yap\u0131lan ilkokula ad\u0131 verildi. TBMM \u00dcst\u00fcn Hizmet \u00d6d\u00fcl\u00fc verilmesi i\u00e7in teklifte bulunuldu.<\/span><\/p>\n<p><span style=\"font-weight: 400;\">2007 y\u0131l\u0131nda Ahilik haftas\u0131 i\u00e7erisinde her y\u0131l Y\u0131l\u0131n Ahisi, Y\u0131l\u0131n Kalfas\u0131, Y\u0131l\u0131n \u00c7\u0131ra\u011f\u0131na \u00f6d\u00fcl verilmesinin yan\u0131 s\u0131ra Ahilik\u2019e katk\u0131 sunanlara Ahilik Hizmet \u00d6d\u00fcl\u00fc ve Ahilik Onur \u00d6d\u00fcl\u00fc verilmesi kararla\u015ft\u0131r\u0131ld\u0131. K\u0131r\u015fehir Valili\u011finin teklifi ile Ahilik Y\u00fcr\u00fctme Kurulunca 2007 y\u0131l\u0131nda Ahilik Hizmet \u00d6d\u00fcl\u00fc\u2019n\u00fcn Galip Demir\u2019e verilmesi kararla\u015ft\u0131r\u0131ld\u0131. Rahats\u0131z olan Galip Demir, 11. 09. 2007 tarihinde vefat edince \u00f6d\u00fcl\u00fc Ahilik t\u00f6renlerinde e\u015fi Nermin han\u0131m ile o\u011flu Murat\u2019a takdim edildi.<\/span><\/p>\n<p><span style=\"font-weight: 400;\">2 \u00e7ocuk babas\u0131 olan Demir, \u00e7ocuklar\u0131n\u0131 da vatan, millet, K\u0131r\u015fehir ve Ahilik sevdal\u0131s\u0131 olarak yeti\u015ftirdi. Onun yolunda giden evlatlar\u0131 Murat ve S\u00fcleyman babalar\u0131n\u0131n mesle\u011fi olan matbaac\u0131l\u0131\u011f\u0131 s\u00fcrd\u00fcr\u00fcrken di\u011fer taraftan Ahilik K\u00fclt\u00fcr\u00fc Ara\u015ft\u0131rma Vakf\u0131 y\u00f6netiminde yer alarak hizmete devam etmektedirler.<\/span><\/p>\n<p><span style=\"font-weight: 400;\">Galip Demir, yaln\u0131zca bir yazar de\u011fil, ayn\u0131 zamanda bir k\u00fclt\u00fcr el\u00e7isi, e\u011fitim g\u00f6n\u00fcll\u00fcs\u00fc ve toplum \u00f6nderidir. Hayat\u0131 boyunca hem Ahilik k\u00fclt\u00fcr\u00fcn\u00fc ya\u015fatmak hem de gen\u00e7 nesillere bu k\u00fclt\u00fcr\u00fc aktarmak ad\u0131na \u00f6zveriyle \u00e7al\u0131\u015ft\u0131. T\u00fcrk toplumunun manevi de\u011ferlerine sahip \u00e7\u0131kan \u00f6rnek bir \u015fahsiyet olarak haf\u0131zalara kaz\u0131nd\u0131. K\u0131r\u015fehir\u2019e hizmeti ilke edinmi\u015f bir isim olan Demir, e\u011fitim ve k\u00fclt\u00fcr alan\u0131nda say\u0131s\u0131z katk\u0131lar sunarak \u00f6nemli izler b\u0131rakt\u0131.<\/span><\/p>\n<p><span style=\"font-weight: 400;\">Bug\u00fcn onun ad\u0131, k\u00fclt\u00fcrel mirasa sahip \u00e7\u0131kanlar\u0131n dilinde; onun eserleri ise gelecek nesillere b\u0131rak\u0131lm\u0131\u015f birer emanet olarak ya\u015famaya devam etmektedir.<\/span><\/p>\n","protected":false},"excerpt":{"rendered":"<p>Galip Demir: Bir K\u00fclt\u00fcr ve Ahilik Neferi K\u00fclt\u00fcrel de\u011ferlerin h\u0131zla a\u015f\u0131nd\u0131\u011f\u0131 bir \u00e7a\u011fda, ge\u00e7mi\u015fle gelecek aras\u0131nda k\u00f6pr\u00fc kuran, \u00f6z\u00fcyle s\u00f6z\u00fcyle ya\u015fayan nadir isimlerden biridir Galip Demir. Bu de\u011ferli \u015fahsiyet, yaln\u0131zca bir birey olarak de\u011fil, bir k\u00fclt\u00fcr ta\u015f\u0131y\u0131c\u0131s\u0131, bir e\u011fitim g\u00f6n\u00fcll\u00fcs\u00fc ve Ahilik te\u015fkilat\u0131n\u0131n y\u0131lmaz savunucusu olarak haf\u0131zalarda yer etti.\u00a0 Hayat\u0131n\u0131n her d\u00f6neminde bilgiyi, tecr\u00fcbeyi ve [&hellip;]<\/p>\n","protected":false},"author":1,"featured_media":1017,"comment_status":"open","ping_status":"open","sticky":false,"template":"","format":"standard","meta":{"footnotes":""},"categories":[8],"tags":[],"class_list":["post-1015","post","type-post","status-publish","format-standard","has-post-thumbnail","hentry","category-kirsehir"],"_links":{"self":[{"href":"https:\/\/www.kirsehirses.com\/index.php\/wp-json\/wp\/v2\/posts\/1015","targetHints":{"allow":["GET"]}}],"collection":[{"href":"https:\/\/www.kirsehirses.com\/index.php\/wp-json\/wp\/v2\/posts"}],"about":[{"href":"https:\/\/www.kirsehirses.com\/index.php\/wp-json\/wp\/v2\/types\/post"}],"author":[{"embeddable":true,"href":"https:\/\/www.kirsehirses.com\/index.php\/wp-json\/wp\/v2\/users\/1"}],"replies":[{"embeddable":true,"href":"https:\/\/www.kirsehirses.com\/index.php\/wp-json\/wp\/v2\/comments?post=1015"}],"version-history":[{"count":3,"href":"https:\/\/www.kirsehirses.com\/index.php\/wp-json\/wp\/v2\/posts\/1015\/revisions"}],"predecessor-version":[{"id":1020,"href":"https:\/\/www.kirsehirses.com\/index.php\/wp-json\/wp\/v2\/posts\/1015\/revisions\/1020"}],"wp:featuredmedia":[{"embeddable":true,"href":"https:\/\/www.kirsehirses.com\/index.php\/wp-json\/wp\/v2\/media\/1017"}],"wp:attachment":[{"href":"https:\/\/www.kirsehirses.com\/index.php\/wp-json\/wp\/v2\/media?parent=1015"}],"wp:term":[{"taxonomy":"category","embeddable":true,"href":"https:\/\/www.kirsehirses.com\/index.php\/wp-json\/wp\/v2\/categories?post=1015"},{"taxonomy":"post_tag","embeddable":true,"href":"https:\/\/www.kirsehirses.com\/index.php\/wp-json\/wp\/v2\/tags?post=1015"}],"curies":[{"name":"wp","href":"https:\/\/api.w.org\/{rel}","templated":true}]}}