{"id":1024,"date":"2025-12-04T03:05:36","date_gmt":"2025-12-04T00:05:36","guid":{"rendered":"https:\/\/www.kirsehirses.com\/?p=1024"},"modified":"2025-12-04T03:05:36","modified_gmt":"2025-12-04T00:05:36","slug":"kirsehirde-safran-basarisi-cicekdagi-myoda-deneme-ekimi-sonuc-verdi","status":"publish","type":"post","link":"https:\/\/www.kirsehirses.com\/index.php\/2025\/12\/04\/kirsehirde-safran-basarisi-cicekdagi-myoda-deneme-ekimi-sonuc-verdi\/","title":{"rendered":"K\u0131r\u015fehir&#8217;de Safran Ba\u015far\u0131s\u0131: \u00c7i\u00e7ekda\u011f\u0131 MYO&#8217;da Deneme Ekimi Sonu\u00e7 Verdi"},"content":{"rendered":"<p><strong>K\u0131r\u015fehir&#8217;de Safran Ba\u015far\u0131s\u0131: \u00c7i\u00e7ekda\u011f\u0131 MYO&#8217;da Deneme Ekimi Sonu\u00e7 Verdi<\/strong><\/p>\n<p>K\u0131r\u015fehir\u2019de ilk kez safran bitkisi ba\u015far\u0131yla yeti\u015ftirildi. \u00c7i\u00e7ekda\u011f\u0131 Meslek Y\u00fcksekokulu\u2019nun uygulama alan\u0131nda yap\u0131lan deneme ekiminde, eyl\u00fcl ay\u0131nda dikilen safran so\u011fanlar\u0131 \u00e7i\u00e7ek a\u00e7t\u0131.<\/p>\n<p>\u00c7al\u0131\u015fma, \u00d6\u011fr. G\u00f6r. \u0130brahim Mayda koordinasyonunda y\u00fcr\u00fct\u00fcl\u00fcrken, elde edilen sonu\u00e7lar\u0131n kentin tar\u0131msal \u00e7e\u015fitlili\u011fi a\u00e7\u0131s\u0131ndan \u00f6nemli bir g\u00f6sterge oldu\u011fu belirtildi.<\/p>\n<p>\u00c7i\u00e7ekda\u011f\u0131 MYO M\u00fcd\u00fcr\u00fc Do\u00e7. Dr. Ramazan Yaz\u0131c\u0131, safran\u0131n ekonomik de\u011feri ve iklim tolerans\u0131 sayesinde K\u0131r\u015fehir i\u00e7in alternatif bir \u00fcr\u00fcn olabilece\u011fini ifade ederek, ilerleyen d\u00f6nemde daha kapsaml\u0131 bilimsel \u00e7al\u0131\u015fmalar\u0131n \u00fcniversitenin ilgili akademik birimler taraf\u0131ndan planland\u0131\u011f\u0131n\u0131 a\u00e7\u0131klad\u0131.<\/p>\n","protected":false},"excerpt":{"rendered":"<p>K\u0131r\u015fehir&#8217;de Safran Ba\u015far\u0131s\u0131: \u00c7i\u00e7ekda\u011f\u0131 MYO&#8217;da Deneme Ekimi Sonu\u00e7 Verdi K\u0131r\u015fehir\u2019de ilk kez safran bitkisi ba\u015far\u0131yla yeti\u015ftirildi. \u00c7i\u00e7ekda\u011f\u0131 Meslek Y\u00fcksekokulu\u2019nun uygulama alan\u0131nda yap\u0131lan deneme ekiminde, eyl\u00fcl ay\u0131nda dikilen safran so\u011fanlar\u0131 \u00e7i\u00e7ek a\u00e7t\u0131. \u00c7al\u0131\u015fma, \u00d6\u011fr. G\u00f6r. \u0130brahim Mayda koordinasyonunda y\u00fcr\u00fct\u00fcl\u00fcrken, elde edilen sonu\u00e7lar\u0131n kentin tar\u0131msal \u00e7e\u015fitlili\u011fi a\u00e7\u0131s\u0131ndan \u00f6nemli bir g\u00f6sterge oldu\u011fu belirtildi. \u00c7i\u00e7ekda\u011f\u0131 MYO M\u00fcd\u00fcr\u00fc Do\u00e7. Dr. [&hellip;]<\/p>\n","protected":false},"author":1,"featured_media":1025,"comment_status":"open","ping_status":"open","sticky":false,"template":"","format":"standard","meta":{"footnotes":""},"categories":[8],"tags":[],"class_list":["post-1024","post","type-post","status-publish","format-standard","has-post-thumbnail","hentry","category-kirsehir"],"_links":{"self":[{"href":"https:\/\/www.kirsehirses.com\/index.php\/wp-json\/wp\/v2\/posts\/1024","targetHints":{"allow":["GET"]}}],"collection":[{"href":"https:\/\/www.kirsehirses.com\/index.php\/wp-json\/wp\/v2\/posts"}],"about":[{"href":"https:\/\/www.kirsehirses.com\/index.php\/wp-json\/wp\/v2\/types\/post"}],"author":[{"embeddable":true,"href":"https:\/\/www.kirsehirses.com\/index.php\/wp-json\/wp\/v2\/users\/1"}],"replies":[{"embeddable":true,"href":"https:\/\/www.kirsehirses.com\/index.php\/wp-json\/wp\/v2\/comments?post=1024"}],"version-history":[{"count":1,"href":"https:\/\/www.kirsehirses.com\/index.php\/wp-json\/wp\/v2\/posts\/1024\/revisions"}],"predecessor-version":[{"id":1026,"href":"https:\/\/www.kirsehirses.com\/index.php\/wp-json\/wp\/v2\/posts\/1024\/revisions\/1026"}],"wp:featuredmedia":[{"embeddable":true,"href":"https:\/\/www.kirsehirses.com\/index.php\/wp-json\/wp\/v2\/media\/1025"}],"wp:attachment":[{"href":"https:\/\/www.kirsehirses.com\/index.php\/wp-json\/wp\/v2\/media?parent=1024"}],"wp:term":[{"taxonomy":"category","embeddable":true,"href":"https:\/\/www.kirsehirses.com\/index.php\/wp-json\/wp\/v2\/categories?post=1024"},{"taxonomy":"post_tag","embeddable":true,"href":"https:\/\/www.kirsehirses.com\/index.php\/wp-json\/wp\/v2\/tags?post=1024"}],"curies":[{"name":"wp","href":"https:\/\/api.w.org\/{rel}","templated":true}]}}