{"id":1033,"date":"2025-12-04T03:13:26","date_gmt":"2025-12-04T00:13:26","guid":{"rendered":"https:\/\/www.kirsehirses.com\/?p=1033"},"modified":"2025-12-04T03:13:26","modified_gmt":"2025-12-04T00:13:26","slug":"bozkirin-sesi-muharrem-ertas-aniliyor","status":"publish","type":"post","link":"https:\/\/www.kirsehirses.com\/index.php\/2025\/12\/04\/bozkirin-sesi-muharrem-ertas-aniliyor\/","title":{"rendered":"Bozk\u0131r\u0131n Sesi Muharrem Erta\u015f An\u0131l\u0131yor"},"content":{"rendered":"<p><strong>Bozk\u0131r\u0131n Sesi Muharrem Erta\u015f An\u0131l\u0131yor<\/strong><\/p>\n<p>Bozlak gelene\u011finin en g\u00fc\u00e7l\u00fc temsilcilerinden olan ve 3 Aral\u0131k 1984 tarihinde 71 ya\u015f\u0131nda aram\u0131zdan ayr\u0131lan T\u00fcrk halk m\u00fczi\u011finin unutulmaz ustas\u0131 Muharrem Erta\u015f, \u00f6l\u00fcm y\u0131ld\u00f6n\u00fcm\u00fcnde an\u0131l\u0131yor.<\/p>\n<p>Orta Anadolu\u2019nun k\u00fclt\u00fcrel damar\u0131n\u0131 saz\u0131yla ve sesiyle as\u0131rl\u0131k bir mirasa d\u00f6n\u00fc\u015ft\u00fcren Erta\u015f, b\u0131rakt\u0131\u011f\u0131 eserlerle sayg\u0131yla yad ediliyor.<\/p>\n<p>\u00d6l\u00fcm\u00fcn\u00fcn 41. y\u0131ld\u00f6n\u00fcm\u00fcde K\u0131r\u015fehir Belediyesi ve K\u0131r\u015fehir Ahi Evran \u00dcniversitesi\u2019nce d\u00fczenlenen anma programlar\u0131nda, usta sanat\u00e7\u0131n\u0131n bozlak tavr\u0131n\u0131 ya\u015fatan yerel sanat\u00e7\u0131lar sahne al\u0131rken, Muharrem Erta\u015f\u2019\u0131n o\u011flu Ne\u015fet Erta\u015f ile birlikte t\u00fcm T\u00fcrkiye\u2019ye mal olan t\u00fcrk\u00fcleri yeniden seslendiriliyor.<\/p>\n<p>K\u0131r\u015fehir\u2019in UNESCO M\u00fczik \u015eehri ilan edilmesinde o\u011flu Ne\u015fet Erta\u015f\u2019la birlikte en b\u00fcy\u00fck paya sahip olan Muharrem Usta; hayat\u0131 boyunca s\u00f6zl\u00fc k\u00fclt\u00fcr\u00fcn korunmas\u0131na b\u00fcy\u00fck katk\u0131 sa\u011flam\u0131\u015f, saz\u0131yla Anadolu\u2019nun ac\u0131lar\u0131n\u0131, sevin\u00e7lerini ve hik\u00e2yelerini dile getirerek ku\u015faklar aras\u0131 bir k\u00f6pr\u00fc kurmu\u015ftu.<\/p>\n<p>Sanat camias\u0131, sevenleri ve hem\u015fehrileri, usta bozlak\u00e7\u0131y\u0131 vefat\u0131n\u0131n y\u0131l d\u00f6n\u00fcm\u00fcnde bir kez daha minnet, sayg\u0131 ve \u00f6zlemle an\u0131yor.<\/p>\n","protected":false},"excerpt":{"rendered":"<p>Bozk\u0131r\u0131n Sesi Muharrem Erta\u015f An\u0131l\u0131yor Bozlak gelene\u011finin en g\u00fc\u00e7l\u00fc temsilcilerinden olan ve 3 Aral\u0131k 1984 tarihinde 71 ya\u015f\u0131nda aram\u0131zdan ayr\u0131lan T\u00fcrk halk m\u00fczi\u011finin unutulmaz ustas\u0131 Muharrem Erta\u015f, \u00f6l\u00fcm y\u0131ld\u00f6n\u00fcm\u00fcnde an\u0131l\u0131yor. Orta Anadolu\u2019nun k\u00fclt\u00fcrel damar\u0131n\u0131 saz\u0131yla ve sesiyle as\u0131rl\u0131k bir mirasa d\u00f6n\u00fc\u015ft\u00fcren Erta\u015f, b\u0131rakt\u0131\u011f\u0131 eserlerle sayg\u0131yla yad ediliyor. \u00d6l\u00fcm\u00fcn\u00fcn 41. y\u0131ld\u00f6n\u00fcm\u00fcde K\u0131r\u015fehir Belediyesi ve K\u0131r\u015fehir Ahi [&hellip;]<\/p>\n","protected":false},"author":1,"featured_media":1034,"comment_status":"open","ping_status":"open","sticky":false,"template":"","format":"standard","meta":{"footnotes":""},"categories":[8],"tags":[],"class_list":["post-1033","post","type-post","status-publish","format-standard","has-post-thumbnail","hentry","category-kirsehir"],"_links":{"self":[{"href":"https:\/\/www.kirsehirses.com\/index.php\/wp-json\/wp\/v2\/posts\/1033","targetHints":{"allow":["GET"]}}],"collection":[{"href":"https:\/\/www.kirsehirses.com\/index.php\/wp-json\/wp\/v2\/posts"}],"about":[{"href":"https:\/\/www.kirsehirses.com\/index.php\/wp-json\/wp\/v2\/types\/post"}],"author":[{"embeddable":true,"href":"https:\/\/www.kirsehirses.com\/index.php\/wp-json\/wp\/v2\/users\/1"}],"replies":[{"embeddable":true,"href":"https:\/\/www.kirsehirses.com\/index.php\/wp-json\/wp\/v2\/comments?post=1033"}],"version-history":[{"count":1,"href":"https:\/\/www.kirsehirses.com\/index.php\/wp-json\/wp\/v2\/posts\/1033\/revisions"}],"predecessor-version":[{"id":1035,"href":"https:\/\/www.kirsehirses.com\/index.php\/wp-json\/wp\/v2\/posts\/1033\/revisions\/1035"}],"wp:featuredmedia":[{"embeddable":true,"href":"https:\/\/www.kirsehirses.com\/index.php\/wp-json\/wp\/v2\/media\/1034"}],"wp:attachment":[{"href":"https:\/\/www.kirsehirses.com\/index.php\/wp-json\/wp\/v2\/media?parent=1033"}],"wp:term":[{"taxonomy":"category","embeddable":true,"href":"https:\/\/www.kirsehirses.com\/index.php\/wp-json\/wp\/v2\/categories?post=1033"},{"taxonomy":"post_tag","embeddable":true,"href":"https:\/\/www.kirsehirses.com\/index.php\/wp-json\/wp\/v2\/tags?post=1033"}],"curies":[{"name":"wp","href":"https:\/\/api.w.org\/{rel}","templated":true}]}}