{"id":1036,"date":"2025-12-04T03:33:42","date_gmt":"2025-12-04T00:33:42","guid":{"rendered":"https:\/\/www.kirsehirses.com\/?p=1036"},"modified":"2025-12-04T03:40:18","modified_gmt":"2025-12-04T00:40:18","slug":"beyrutta-kirsehir","status":"publish","type":"post","link":"https:\/\/www.kirsehirses.com\/index.php\/2025\/12\/04\/beyrutta-kirsehir\/","title":{"rendered":"BEYRUT&#8217;TA KIR\u015eEH\u0130R"},"content":{"rendered":"<p><strong>BEYRUT&#8217;TA KIR\u015eEH\u0130R<\/strong><\/p>\n<p style=\"text-align: left;\">K\u0131r\u015fehir&#8217;de do\u011fup b\u00fcy\u00fcm\u00fc\u015f, sonradan Beyrut&#8217;a giderek ticaret hayat\u0131nda \u00f6nemli bir yere gelmi\u015f olan Karabet Kasparian&#8217;\u0131n Beyrut liman\u0131nda demirlemi\u015f \u201cK\u0131r\u015fehir\u201d adl\u0131 \u015filebi g\u00f6r\u00fcnce kaleme ald\u0131\u011f\u0131 i\u00e7li yaz\u0131s\u0131n\u0131 ilk kez bundan elli y\u0131l kadar \u00f6nce \u00e7\u0131kard\u0131\u011f\u0131m \u201cK\u0131r\u015fehir\u201d gazetesinin 29 Haziran 1974 tarihli n\u00fcshas\u0131nda yay\u0131nlam\u0131\u015ft\u0131m. San\u0131r\u0131m buram buram K\u0131r\u015fehir sevgisi ve \u00f6zlemi kokan bu g\u00fczel yaz\u0131y\u0131 okurken siz de duygulanacaks\u0131n\u0131z. Kasparian&#8217;\u0131n arkada\u015f\u0131 \u015eemsi Yast\u0131man&#8217;\u0131n o g\u00fcnlerde bir kez daha yay\u0131nlanmas\u0131n\u0131 istedi\u011fi \u201cBeyrut&#8217;ta K\u0131r\u015fehir\u201d yaz\u0131s\u0131yla onun da ruhu bir kere daha \u015f\u00e2d olacakt\u0131r. \u0130\u015fte o yaz\u0131:<\/p>\n<p style=\"text-align: left;\">Ge\u00e7enlerde bir i\u015f takibi i\u00e7in limana gitmi\u015ftim. S\u0131ra s\u0131ra dizilmi\u015f, irili ufakl\u0131, muhtelif milletlere ait yolcu ve y\u00fck gemileri vard\u0131. Kimisi y\u00fck al\u0131p veriyor, kimisi yolcu indirip bindiriyor, her renkten ve milletten insanlar oraya buraya tel\u00e2\u015fl\u0131 ve sakin gidip geliyorlar. Ben de bunlardan birisi olarak r\u0131ht\u0131m\u0131n demir parmakl\u0131klar\u0131 aras\u0131ndan ilerliyorum. Bacas\u0131nda Devlet Denizyollar\u0131&#8217;n\u0131n armas\u0131 bulunan gemiye gayri ihtiyar\u00ee g\u00f6zlerim tak\u0131ld\u0131. Bir his beni oraya m\u0131hlad\u0131. Geminin ba\u015f taraf\u0131ndaki yaz\u0131y\u0131 okumaya ba\u015flad\u0131m: \u201cK\u0131r-\u015fe-hir&#8230;\u201d<br \/>\nAlllah Allah, hayal mi g\u00f6r\u00fcyorum? \u00c7atallanm\u0131\u015f g\u00f6zlerle harf harf, hece hece tekrar tekrar okuyorum; tamam. Yan\u0131mdan y\u00f6remden gelip ge\u00e7en insanlar, kar\u015f\u0131dan deniz \u00fcst\u00fcnde kesik kesik egzoz sesleri \u00e7\u0131kararak y\u00fczen mavnalar, ileride caddeden v\u0131z\u0131r v\u0131z\u0131r ge\u00e7en renk renk otomobiller&#8230; Demek ki hayal g\u00f6rm\u00fcyorum. Ve biraz ilerimde duran, buram buram duman\u0131 t\u00fcten gemi \u201cK\u0131r\u015fehir\u201d.<\/p>\n<p style=\"text-align: left;\">\u0130\u015fte bu anda gemi g\u00f6z\u00fcm\u00fcn \u00f6n\u00fcnde g\u00fczel \u015fehrimizin ortas\u0131nda y\u00fckselen, her sabah arkada\u015flarla beraber iti\u015fe kak\u0131\u015fa t\u0131rmand\u0131\u011f\u0131m\u0131z Kale oldu. O zamanki \u015fevk ve g\u00fc\u00e7le t\u0131rmanmaya ba\u015flad\u0131m. H\u00fck\u00fbmet Kona\u011f\u0131&#8217;n\u0131n \u00fcst\u00fcnden etraf\u0131 seyre koyuldum. Kar\u015f\u0131mda Obruk bir elmas y\u0131\u011f\u0131n\u0131 heybetiyle p\u0131r\u0131l p\u0131r\u0131l. Sola do\u011fru bakt\u0131k\u00e7a biteviye uzanm\u0131\u015f boz da\u011flar. Akbay\u0131r sevgilisine kollar\u0131n\u0131 a\u00e7m\u0131\u015f, beyaz g\u00f6\u011fs\u00fcne bir gelin safl\u0131\u011f\u0131 ve tazeli\u011fiyle bast\u0131r\u0131yor. Ye\u015fil bir ok gibi Dinekba\u011f\u0131 ve \u00d6z uzan\u0131yor. Biraz daha d\u00f6n\u00fcnce ne tad\u0131na, ne kokusuna \u015fimdiye kadar hi\u00e7bir yerde rastlayamad\u0131\u011f\u0131m \u00fcz\u00fcm ba\u011flar\u0131yla \u00e7evrili K\u0131ndam. Ve nihayet bak\u0131ms\u0131zl\u0131\u011f\u0131n\u0131n ve ilgisizli\u011finin verdi\u011fi utan\u00e7la k\u0131z\u0131la vurmu\u015f \u00c2\u015f\u0131k Pa\u015fa ve t\u00fcrbesi mahzun duruyor.<\/p>\n<p><img loading=\"lazy\" decoding=\"async\" class=\"alignnone size-full wp-image-1037\" src=\"https:\/\/www.kirsehirses.com\/wp-content\/uploads\/2025\/12\/Ekran-goruntusu-2025-12-04-033030.png\" alt=\"\" width=\"626\" height=\"732\" srcset=\"https:\/\/www.kirsehirses.com\/wp-content\/uploads\/2025\/12\/Ekran-goruntusu-2025-12-04-033030.png 626w, https:\/\/www.kirsehirses.com\/wp-content\/uploads\/2025\/12\/Ekran-goruntusu-2025-12-04-033030-257x300.png 257w\" sizes=\"auto, (max-width: 626px) 100vw, 626px\" \/><\/p>\n<p style=\"text-align: left;\">Bu tema\u015fa i\u00e7erisinde \u00d6zba\u011f&#8217;dan beri s\u00fcz\u00fcle s\u00fcz\u00fcle akan, ye\u015fillikler aras\u0131ndan yer yer a\u00e7\u0131lan duvak telleri gibi parlayan K\u0131l\u0131\u00e7\u00f6z\u00fc&#8217;n\u00fc seyrediyorum. Bir sevgili heyecan\u0131yla ko\u015fa ko\u015fa a\u015fa\u011f\u0131 inip kendimi Ekizaras\u0131&#8217;na b\u0131rak\u0131yorum. G\u00fcr dallar\u0131n\u0131 ve yapraklar\u0131n\u0131 \u00e7ay\u0131r\u0131n \u00fcst\u00fcne koruyucu ha\u015fmetiyle germi\u015f bir s\u00f6\u011f\u00fct bedenine s\u0131rt\u0131m\u0131 dayay\u0131p oturuyorum. Sulanm\u0131\u015f ve b\u00fcz\u00fclm\u00fc\u015f g\u00f6zlerle etraf\u0131 seyrediyorum. Ye\u015filin, sar\u0131n\u0131n, morun aras\u0131ndan m\u0131\u015f\u0131l m\u0131\u015f\u0131l akan \u0131rmak bir s\u00f6\u011f\u00fct dal\u0131n\u0131 alm\u0131\u015f g\u00f6t\u00fcr\u00fcyor. Kar\u015f\u0131daki s\u0131ra s\u0131ra muntazam aral\u0131klarla dizilmi\u015f kavak a\u011fa\u00e7lar\u0131 bir vazo g\u00fczelli\u011fiyle mavi g\u00f6\u011fe do\u011fru s\u00fcz\u00fcl\u00fcyor. Bunlar\u0131n aras\u0131nda b\u00fclb\u00fcl\u00fcn, kanaryan\u0131n her cinsi b\u00fct\u00fcn na\u011fmelerini d\u00f6kt\u00fcr\u00fcyorlar. Yer yer f\u0131rlam\u0131\u015f i\u011fde a\u011fa\u00e7lar\u0131n\u0131n tarifi imk\u00e2ns\u0131z kokular\u0131n\u0131 sanki t\u00fckenecekmi\u015f gibi esirgeye esirgeye teneff\u00fcs ediyorum.<\/p>\n<p style=\"text-align: left;\">Belki daha \u00e7ok \u015feyler g\u00f6recek ve duyacakt\u0131m. Geminin kal\u0131n ve uzun uzun \u00f6ten d\u00fcd\u00fc\u011f\u00fcyle uyand\u0131m. Ba\u015f\u0131m\u0131n yar\u0131s\u0131 g\u00f6rebildi\u011fi kadar demir parmakl\u0131klara girmi\u015f, iki kolum parmakl\u0131klara as\u0131lm\u0131\u015f, her pencerede ve g\u00fcvertede arkada\u015flar\u0131m, kom\u015fular\u0131m\u0131z, baba dostlar\u0131m\u0131z sanki el sall\u0131yorlar. Ben de onlara sevgi ve hasretten yap\u0131lm\u0131\u015f buketler yolluyorum.<\/p>\n<p style=\"text-align: left;\">\u0130\u015fte aziz hem\u015fehrilerim, \u201cK\u0131r\u015fehir\u201d mavi denizin enginliklerinde yava\u015f yava\u015f arkas\u0131nda beyaz k\u00f6p\u00fckler ve duman b\u0131rakarak uzakla\u015f\u0131p kayboldu.<\/p>\n<p><strong>Dursun Yast\u0131man <\/strong><\/p>\n","protected":false},"excerpt":{"rendered":"<p>BEYRUT&#8217;TA KIR\u015eEH\u0130R K\u0131r\u015fehir&#8217;de do\u011fup b\u00fcy\u00fcm\u00fc\u015f, sonradan Beyrut&#8217;a giderek ticaret hayat\u0131nda \u00f6nemli bir yere gelmi\u015f olan Karabet Kasparian&#8217;\u0131n Beyrut liman\u0131nda demirlemi\u015f \u201cK\u0131r\u015fehir\u201d adl\u0131 \u015filebi g\u00f6r\u00fcnce kaleme ald\u0131\u011f\u0131 i\u00e7li yaz\u0131s\u0131n\u0131 ilk kez bundan elli y\u0131l kadar \u00f6nce \u00e7\u0131kard\u0131\u011f\u0131m \u201cK\u0131r\u015fehir\u201d gazetesinin 29 Haziran 1974 tarihli n\u00fcshas\u0131nda yay\u0131nlam\u0131\u015ft\u0131m. San\u0131r\u0131m buram buram K\u0131r\u015fehir sevgisi ve \u00f6zlemi kokan bu g\u00fczel yaz\u0131y\u0131 [&hellip;]<\/p>\n","protected":false},"author":1,"featured_media":1040,"comment_status":"open","ping_status":"open","sticky":false,"template":"","format":"standard","meta":{"footnotes":""},"categories":[8],"tags":[],"class_list":["post-1036","post","type-post","status-publish","format-standard","has-post-thumbnail","hentry","category-kirsehir"],"_links":{"self":[{"href":"https:\/\/www.kirsehirses.com\/index.php\/wp-json\/wp\/v2\/posts\/1036","targetHints":{"allow":["GET"]}}],"collection":[{"href":"https:\/\/www.kirsehirses.com\/index.php\/wp-json\/wp\/v2\/posts"}],"about":[{"href":"https:\/\/www.kirsehirses.com\/index.php\/wp-json\/wp\/v2\/types\/post"}],"author":[{"embeddable":true,"href":"https:\/\/www.kirsehirses.com\/index.php\/wp-json\/wp\/v2\/users\/1"}],"replies":[{"embeddable":true,"href":"https:\/\/www.kirsehirses.com\/index.php\/wp-json\/wp\/v2\/comments?post=1036"}],"version-history":[{"count":1,"href":"https:\/\/www.kirsehirses.com\/index.php\/wp-json\/wp\/v2\/posts\/1036\/revisions"}],"predecessor-version":[{"id":1039,"href":"https:\/\/www.kirsehirses.com\/index.php\/wp-json\/wp\/v2\/posts\/1036\/revisions\/1039"}],"wp:featuredmedia":[{"embeddable":true,"href":"https:\/\/www.kirsehirses.com\/index.php\/wp-json\/wp\/v2\/media\/1040"}],"wp:attachment":[{"href":"https:\/\/www.kirsehirses.com\/index.php\/wp-json\/wp\/v2\/media?parent=1036"}],"wp:term":[{"taxonomy":"category","embeddable":true,"href":"https:\/\/www.kirsehirses.com\/index.php\/wp-json\/wp\/v2\/categories?post=1036"},{"taxonomy":"post_tag","embeddable":true,"href":"https:\/\/www.kirsehirses.com\/index.php\/wp-json\/wp\/v2\/tags?post=1036"}],"curies":[{"name":"wp","href":"https:\/\/api.w.org\/{rel}","templated":true}]}}