{"id":1041,"date":"2025-12-07T23:54:20","date_gmt":"2025-12-07T20:54:20","guid":{"rendered":"https:\/\/www.kirsehirses.com\/?p=1041"},"modified":"2025-12-07T23:54:20","modified_gmt":"2025-12-07T20:54:20","slug":"kirsehirde-kasim-ayi-motosiklet-ve-elektrikli-bisiklet-denetimleri-7-bin-132-arac-kontrol-edildi","status":"publish","type":"post","link":"https:\/\/www.kirsehirses.com\/index.php\/2025\/12\/07\/kirsehirde-kasim-ayi-motosiklet-ve-elektrikli-bisiklet-denetimleri-7-bin-132-arac-kontrol-edildi\/","title":{"rendered":"K\u0131r\u015fehir&#8217;de Kas\u0131m Ay\u0131 Motosiklet ve Elektrikli Bisiklet Denetimleri: 7 Bin 132 Ara\u00e7 Kontrol Edildi"},"content":{"rendered":"<p><strong>K\u0131r\u015fehir&#8217;de Kas\u0131m Ay\u0131 Motosiklet ve Elektrikli Bisiklet Denetimleri: 7 Bin 132 Ara\u00e7 Kontrol Edildi<\/strong><\/p>\n<article class=\"text-token-text-primary w-full focus:outline-none [--shadow-height:45px] has-data-writing-block:pointer-events-none has-data-writing-block:-mt-(--shadow-height) has-data-writing-block:pt-(--shadow-height) [&amp;:has([data-writing-block])&gt;*]:pointer-events-auto [content-visibility:auto] supports-[content-visibility:auto]:[contain-intrinsic-size:auto_100lvh] scroll-mt-[calc(var(--header-height)+min(200px,max(70px,20svh)))]\" dir=\"auto\" tabindex=\"-1\" data-turn-id=\"89117cfc-1981-49c9-a937-9b73e4645db2\" data-testid=\"conversation-turn-2\" data-scroll-anchor=\"true\" data-turn=\"assistant\">\n<div class=\"text-base my-auto mx-auto pb-10 [--thread-content-margin:--spacing(4)] @w-sm\/main:[--thread-content-margin:--spacing(6)] @w-lg\/main:[--thread-content-margin:--spacing(16)] px-(--thread-content-margin)\">\n<div class=\"[--thread-content-max-width:40rem] @w-lg\/main:[--thread-content-max-width:48rem] mx-auto max-w-(--thread-content-max-width) flex-1 group\/turn-messages focus-visible:outline-hidden relative flex w-full min-w-0 flex-col agent-turn\" tabindex=\"-1\">\n<div class=\"flex max-w-full flex-col grow\">\n<div class=\"min-h-8 text-message relative flex w-full flex-col items-end gap-2 text-start break-words whitespace-normal [.text-message+&amp;]:mt-1\" dir=\"auto\" data-message-author-role=\"assistant\" data-message-id=\"e16b59fe-e72f-48f4-b111-d69beaea83a8\" data-message-model-slug=\"gpt-5-1\">\n<div class=\"flex w-full flex-col gap-1 empty:hidden first:pt-[1px]\">\n<div class=\"markdown prose dark:prose-invert w-full break-words light markdown-new-styling\">\n<p data-start=\"0\" data-end=\"312\">K\u0131r\u015fehir\u2019de kas\u0131m ay\u0131 boyunca motosiklet ve elektrikli bisiklet kullan\u0131m\u0131na y\u00f6nelik ger\u00e7ekle\u015ftirilen trafik denetimlerinde toplam <strong data-start=\"130\" data-end=\"156\">2.188 adet idari i\u015flem<\/strong> uyguland\u0131. \u0130l genelinde s\u00fcrd\u00fcr\u00fclen kontrollerde, \u00f6zellikle \u015fehir merkezi ve yo\u011fun yaya\u2013ara\u00e7 trafi\u011finin bulundu\u011fu b\u00f6lgelerde \u00e7ok say\u0131da ihlal tespit edildi.<\/p>\n<p data-start=\"314\" data-end=\"609\">Denetimlerde en s\u0131k kar\u015f\u0131la\u015f\u0131lan ihlallerin ba\u015f\u0131nda <strong data-start=\"366\" data-end=\"382\">kask takmama<\/strong> \u00e7\u0131kt\u0131. Trafik ekipleri, g\u00fcvenlik a\u00e7\u0131s\u0131ndan zorunlu olmas\u0131na ra\u011fmen koruyucu ekipman kullanmayan <strong data-start=\"479\" data-end=\"499\">92 s\u00fcr\u00fcc\u00fcye ceza<\/strong> uygulad\u0131. Kask kullan\u0131m oran\u0131ndaki d\u00fc\u015f\u00fckl\u00fck, denetimlerdeki \u00f6ncelikli alanlardan biri olarak de\u011ferlendirildi.<\/p>\n<p data-start=\"611\" data-end=\"903\">Bir di\u011fer \u00f6nemli ihlal ise <strong data-start=\"638\" data-end=\"667\">ehliyetsiz ara\u00e7 kullan\u0131m\u0131<\/strong> oldu. Yetkili makamlar taraf\u0131ndan yap\u0131lan a\u00e7\u0131klamaya g\u00f6re, <strong data-start=\"727\" data-end=\"785\">54 s\u00fcr\u00fcc\u00fcn\u00fcn gerekli s\u00fcr\u00fcc\u00fc belgelerine sahip olmad\u0131\u011f\u0131<\/strong> belirlendi. Ehliyetsiz kullan\u0131m\u0131n \u00f6zellikle kazalara do\u011frudan etki eden riskli davran\u0131\u015flardan biri oldu\u011fu vurguland\u0131.<\/p>\n<p data-start=\"905\" data-end=\"1219\">Yaya \u00f6nceli\u011finin ihlal edildi\u011fi durumlar da dikkat \u00e7ekti. Yaya ge\u00e7itlerinde durmas\u0131 gerekirken kurala uymayan <strong data-start=\"1015\" data-end=\"1036\">39 s\u00fcr\u00fcc\u00fcye i\u015flem<\/strong> yap\u0131ld\u0131. Trafik ekipleri, \u015fehir i\u00e7indeki yaya hareketlili\u011finin yo\u011funlu\u011funa i\u015faret ederek bu t\u00fcr ihlallerin hem yayalar hem s\u00fcr\u00fcc\u00fcler a\u00e7\u0131s\u0131ndan ciddi tehlike olu\u015fturdu\u011funu ifade etti.<\/p>\n<p data-start=\"1221\" data-end=\"1253\">Kas\u0131m ay\u0131 denetimlerinde ayr\u0131ca:<\/p>\n<ul data-start=\"1254\" data-end=\"1454\">\n<li data-start=\"1254\" data-end=\"1335\">\n<p data-start=\"1256\" data-end=\"1335\"><strong data-start=\"1256\" data-end=\"1272\">15 s\u00fcr\u00fcc\u00fcn\u00fcn<\/strong> ters \u015feride girdi\u011fi veya tehlikeli \u015fekilde \u015ferit de\u011fi\u015ftirdi\u011fi,<\/p>\n<\/li>\n<li data-start=\"1336\" data-end=\"1383\">\n<p data-start=\"1338\" data-end=\"1383\"><strong data-start=\"1338\" data-end=\"1354\">13 s\u00fcr\u00fcc\u00fcn\u00fcn<\/strong> k\u0131rm\u0131z\u0131 \u0131\u015f\u0131k ihlali yapt\u0131\u011f\u0131,<\/p>\n<\/li>\n<li data-start=\"1384\" data-end=\"1454\">\n<p data-start=\"1386\" data-end=\"1454\"><strong data-start=\"1386\" data-end=\"1401\">7 s\u00fcr\u00fcc\u00fcn\u00fcn<\/strong> ise ekiplerin \u201cdur\u201d ihtar\u0131na uymad\u0131\u011f\u0131 tespit edildi.<\/p>\n<\/li>\n<\/ul>\n<p data-start=\"1456\" data-end=\"1748\">Trafik ekipleri, motosiklet ve elektrikli bisiklet kullan\u0131m\u0131ndaki art\u0131\u015fa paralel olarak denetimlerin \u00f6zellikle son aylarda s\u0131kla\u015ft\u0131r\u0131ld\u0131\u011f\u0131n\u0131 belirtti. Kent genelinde s\u00fcrd\u00fcr\u00fclen \u00e7al\u0131\u015fmalar\u0131n, kazalar\u0131n azalt\u0131lmas\u0131 ve trafik g\u00fcvenli\u011finin art\u0131r\u0131lmas\u0131 amac\u0131yla aral\u0131ks\u0131z devam edece\u011fi bildirildi.<\/p>\n<p data-start=\"1750\" data-end=\"1994\" data-is-last-node=\"\" data-is-only-node=\"\">Yetkililer, s\u00fcr\u00fcc\u00fclerin kurallara uymas\u0131 gerekti\u011fini, \u00f6zellikle kask kullan\u0131m\u0131, yaya \u00f6nceli\u011fi ve trafik \u0131\u015f\u0131klar\u0131na riayet edilmesinin hayati \u00f6nem ta\u015f\u0131d\u0131\u011f\u0131n\u0131 vurgulad\u0131. Denetimlerin \u00f6n\u00fcm\u00fczdeki d\u00f6nemde de ayn\u0131 kapsamda s\u00fcrd\u00fcr\u00fclece\u011fi ifade edildi.<\/p>\n<\/div>\n<\/div>\n<\/div>\n<\/div>\n<div class=\"z-0 flex min-h-[46px] justify-start\"><\/div>\n<div class=\"mt-3 w-full empty:hidden\">\n<div class=\"text-center\"><\/div>\n<\/div>\n<\/div>\n<\/div>\n<\/article>\n<div class=\"pointer-events-none h-px w-px\" aria-hidden=\"true\" data-edge=\"true\"><\/div>\n","protected":false},"excerpt":{"rendered":"<p>K\u0131r\u015fehir&#8217;de Kas\u0131m Ay\u0131 Motosiklet ve Elektrikli Bisiklet Denetimleri: 7 Bin 132 Ara\u00e7 Kontrol Edildi K\u0131r\u015fehir\u2019de kas\u0131m ay\u0131 boyunca motosiklet ve elektrikli bisiklet kullan\u0131m\u0131na y\u00f6nelik ger\u00e7ekle\u015ftirilen trafik denetimlerinde toplam 2.188 adet idari i\u015flem uyguland\u0131. \u0130l genelinde s\u00fcrd\u00fcr\u00fclen kontrollerde, \u00f6zellikle \u015fehir merkezi ve yo\u011fun yaya\u2013ara\u00e7 trafi\u011finin bulundu\u011fu b\u00f6lgelerde \u00e7ok say\u0131da ihlal tespit edildi. Denetimlerde en s\u0131k kar\u015f\u0131la\u015f\u0131lan [&hellip;]<\/p>\n","protected":false},"author":1,"featured_media":1042,"comment_status":"open","ping_status":"open","sticky":false,"template":"","format":"standard","meta":{"footnotes":""},"categories":[8],"tags":[],"class_list":["post-1041","post","type-post","status-publish","format-standard","has-post-thumbnail","hentry","category-kirsehir"],"_links":{"self":[{"href":"https:\/\/www.kirsehirses.com\/index.php\/wp-json\/wp\/v2\/posts\/1041","targetHints":{"allow":["GET"]}}],"collection":[{"href":"https:\/\/www.kirsehirses.com\/index.php\/wp-json\/wp\/v2\/posts"}],"about":[{"href":"https:\/\/www.kirsehirses.com\/index.php\/wp-json\/wp\/v2\/types\/post"}],"author":[{"embeddable":true,"href":"https:\/\/www.kirsehirses.com\/index.php\/wp-json\/wp\/v2\/users\/1"}],"replies":[{"embeddable":true,"href":"https:\/\/www.kirsehirses.com\/index.php\/wp-json\/wp\/v2\/comments?post=1041"}],"version-history":[{"count":1,"href":"https:\/\/www.kirsehirses.com\/index.php\/wp-json\/wp\/v2\/posts\/1041\/revisions"}],"predecessor-version":[{"id":1043,"href":"https:\/\/www.kirsehirses.com\/index.php\/wp-json\/wp\/v2\/posts\/1041\/revisions\/1043"}],"wp:featuredmedia":[{"embeddable":true,"href":"https:\/\/www.kirsehirses.com\/index.php\/wp-json\/wp\/v2\/media\/1042"}],"wp:attachment":[{"href":"https:\/\/www.kirsehirses.com\/index.php\/wp-json\/wp\/v2\/media?parent=1041"}],"wp:term":[{"taxonomy":"category","embeddable":true,"href":"https:\/\/www.kirsehirses.com\/index.php\/wp-json\/wp\/v2\/categories?post=1041"},{"taxonomy":"post_tag","embeddable":true,"href":"https:\/\/www.kirsehirses.com\/index.php\/wp-json\/wp\/v2\/tags?post=1041"}],"curies":[{"name":"wp","href":"https:\/\/api.w.org\/{rel}","templated":true}]}}