{"id":1044,"date":"2025-12-07T23:57:39","date_gmt":"2025-12-07T20:57:39","guid":{"rendered":"https:\/\/www.kirsehirses.com\/?p=1044"},"modified":"2025-12-07T23:57:39","modified_gmt":"2025-12-07T20:57:39","slug":"kirsehirde-hastane-deresi-sel-kapani-projesinde-inceleme","status":"publish","type":"post","link":"https:\/\/www.kirsehirses.com\/index.php\/2025\/12\/07\/kirsehirde-hastane-deresi-sel-kapani-projesinde-inceleme\/","title":{"rendered":"K\u0131r\u015fehir\u2019de Hastane Deresi Sel Kapan\u0131 Projesinde \u0130nceleme"},"content":{"rendered":"<p data-start=\"134\" data-end=\"195\"><strong data-start=\"134\" data-end=\"195\">K\u0131r\u015fehir\u2019de Hastane Deresi Sel Kapan\u0131 Projesinde \u0130nceleme<\/strong><\/p>\n<p data-start=\"197\" data-end=\"510\">K\u0131r\u015fehir \u015fehir merkezinde olas\u0131 sel riskini azaltmak amac\u0131yla y\u00fcr\u00fct\u00fclen <strong data-start=\"269\" data-end=\"306\">Hastane Deresi Sel Kapan\u0131 Projesi<\/strong> kapsam\u0131nda \u00e7al\u0131\u015fmalar devam ediyor. Proje sahas\u0131nda yap\u0131lan incelemelerde, <strong data-start=\"382\" data-end=\"414\">DS\u0130 B\u00f6lge M\u00fcd\u00fcr\u00fc Rahmi \u015eahin<\/strong> ve kurumun teknik ekibi, sahadaki son durum ve y\u00fcr\u00fct\u00fclen i\u015flemler hakk\u0131nda bilgilendirme yapt\u0131.<\/p>\n<p data-start=\"512\" data-end=\"835\">Sel kapan\u0131 yap\u0131m\u0131n\u0131n, \u00f6zellikle yo\u011fun ya\u011f\u0131\u015f d\u00f6nemlerinde \u015fehir merkezinde ya\u015fanabilecek ta\u015fk\u0131nlar\u0131n \u00f6n\u00fcne ge\u00e7mek i\u00e7in kritik bir \u00f6neme sahip oldu\u011fu belirtiliyor. Proje kapsam\u0131nda dere yata\u011f\u0131n\u0131n d\u00fczenlenmesi, su ak\u0131\u015f\u0131n\u0131n kontrol alt\u0131na al\u0131nmas\u0131 ve ta\u015fk\u0131n riskinin minimize edilmesine y\u00f6nelik kapsaml\u0131 \u00e7al\u0131\u015fmalar y\u00fcr\u00fct\u00fcl\u00fcyor.<\/p>\n<p data-start=\"837\" data-end=\"1213\">\u0130ncelemelerde, in\u015faat\u0131n planlanan takvim do\u011frultusunda ilerledi\u011fi, teknik ekiplerin sahada hem altyap\u0131 g\u00fc\u00e7lendirme hem de g\u00fcvenlik \u00f6nlemleri a\u00e7\u0131s\u0131ndan e\u015f zamanl\u0131 faaliyet y\u00fcr\u00fctt\u00fc\u011f\u00fc ifade edildi. \u00c7al\u0131\u015fmalar\u0131n tamamlanmas\u0131yla birlikte, \u015fehir merkezinde \u00f6zellikle ge\u00e7mi\u015f y\u0131llarda sorun ya\u015fanan noktalarda sel ve ta\u015fk\u0131n kaynakl\u0131 risklerin belirgin \u00f6l\u00e7\u00fcde d\u00fc\u015f\u00fcr\u00fclmesi hedefleniyor.<\/p>\n<p data-start=\"1215\" data-end=\"1433\">Yetkililer, sel kapan\u0131 projesinin sadece mevcut riskleri azaltmakla kalmayaca\u011f\u0131n\u0131, ayn\u0131 zamanda kent genelindeki su y\u00f6netimi kapasitesini art\u0131rarak uzun vadede daha g\u00fcvenli bir \u015fehir altyap\u0131s\u0131 olu\u015fturaca\u011f\u0131n\u0131 vurgulad\u0131.<\/p>\n<p data-start=\"1435\" data-end=\"1687\" data-is-last-node=\"\" data-is-only-node=\"\">Proje sahas\u0131nda ger\u00e7ekle\u015ftirilen incelemenin ard\u0131ndan, \u00e7al\u0131\u015fmalarda g\u00f6rev alan kurum personeline y\u00fcr\u00fctt\u00fckleri emek ve katk\u0131lar nedeniyle te\u015fekk\u00fcr edildi. \u00c7al\u0131\u015fmalar\u0131n planlanan \u015fekilde s\u00fcrd\u00fcr\u00fclerek projenin belirlenen tarihte tamamlanmas\u0131 hedefleniyor.<\/p>\n","protected":false},"excerpt":{"rendered":"<p>K\u0131r\u015fehir\u2019de Hastane Deresi Sel Kapan\u0131 Projesinde \u0130nceleme K\u0131r\u015fehir \u015fehir merkezinde olas\u0131 sel riskini azaltmak amac\u0131yla y\u00fcr\u00fct\u00fclen Hastane Deresi Sel Kapan\u0131 Projesi kapsam\u0131nda \u00e7al\u0131\u015fmalar devam ediyor. Proje sahas\u0131nda yap\u0131lan incelemelerde, DS\u0130 B\u00f6lge M\u00fcd\u00fcr\u00fc Rahmi \u015eahin ve kurumun teknik ekibi, sahadaki son durum ve y\u00fcr\u00fct\u00fclen i\u015flemler hakk\u0131nda bilgilendirme yapt\u0131. Sel kapan\u0131 yap\u0131m\u0131n\u0131n, \u00f6zellikle yo\u011fun ya\u011f\u0131\u015f d\u00f6nemlerinde \u015fehir [&hellip;]<\/p>\n","protected":false},"author":1,"featured_media":1045,"comment_status":"open","ping_status":"open","sticky":false,"template":"","format":"standard","meta":{"footnotes":""},"categories":[8],"tags":[],"class_list":["post-1044","post","type-post","status-publish","format-standard","has-post-thumbnail","hentry","category-kirsehir"],"_links":{"self":[{"href":"https:\/\/www.kirsehirses.com\/index.php\/wp-json\/wp\/v2\/posts\/1044","targetHints":{"allow":["GET"]}}],"collection":[{"href":"https:\/\/www.kirsehirses.com\/index.php\/wp-json\/wp\/v2\/posts"}],"about":[{"href":"https:\/\/www.kirsehirses.com\/index.php\/wp-json\/wp\/v2\/types\/post"}],"author":[{"embeddable":true,"href":"https:\/\/www.kirsehirses.com\/index.php\/wp-json\/wp\/v2\/users\/1"}],"replies":[{"embeddable":true,"href":"https:\/\/www.kirsehirses.com\/index.php\/wp-json\/wp\/v2\/comments?post=1044"}],"version-history":[{"count":1,"href":"https:\/\/www.kirsehirses.com\/index.php\/wp-json\/wp\/v2\/posts\/1044\/revisions"}],"predecessor-version":[{"id":1046,"href":"https:\/\/www.kirsehirses.com\/index.php\/wp-json\/wp\/v2\/posts\/1044\/revisions\/1046"}],"wp:featuredmedia":[{"embeddable":true,"href":"https:\/\/www.kirsehirses.com\/index.php\/wp-json\/wp\/v2\/media\/1045"}],"wp:attachment":[{"href":"https:\/\/www.kirsehirses.com\/index.php\/wp-json\/wp\/v2\/media?parent=1044"}],"wp:term":[{"taxonomy":"category","embeddable":true,"href":"https:\/\/www.kirsehirses.com\/index.php\/wp-json\/wp\/v2\/categories?post=1044"},{"taxonomy":"post_tag","embeddable":true,"href":"https:\/\/www.kirsehirses.com\/index.php\/wp-json\/wp\/v2\/tags?post=1044"}],"curies":[{"name":"wp","href":"https:\/\/api.w.org\/{rel}","templated":true}]}}