{"id":1047,"date":"2025-12-08T00:00:34","date_gmt":"2025-12-07T21:00:34","guid":{"rendered":"https:\/\/www.kirsehirses.com\/?p=1047"},"modified":"2025-12-08T00:00:34","modified_gmt":"2025-12-07T21:00:34","slug":"gol-hisar-goleti-temizlenecek","status":"publish","type":"post","link":"https:\/\/www.kirsehirses.com\/index.php\/2025\/12\/08\/gol-hisar-goleti-temizlenecek\/","title":{"rendered":"G\u00f6l Hisar G\u00f6leti Temizlenecek"},"content":{"rendered":"<p><strong>G\u00f6l Hisar G\u00f6leti Temizlenecek<\/strong><\/p>\n<p data-start=\"177\" data-end=\"428\">K\u0131r\u015fehir Valisi Murat Sefa Demiry\u00fcrek, yaz aylar\u0131nda kent halk\u0131n\u0131n en fazla ziyaret etti\u011fi mesire alanlar\u0131ndan biri olan <strong data-start=\"298\" data-end=\"317\">G\u00f6lhisar G\u00f6leti<\/strong>nde incelemelerde bulundu. \u0130ncelemeye, <strong data-start=\"356\" data-end=\"392\">DS\u0130 12. B\u00f6lge M\u00fcd\u00fcr\u00fc Rahmi \u015eahin<\/strong> ve kurumun teknik ekibi de kat\u0131ld\u0131.<\/p>\n<p data-start=\"430\" data-end=\"678\">Yap\u0131lan ziyarette, g\u00f6lette planlanan <strong data-start=\"467\" data-end=\"509\">temizlik ve iyile\u015ftirme \u00e7al\u0131\u015fmalar\u0131n\u0131n<\/strong> kapsam\u0131 de\u011ferlendirildi. Teknik ekip, alanda y\u00fcr\u00fct\u00fclmesi gereken i\u015flemler, g\u00f6let taban\u0131ndaki birikintiler, su kalitesi ve \u00e7evresel etkiler hakk\u0131nda bilgilendirme yapt\u0131.<\/p>\n<p data-start=\"680\" data-end=\"957\">G\u00f6lhisar G\u00f6leti\u2019nin \u00f6zellikle yaz d\u00f6neminde piknik ve dinlenme ama\u00e7l\u0131 kullan\u0131lan yo\u011fun bir alan oldu\u011funa dikkat \u00e7ekildi. Mesire alan\u0131n\u0131n merkezinde yer alan g\u00f6letin daha sa\u011fl\u0131kl\u0131 ve g\u00fcvenli bir g\u00f6r\u00fcn\u00fcme kavu\u015fturulmas\u0131 i\u00e7in temizlik \u00e7al\u0131\u015fmalar\u0131n\u0131n \u00f6ncelik ta\u015f\u0131d\u0131\u011f\u0131 ifade edildi.<\/p>\n<p data-start=\"959\" data-end=\"1106\">Vali Demiry\u00fcrek inceleme s\u0131ras\u0131nda, mesire alan\u0131n\u0131n kent sakinleri i\u00e7in \u00f6nemli bir sosyal ya\u015fam alan\u0131 oldu\u011funu belirterek \u015fu de\u011ferlendirmeyi yapt\u0131:<\/p>\n<p data-start=\"1108\" data-end=\"1326\">\u201cG\u00f6lhisar piknik alan\u0131 halk\u0131m\u0131z\u0131n nefes ald\u0131\u011f\u0131 yerler aras\u0131nda bulunuyor. G\u00f6letin daha sa\u011fl\u0131kl\u0131 bir \u015fekilde vatanda\u015flar\u0131n kullan\u0131m\u0131na sunulabilmesi i\u00e7in yap\u0131lacak temizlik \u00e7al\u0131\u015fmas\u0131n\u0131 ilgili kurumlarla koordine ettik.\u201d<\/p>\n<p data-start=\"1328\" data-end=\"1591\">Temizlik faaliyetlerinin k\u0131sa s\u00fcre i\u00e7inde ba\u015flamas\u0131 ve g\u00f6letteki \u00e7al\u0131\u015fmalar\u0131n etaplar halinde y\u00fcr\u00fct\u00fclmesi planlan\u0131yor. Yap\u0131lacak d\u00fczenlemelerin, hem g\u00f6letin g\u00f6r\u00fcn\u00fcm\u00fcn\u00fc iyile\u015ftirmesi hem de \u00e7evredeki rekreasyon alanlar\u0131n\u0131n kullan\u0131m kalitesini art\u0131rmas\u0131 bekleniyor.<\/p>\n<p data-start=\"1593\" data-end=\"1804\" data-is-last-node=\"\" data-is-only-node=\"\">Yetkililer, \u00e7al\u0131\u015fman\u0131n tamamlanmas\u0131n\u0131n ard\u0131ndan g\u00f6let \u00e7evresinin daha g\u00fcvenli, temiz ve kullan\u0131\u015fl\u0131 bir yap\u0131ya kavu\u015faca\u011f\u0131n\u0131 belirtti. G\u00f6letteki geli\u015fmelerin \u00f6n\u00fcm\u00fczdeki d\u00f6nemde kamuoyuyla payla\u015f\u0131laca\u011f\u0131 bildirildi.<\/p>\n","protected":false},"excerpt":{"rendered":"<p>G\u00f6l Hisar G\u00f6leti Temizlenecek K\u0131r\u015fehir Valisi Murat Sefa Demiry\u00fcrek, yaz aylar\u0131nda kent halk\u0131n\u0131n en fazla ziyaret etti\u011fi mesire alanlar\u0131ndan biri olan G\u00f6lhisar G\u00f6letinde incelemelerde bulundu. \u0130ncelemeye, DS\u0130 12. B\u00f6lge M\u00fcd\u00fcr\u00fc Rahmi \u015eahin ve kurumun teknik ekibi de kat\u0131ld\u0131. Yap\u0131lan ziyarette, g\u00f6lette planlanan temizlik ve iyile\u015ftirme \u00e7al\u0131\u015fmalar\u0131n\u0131n kapsam\u0131 de\u011ferlendirildi. Teknik ekip, alanda y\u00fcr\u00fct\u00fclmesi gereken i\u015flemler, g\u00f6let [&hellip;]<\/p>\n","protected":false},"author":1,"featured_media":1048,"comment_status":"open","ping_status":"open","sticky":false,"template":"","format":"standard","meta":{"footnotes":""},"categories":[8],"tags":[],"class_list":["post-1047","post","type-post","status-publish","format-standard","has-post-thumbnail","hentry","category-kirsehir"],"_links":{"self":[{"href":"https:\/\/www.kirsehirses.com\/index.php\/wp-json\/wp\/v2\/posts\/1047","targetHints":{"allow":["GET"]}}],"collection":[{"href":"https:\/\/www.kirsehirses.com\/index.php\/wp-json\/wp\/v2\/posts"}],"about":[{"href":"https:\/\/www.kirsehirses.com\/index.php\/wp-json\/wp\/v2\/types\/post"}],"author":[{"embeddable":true,"href":"https:\/\/www.kirsehirses.com\/index.php\/wp-json\/wp\/v2\/users\/1"}],"replies":[{"embeddable":true,"href":"https:\/\/www.kirsehirses.com\/index.php\/wp-json\/wp\/v2\/comments?post=1047"}],"version-history":[{"count":1,"href":"https:\/\/www.kirsehirses.com\/index.php\/wp-json\/wp\/v2\/posts\/1047\/revisions"}],"predecessor-version":[{"id":1049,"href":"https:\/\/www.kirsehirses.com\/index.php\/wp-json\/wp\/v2\/posts\/1047\/revisions\/1049"}],"wp:featuredmedia":[{"embeddable":true,"href":"https:\/\/www.kirsehirses.com\/index.php\/wp-json\/wp\/v2\/media\/1048"}],"wp:attachment":[{"href":"https:\/\/www.kirsehirses.com\/index.php\/wp-json\/wp\/v2\/media?parent=1047"}],"wp:term":[{"taxonomy":"category","embeddable":true,"href":"https:\/\/www.kirsehirses.com\/index.php\/wp-json\/wp\/v2\/categories?post=1047"},{"taxonomy":"post_tag","embeddable":true,"href":"https:\/\/www.kirsehirses.com\/index.php\/wp-json\/wp\/v2\/tags?post=1047"}],"curies":[{"name":"wp","href":"https:\/\/api.w.org\/{rel}","templated":true}]}}