{"id":1050,"date":"2025-12-08T00:03:39","date_gmt":"2025-12-07T21:03:39","guid":{"rendered":"https:\/\/www.kirsehirses.com\/?p=1050"},"modified":"2025-12-08T00:03:39","modified_gmt":"2025-12-07T21:03:39","slug":"kirsehirde-saglikli-hayat-merkezinde-inceleme-gerceklestirildi","status":"publish","type":"post","link":"https:\/\/www.kirsehirses.com\/index.php\/2025\/12\/08\/kirsehirde-saglikli-hayat-merkezinde-inceleme-gerceklestirildi\/","title":{"rendered":"K\u0131r\u015fehir\u2019de Sa\u011fl\u0131kl\u0131 Hayat Merkezi\u2019nde \u0130nceleme Ger\u00e7ekle\u015ftirildi"},"content":{"rendered":"<p data-start=\"293\" data-end=\"618\">K\u0131r\u015fehir Valisi <strong data-start=\"309\" data-end=\"334\">Murat Sefa Demiry\u00fcrek<\/strong>, kentte koruyucu sa\u011fl\u0131k hizmetlerini g\u00fc\u00e7lendirmek amac\u0131yla faaliyet g\u00f6steren <strong data-start=\"412\" data-end=\"438\">Sa\u011fl\u0131kl\u0131 Hayat Merkezi<\/strong>nde incelemelerde bulundu. Ziyarette, merkezde sunulan sa\u011fl\u0131k hizmetleri, y\u00fcr\u00fct\u00fclen \u00e7al\u0131\u015fmalar ve birimlerin i\u015fleyi\u015fi hakk\u0131nda yetkililer taraf\u0131ndan kapsaml\u0131 bilgilendirme yap\u0131ld\u0131.<\/p>\n<p data-start=\"620\" data-end=\"906\">Sa\u011fl\u0131kl\u0131 Hayat Merkezi\u2019nin, toplumun sa\u011fl\u0131k okuryazarl\u0131\u011f\u0131n\u0131 art\u0131rmak ve sa\u011fl\u0131kl\u0131 ya\u015fam davran\u0131\u015flar\u0131n\u0131 te\u015fvik etmek amac\u0131yla hizmet verdi\u011fi belirtildi. Merkezde bir\u00e7ok farkl\u0131 birim, vatanda\u015flar\u0131n koruyucu ve \u00f6nleyici sa\u011fl\u0131k hizmetlerine eri\u015fimini kolayla\u015ft\u0131rmak \u00fczere faaliyet y\u00fcr\u00fct\u00fcyor.<\/p>\n<p data-start=\"908\" data-end=\"961\">Merkezde yer alan birimler aras\u0131nda \u015funlar bulunuyor:<\/p>\n<ul data-start=\"963\" data-end=\"1341\">\n<li data-start=\"963\" data-end=\"994\">\n<p data-start=\"965\" data-end=\"994\"><strong data-start=\"965\" data-end=\"992\">Verem Sava\u015f Poliklini\u011fi<\/strong><\/p>\n<\/li>\n<li data-start=\"995\" data-end=\"1056\">\n<p data-start=\"997\" data-end=\"1056\"><strong data-start=\"997\" data-end=\"1054\">Kanser Erken Te\u015fhis, Tarama ve E\u011fitim Merkezi (KETEM)<\/strong><\/p>\n<\/li>\n<li data-start=\"1057\" data-end=\"1096\">\n<p data-start=\"1059\" data-end=\"1096\"><strong data-start=\"1059\" data-end=\"1094\">A\u011f\u0131z ve Di\u015f Sa\u011fl\u0131\u011f\u0131 Poliklini\u011fi<\/strong><\/p>\n<\/li>\n<li data-start=\"1097\" data-end=\"1135\">\n<p data-start=\"1099\" data-end=\"1135\"><strong data-start=\"1099\" data-end=\"1133\">Yabanc\u0131 Uyruklular Poliklini\u011fi<\/strong><\/p>\n<\/li>\n<li data-start=\"1136\" data-end=\"1199\">\n<p data-start=\"1138\" data-end=\"1199\"><strong data-start=\"1138\" data-end=\"1197\">Gebe Okulu, Aile Planlamas\u0131 ve \u00c7ocuk Geli\u015fimi birimleri<\/strong><\/p>\n<\/li>\n<li data-start=\"1200\" data-end=\"1270\">\n<p data-start=\"1202\" data-end=\"1270\"><strong data-start=\"1202\" data-end=\"1268\">Psikolog, diyetisyen, sigara b\u0131rakma ve fizyoterapi hizmetleri<\/strong><\/p>\n<\/li>\n<li data-start=\"1271\" data-end=\"1341\">\n<p data-start=\"1273\" data-end=\"1341\">\u00c7ocuklar ve yeti\u015fkinler i\u00e7in olu\u015fturulmu\u015f <strong data-start=\"1315\" data-end=\"1341\">oyun ve spor salonlar\u0131<\/strong><\/p>\n<\/li>\n<\/ul>\n<p data-start=\"1343\" data-end=\"1693\">\u0130ncelemede, koruyucu sa\u011fl\u0131k hizmetlerinin etkinli\u011finin art\u0131r\u0131lmas\u0131 ve merkezdeki hizmetlerin daha geni\u015f kitlelere ula\u015ft\u0131r\u0131lmas\u0131na y\u00f6nelik planlamalar de\u011ferlendirildi. Vali Demiry\u00fcrek, merkezin halk sa\u011fl\u0131\u011f\u0131 a\u00e7\u0131s\u0131ndan \u00f6nemli bir g\u00f6rev \u00fcstlendi\u011fini belirterek koruyucu hizmetlerin g\u00fc\u00e7lendirilmesi i\u00e7in s\u00fcrd\u00fcr\u00fclen \u00e7al\u0131\u015fmalar\u0131n devam edece\u011fini ifade etti.<\/p>\n<p data-start=\"1695\" data-end=\"1983\" data-is-last-node=\"\" data-is-only-node=\"\">Yetkililer, merkezin toplum sa\u011fl\u0131\u011f\u0131n\u0131 geli\u015ftirmeye y\u00f6nelik e\u011fitim, tarama ve dan\u0131\u015fmanl\u0131k faaliyetlerini \u00f6n\u00fcm\u00fczdeki d\u00f6nemde de art\u0131rarak s\u00fcrd\u00fcrece\u011fini bildirdi. Merkezin, vatanda\u015flar\u0131n sa\u011fl\u0131k hizmetlerine eri\u015fimini kolayla\u015ft\u0131rma hedefi do\u011frultusunda \u00e7al\u0131\u015fmalar\u0131na devam edece\u011fi belirtildi.<\/p>\n","protected":false},"excerpt":{"rendered":"<p>K\u0131r\u015fehir Valisi Murat Sefa Demiry\u00fcrek, kentte koruyucu sa\u011fl\u0131k hizmetlerini g\u00fc\u00e7lendirmek amac\u0131yla faaliyet g\u00f6steren Sa\u011fl\u0131kl\u0131 Hayat Merkezinde incelemelerde bulundu. Ziyarette, merkezde sunulan sa\u011fl\u0131k hizmetleri, y\u00fcr\u00fct\u00fclen \u00e7al\u0131\u015fmalar ve birimlerin i\u015fleyi\u015fi hakk\u0131nda yetkililer taraf\u0131ndan kapsaml\u0131 bilgilendirme yap\u0131ld\u0131. Sa\u011fl\u0131kl\u0131 Hayat Merkezi\u2019nin, toplumun sa\u011fl\u0131k okuryazarl\u0131\u011f\u0131n\u0131 art\u0131rmak ve sa\u011fl\u0131kl\u0131 ya\u015fam davran\u0131\u015flar\u0131n\u0131 te\u015fvik etmek amac\u0131yla hizmet verdi\u011fi belirtildi. Merkezde bir\u00e7ok farkl\u0131 birim, [&hellip;]<\/p>\n","protected":false},"author":1,"featured_media":1051,"comment_status":"open","ping_status":"open","sticky":false,"template":"","format":"standard","meta":{"footnotes":""},"categories":[8,11],"tags":[],"class_list":["post-1050","post","type-post","status-publish","format-standard","has-post-thumbnail","hentry","category-kirsehir","category-saglik"],"_links":{"self":[{"href":"https:\/\/www.kirsehirses.com\/index.php\/wp-json\/wp\/v2\/posts\/1050","targetHints":{"allow":["GET"]}}],"collection":[{"href":"https:\/\/www.kirsehirses.com\/index.php\/wp-json\/wp\/v2\/posts"}],"about":[{"href":"https:\/\/www.kirsehirses.com\/index.php\/wp-json\/wp\/v2\/types\/post"}],"author":[{"embeddable":true,"href":"https:\/\/www.kirsehirses.com\/index.php\/wp-json\/wp\/v2\/users\/1"}],"replies":[{"embeddable":true,"href":"https:\/\/www.kirsehirses.com\/index.php\/wp-json\/wp\/v2\/comments?post=1050"}],"version-history":[{"count":1,"href":"https:\/\/www.kirsehirses.com\/index.php\/wp-json\/wp\/v2\/posts\/1050\/revisions"}],"predecessor-version":[{"id":1052,"href":"https:\/\/www.kirsehirses.com\/index.php\/wp-json\/wp\/v2\/posts\/1050\/revisions\/1052"}],"wp:featuredmedia":[{"embeddable":true,"href":"https:\/\/www.kirsehirses.com\/index.php\/wp-json\/wp\/v2\/media\/1051"}],"wp:attachment":[{"href":"https:\/\/www.kirsehirses.com\/index.php\/wp-json\/wp\/v2\/media?parent=1050"}],"wp:term":[{"taxonomy":"category","embeddable":true,"href":"https:\/\/www.kirsehirses.com\/index.php\/wp-json\/wp\/v2\/categories?post=1050"},{"taxonomy":"post_tag","embeddable":true,"href":"https:\/\/www.kirsehirses.com\/index.php\/wp-json\/wp\/v2\/tags?post=1050"}],"curies":[{"name":"wp","href":"https:\/\/api.w.org\/{rel}","templated":true}]}}