{"id":1053,"date":"2025-12-08T00:07:00","date_gmt":"2025-12-07T21:07:00","guid":{"rendered":"https:\/\/www.kirsehirses.com\/?p=1053"},"modified":"2025-12-08T00:07:00","modified_gmt":"2025-12-07T21:07:00","slug":"kirsehirde-tarihi-eser-operasyonunda-el-yazmasi-kuran-i-kerim-ele-gecirildi","status":"publish","type":"post","link":"https:\/\/www.kirsehirses.com\/index.php\/2025\/12\/08\/kirsehirde-tarihi-eser-operasyonunda-el-yazmasi-kuran-i-kerim-ele-gecirildi\/","title":{"rendered":"K\u0131r\u015fehir\u2019de Tarihi Eser Operasyonunda El Yazmas\u0131 Kur\u2019an-\u0131 Kerim Ele Ge\u00e7irildi"},"content":{"rendered":"<p data-start=\"112\" data-end=\"193\"><strong data-start=\"112\" data-end=\"193\">K\u0131r\u015fehir\u2019de Tarihi Eser Operasyonunda El Yazmas\u0131 Kur\u2019an-\u0131 Kerim Ele Ge\u00e7irildi<\/strong><\/p>\n<p data-start=\"195\" data-end=\"451\">K\u0131r\u015fehir\u2019de tarihi eser ka\u00e7ak\u00e7\u0131l\u0131\u011f\u0131na y\u00f6nelik ger\u00e7ekle\u015ftirilen operasyonda, <strong data-start=\"271\" data-end=\"325\">Osmanl\u0131 d\u00f6nemine ait el yazmas\u0131 bir Kur\u2019an-\u0131 Kerim<\/strong> ele ge\u00e7irildi. Jandarma ekiplerinin istihbari \u00e7al\u0131\u015fmalar\u0131 sonucunda tespit edilen olayla ilgili bir \u015f\u00fcpheli g\u00f6zalt\u0131na al\u0131nd\u0131.<\/p>\n<p data-start=\"453\" data-end=\"744\">K\u0131r\u015fehir \u0130l Jandarma Komutanl\u0131\u011f\u0131 \u0130stihbarat \u015eube M\u00fcd\u00fcrl\u00fc\u011f\u00fc ile Akp\u0131nar \u0130l\u00e7e Jandarma Komutanl\u0131\u011f\u0131 ekiplerinin y\u00fcr\u00fctt\u00fc\u011f\u00fc ortak \u00e7al\u0131\u015fmada, <strong data-start=\"589\" data-end=\"680\">M.T. isimli \u015f\u00fcphelinin elinde bulunan tarihi eseri satmaya \u00e7al\u0131\u015ft\u0131\u011f\u0131 bilgisine ula\u015f\u0131ld\u0131<\/strong>. Bunun \u00fczerine ekipler, \u015f\u00fcphelinin bulundu\u011fu arac\u0131 takibe ald\u0131.<\/p>\n<p data-start=\"746\" data-end=\"972\">Belirlenen noktada durdurulan ara\u00e7ta yap\u0131lan aramada, Osmanl\u0131 d\u00f6nemine ait oldu\u011fu de\u011ferlendirilen <strong data-start=\"844\" data-end=\"873\">el yazmas\u0131 Kur\u2019an-\u0131 Kerim<\/strong> ele ge\u00e7irildi. Eser, muhafaza alt\u0131na al\u0131narak inceleme yap\u0131lmak \u00fczere ilgili kuruma teslim edildi.<\/p>\n<p data-start=\"974\" data-end=\"1146\">\u015e\u00fcpheli M.T. g\u00f6zalt\u0131na al\u0131n\u0131rken, hakk\u0131nda <strong data-start=\"1017\" data-end=\"1044\">tarihi eser ka\u00e7ak\u00e7\u0131l\u0131\u011f\u0131<\/strong> su\u00e7undan adli s\u00fcre\u00e7 ba\u015flat\u0131ld\u0131. Olayla ilgili soru\u015fturma jandarma ve savc\u0131l\u0131k taraf\u0131ndan y\u00fcr\u00fct\u00fcl\u00fcyor.<\/p>\n<p data-start=\"1148\" data-end=\"1327\" data-is-last-node=\"\" data-is-only-node=\"\">Yetkililer, tarihi eser ka\u00e7ak\u00e7\u0131l\u0131\u011f\u0131yla m\u00fccadelenin kent genelinde kararl\u0131l\u0131kla s\u00fcrd\u00fcr\u00fclece\u011fini, k\u00fclt\u00fcrel miras\u0131n korunmas\u0131 amac\u0131yla benzer operasyonlar\u0131n devam edece\u011fini bildirdi.<\/p>\n","protected":false},"excerpt":{"rendered":"<p>K\u0131r\u015fehir\u2019de Tarihi Eser Operasyonunda El Yazmas\u0131 Kur\u2019an-\u0131 Kerim Ele Ge\u00e7irildi K\u0131r\u015fehir\u2019de tarihi eser ka\u00e7ak\u00e7\u0131l\u0131\u011f\u0131na y\u00f6nelik ger\u00e7ekle\u015ftirilen operasyonda, Osmanl\u0131 d\u00f6nemine ait el yazmas\u0131 bir Kur\u2019an-\u0131 Kerim ele ge\u00e7irildi. Jandarma ekiplerinin istihbari \u00e7al\u0131\u015fmalar\u0131 sonucunda tespit edilen olayla ilgili bir \u015f\u00fcpheli g\u00f6zalt\u0131na al\u0131nd\u0131. K\u0131r\u015fehir \u0130l Jandarma Komutanl\u0131\u011f\u0131 \u0130stihbarat \u015eube M\u00fcd\u00fcrl\u00fc\u011f\u00fc ile Akp\u0131nar \u0130l\u00e7e Jandarma Komutanl\u0131\u011f\u0131 ekiplerinin y\u00fcr\u00fctt\u00fc\u011f\u00fc ortak [&hellip;]<\/p>\n","protected":false},"author":1,"featured_media":1054,"comment_status":"open","ping_status":"open","sticky":false,"template":"","format":"standard","meta":{"footnotes":""},"categories":[8],"tags":[],"class_list":["post-1053","post","type-post","status-publish","format-standard","has-post-thumbnail","hentry","category-kirsehir"],"_links":{"self":[{"href":"https:\/\/www.kirsehirses.com\/index.php\/wp-json\/wp\/v2\/posts\/1053","targetHints":{"allow":["GET"]}}],"collection":[{"href":"https:\/\/www.kirsehirses.com\/index.php\/wp-json\/wp\/v2\/posts"}],"about":[{"href":"https:\/\/www.kirsehirses.com\/index.php\/wp-json\/wp\/v2\/types\/post"}],"author":[{"embeddable":true,"href":"https:\/\/www.kirsehirses.com\/index.php\/wp-json\/wp\/v2\/users\/1"}],"replies":[{"embeddable":true,"href":"https:\/\/www.kirsehirses.com\/index.php\/wp-json\/wp\/v2\/comments?post=1053"}],"version-history":[{"count":1,"href":"https:\/\/www.kirsehirses.com\/index.php\/wp-json\/wp\/v2\/posts\/1053\/revisions"}],"predecessor-version":[{"id":1055,"href":"https:\/\/www.kirsehirses.com\/index.php\/wp-json\/wp\/v2\/posts\/1053\/revisions\/1055"}],"wp:featuredmedia":[{"embeddable":true,"href":"https:\/\/www.kirsehirses.com\/index.php\/wp-json\/wp\/v2\/media\/1054"}],"wp:attachment":[{"href":"https:\/\/www.kirsehirses.com\/index.php\/wp-json\/wp\/v2\/media?parent=1053"}],"wp:term":[{"taxonomy":"category","embeddable":true,"href":"https:\/\/www.kirsehirses.com\/index.php\/wp-json\/wp\/v2\/categories?post=1053"},{"taxonomy":"post_tag","embeddable":true,"href":"https:\/\/www.kirsehirses.com\/index.php\/wp-json\/wp\/v2\/tags?post=1053"}],"curies":[{"name":"wp","href":"https:\/\/api.w.org\/{rel}","templated":true}]}}