{"id":1056,"date":"2025-12-08T00:09:06","date_gmt":"2025-12-07T21:09:06","guid":{"rendered":"https:\/\/www.kirsehirses.com\/?p=1056"},"modified":"2025-12-08T00:09:06","modified_gmt":"2025-12-07T21:09:06","slug":"kirsehirde-genc-erkekler-voleybol-il-birinciligi-musabakalari-sona-erdi","status":"publish","type":"post","link":"https:\/\/www.kirsehirses.com\/index.php\/2025\/12\/08\/kirsehirde-genc-erkekler-voleybol-il-birinciligi-musabakalari-sona-erdi\/","title":{"rendered":"K\u0131r\u015fehir\u2019de Gen\u00e7 Erkekler Voleybol \u0130l Birincili\u011fi M\u00fcsabakalar\u0131 Sona Erdi"},"content":{"rendered":"<p data-start=\"136\" data-end=\"212\"><strong data-start=\"136\" data-end=\"212\">K\u0131r\u015fehir\u2019de Gen\u00e7 Erkekler Voleybol \u0130l Birincili\u011fi M\u00fcsabakalar\u0131 Sona Erdi<\/strong><\/p>\n<p data-start=\"214\" data-end=\"511\">K\u0131r\u015fehir Spor Salonu\u2019nda, 2025-2026 <strong data-start=\"250\" data-end=\"287\">English Time Okul Sporlar\u0131 Sezonu<\/strong> faaliyet program\u0131 kapsam\u0131nda d\u00fczenlenen <strong data-start=\"328\" data-end=\"369\">Gen\u00e7 Erkekler Voleybol \u0130l Birincili\u011fi<\/strong> m\u00fcsabakalar\u0131 tamamland\u0131. Bir\u00e7ok okulun kat\u0131l\u0131m\u0131yla ger\u00e7ekle\u015fen organizasyon, final kar\u015f\u0131la\u015fmas\u0131n\u0131n ard\u0131ndan yap\u0131lan \u00f6d\u00fcl t\u00f6reniyle sona erdi.<\/p>\n<p data-start=\"513\" data-end=\"811\">Turnuva boyunca okul tak\u0131mlar\u0131, grup kar\u015f\u0131la\u015fmalar\u0131ndan finale uzanan s\u00fcre\u00e7te k\u0131yas\u0131ya bir m\u00fccadele ortaya koydu. \u00d6\u011frencilerin hem sportif becerilerini geli\u015ftirmesi hem de tak\u0131m ruhu kazanmalar\u0131na katk\u0131 sa\u011flamas\u0131 amac\u0131yla d\u00fczenlenen organizasyonda, spor salonunda yo\u011fun bir seyirci ilgisi g\u00f6zlendi.<\/p>\n<p data-start=\"813\" data-end=\"1130\">Final m\u00fcsabakas\u0131nda iki okul tak\u0131m\u0131 kar\u015f\u0131 kar\u015f\u0131ya geldi. \u00c7eki\u015fmeli ge\u00e7en ma\u00e7\u0131n ard\u0131ndan dereceye giren tak\u0131mlar belli oldu. Kar\u015f\u0131la\u015fman\u0131n tamamlanmas\u0131n\u0131n ard\u0131ndan sporcular, antren\u00f6rler ve okul y\u00f6neticilerinin kat\u0131l\u0131m\u0131yla <strong data-start=\"1035\" data-end=\"1050\">\u00f6d\u00fcl t\u00f6reni<\/strong> d\u00fczenlendi. T\u00f6rende dereceye giren tak\u0131mlara kupa ve madalyalar\u0131 takdim edildi.<\/p>\n<p data-start=\"1132\" data-end=\"1350\">Yetkililer, okul sporlar\u0131n\u0131n \u00f6\u011frencilerin fiziksel, sosyal ve psikolojik geli\u015fimleri a\u00e7\u0131s\u0131ndan \u00f6nemli bir yer tuttu\u011funu belirterek, sezon boyunca farkl\u0131 bran\u015flarda d\u00fczenlenecek m\u00fcsabakalar\u0131n devam edece\u011fini ifade etti.<\/p>\n<p data-start=\"1352\" data-end=\"1666\" data-is-last-node=\"\" data-is-only-node=\"\">Gen\u00e7 Erkekler Voleybol \u0130l Birincili\u011fi, hem \u00f6\u011frencilerin rekabet ortam\u0131nda m\u00fccadele etmesine hem de K\u0131r\u015fehir\u2019de voleybol sporuna olan ilginin artmas\u0131na katk\u0131 sa\u011flad\u0131. Organizat\u00f6r kurumlar, kat\u0131l\u0131m g\u00f6steren t\u00fcm okullara te\u015fekk\u00fcr ederek bir sonraki etap m\u00fcsabakalar\u0131n\u0131n takvime uygun \u015fekilde s\u00fcrd\u00fcr\u00fclece\u011fini a\u00e7\u0131klad\u0131.<\/p>\n","protected":false},"excerpt":{"rendered":"<p>K\u0131r\u015fehir\u2019de Gen\u00e7 Erkekler Voleybol \u0130l Birincili\u011fi M\u00fcsabakalar\u0131 Sona Erdi K\u0131r\u015fehir Spor Salonu\u2019nda, 2025-2026 English Time Okul Sporlar\u0131 Sezonu faaliyet program\u0131 kapsam\u0131nda d\u00fczenlenen Gen\u00e7 Erkekler Voleybol \u0130l Birincili\u011fi m\u00fcsabakalar\u0131 tamamland\u0131. Bir\u00e7ok okulun kat\u0131l\u0131m\u0131yla ger\u00e7ekle\u015fen organizasyon, final kar\u015f\u0131la\u015fmas\u0131n\u0131n ard\u0131ndan yap\u0131lan \u00f6d\u00fcl t\u00f6reniyle sona erdi. Turnuva boyunca okul tak\u0131mlar\u0131, grup kar\u015f\u0131la\u015fmalar\u0131ndan finale uzanan s\u00fcre\u00e7te k\u0131yas\u0131ya bir m\u00fccadele ortaya [&hellip;]<\/p>\n","protected":false},"author":1,"featured_media":1057,"comment_status":"open","ping_status":"open","sticky":false,"template":"","format":"standard","meta":{"footnotes":""},"categories":[4],"tags":[],"class_list":["post-1056","post","type-post","status-publish","format-standard","has-post-thumbnail","hentry","category-spor"],"_links":{"self":[{"href":"https:\/\/www.kirsehirses.com\/index.php\/wp-json\/wp\/v2\/posts\/1056","targetHints":{"allow":["GET"]}}],"collection":[{"href":"https:\/\/www.kirsehirses.com\/index.php\/wp-json\/wp\/v2\/posts"}],"about":[{"href":"https:\/\/www.kirsehirses.com\/index.php\/wp-json\/wp\/v2\/types\/post"}],"author":[{"embeddable":true,"href":"https:\/\/www.kirsehirses.com\/index.php\/wp-json\/wp\/v2\/users\/1"}],"replies":[{"embeddable":true,"href":"https:\/\/www.kirsehirses.com\/index.php\/wp-json\/wp\/v2\/comments?post=1056"}],"version-history":[{"count":1,"href":"https:\/\/www.kirsehirses.com\/index.php\/wp-json\/wp\/v2\/posts\/1056\/revisions"}],"predecessor-version":[{"id":1058,"href":"https:\/\/www.kirsehirses.com\/index.php\/wp-json\/wp\/v2\/posts\/1056\/revisions\/1058"}],"wp:featuredmedia":[{"embeddable":true,"href":"https:\/\/www.kirsehirses.com\/index.php\/wp-json\/wp\/v2\/media\/1057"}],"wp:attachment":[{"href":"https:\/\/www.kirsehirses.com\/index.php\/wp-json\/wp\/v2\/media?parent=1056"}],"wp:term":[{"taxonomy":"category","embeddable":true,"href":"https:\/\/www.kirsehirses.com\/index.php\/wp-json\/wp\/v2\/categories?post=1056"},{"taxonomy":"post_tag","embeddable":true,"href":"https:\/\/www.kirsehirses.com\/index.php\/wp-json\/wp\/v2\/tags?post=1056"}],"curies":[{"name":"wp","href":"https:\/\/api.w.org\/{rel}","templated":true}]}}