{"id":1062,"date":"2025-12-08T00:22:43","date_gmt":"2025-12-07T21:22:43","guid":{"rendered":"https:\/\/www.kirsehirses.com\/?p=1062"},"modified":"2025-12-08T00:22:56","modified_gmt":"2025-12-07T21:22:56","slug":"akyel-ailesinin-aci-gunu","status":"publish","type":"post","link":"https:\/\/www.kirsehirses.com\/index.php\/2025\/12\/08\/akyel-ailesinin-aci-gunu\/","title":{"rendered":"AKYEL Ailesinin Ac\u0131 G\u00fcn\u00fc"},"content":{"rendered":"<p data-start=\"151\" data-end=\"216\"><strong data-start=\"151\" data-end=\"216\">Hulisi Akyel Son Yolculu\u011funa U\u011furland\u0131<\/strong><\/p>\n<p data-start=\"218\" data-end=\"404\">K\u0131r\u015fehir Ahi Evran \u00dcniversitesi E\u011fitim Fak\u00fcltesi \u00d6\u011fretim \u00dcyesi <strong data-start=\"281\" data-end=\"329\">Prof. Dr. Yakup Akyel\u2019in babas\u0131 Hulisi Akyel<\/strong>, 6 Kas\u0131m 2025 tarihinde k\u0131l\u0131nan cenaze namaz\u0131n\u0131n ard\u0131ndan topra\u011fa verildi.<\/p>\n<p data-start=\"406\" data-end=\"584\">Merhum Akyel i\u00e7in <strong data-start=\"424\" data-end=\"475\">K\u0131l\u0131\u00e7l\u0131 K\u00f6pr\u00fc yan\u0131nda bulunan K\u0131l\u0131\u00e7l\u0131 Camii\u2019nde<\/strong>, \u00f6\u011fle namaz\u0131na m\u00fcteakip cenaze namaz\u0131 k\u0131l\u0131nd\u0131. T\u00f6rene yo\u011fun kat\u0131l\u0131m sa\u011fland\u0131.<\/p>\n<p data-start=\"586\" data-end=\"782\">Cenaze namaz\u0131n\u0131n ard\u0131ndan defin i\u015flemi <strong data-start=\"625\" data-end=\"653\">K\u00fcmbetalt\u0131 Mezarl\u0131\u011f\u0131\u2019nda<\/strong> ger\u00e7ekle\u015ftirildi.<\/p>\n<p data-start=\"784\" data-end=\"895\" data-is-last-node=\"\" data-is-only-node=\"\">Ailesi ve yak\u0131nlar\u0131n\u0131n kat\u0131l\u0131m\u0131yla ger\u00e7ekle\u015fen cenaze merasimi sonras\u0131, merhum Hulisi Akyel dualarla u\u011furland\u0131.<\/p>\n","protected":false},"excerpt":{"rendered":"<p>Hulisi Akyel Son Yolculu\u011funa U\u011furland\u0131 K\u0131r\u015fehir Ahi Evran \u00dcniversitesi E\u011fitim Fak\u00fcltesi \u00d6\u011fretim \u00dcyesi Prof. Dr. Yakup Akyel\u2019in babas\u0131 Hulisi Akyel, 6 Kas\u0131m 2025 tarihinde k\u0131l\u0131nan cenaze namaz\u0131n\u0131n ard\u0131ndan topra\u011fa verildi. Merhum Akyel i\u00e7in K\u0131l\u0131\u00e7l\u0131 K\u00f6pr\u00fc yan\u0131nda bulunan K\u0131l\u0131\u00e7l\u0131 Camii\u2019nde, \u00f6\u011fle namaz\u0131na m\u00fcteakip cenaze namaz\u0131 k\u0131l\u0131nd\u0131. T\u00f6rene yo\u011fun kat\u0131l\u0131m sa\u011fland\u0131. Cenaze namaz\u0131n\u0131n ard\u0131ndan defin i\u015flemi K\u00fcmbetalt\u0131 [&hellip;]<\/p>\n","protected":false},"author":1,"featured_media":1063,"comment_status":"open","ping_status":"open","sticky":false,"template":"","format":"standard","meta":{"footnotes":""},"categories":[8],"tags":[],"class_list":["post-1062","post","type-post","status-publish","format-standard","has-post-thumbnail","hentry","category-kirsehir"],"_links":{"self":[{"href":"https:\/\/www.kirsehirses.com\/index.php\/wp-json\/wp\/v2\/posts\/1062","targetHints":{"allow":["GET"]}}],"collection":[{"href":"https:\/\/www.kirsehirses.com\/index.php\/wp-json\/wp\/v2\/posts"}],"about":[{"href":"https:\/\/www.kirsehirses.com\/index.php\/wp-json\/wp\/v2\/types\/post"}],"author":[{"embeddable":true,"href":"https:\/\/www.kirsehirses.com\/index.php\/wp-json\/wp\/v2\/users\/1"}],"replies":[{"embeddable":true,"href":"https:\/\/www.kirsehirses.com\/index.php\/wp-json\/wp\/v2\/comments?post=1062"}],"version-history":[{"count":2,"href":"https:\/\/www.kirsehirses.com\/index.php\/wp-json\/wp\/v2\/posts\/1062\/revisions"}],"predecessor-version":[{"id":1065,"href":"https:\/\/www.kirsehirses.com\/index.php\/wp-json\/wp\/v2\/posts\/1062\/revisions\/1065"}],"wp:featuredmedia":[{"embeddable":true,"href":"https:\/\/www.kirsehirses.com\/index.php\/wp-json\/wp\/v2\/media\/1063"}],"wp:attachment":[{"href":"https:\/\/www.kirsehirses.com\/index.php\/wp-json\/wp\/v2\/media?parent=1062"}],"wp:term":[{"taxonomy":"category","embeddable":true,"href":"https:\/\/www.kirsehirses.com\/index.php\/wp-json\/wp\/v2\/categories?post=1062"},{"taxonomy":"post_tag","embeddable":true,"href":"https:\/\/www.kirsehirses.com\/index.php\/wp-json\/wp\/v2\/tags?post=1062"}],"curies":[{"name":"wp","href":"https:\/\/api.w.org\/{rel}","templated":true}]}}