{"id":1069,"date":"2025-12-08T00:27:42","date_gmt":"2025-12-07T21:27:42","guid":{"rendered":"https:\/\/www.kirsehirses.com\/?p=1069"},"modified":"2025-12-08T00:27:42","modified_gmt":"2025-12-07T21:27:42","slug":"mehmet-ali-altin-rahmetle-aniliyor","status":"publish","type":"post","link":"https:\/\/www.kirsehirses.com\/index.php\/2025\/12\/08\/mehmet-ali-altin-rahmetle-aniliyor\/","title":{"rendered":"Mehmet Ali Alt\u0131n Rahmetle An\u0131l\u0131yor"},"content":{"rendered":"<p><strong>Mehmet Ali Alt\u0131n Rahmetle An\u0131l\u0131yor<\/strong><\/p>\n<p>Akademisyen, \u00e7ocuk cerrah\u0131 ve siyaset\u00e7i kimli\u011fiyle K\u0131r\u015fehir\u2019e \u00f6nemli hizmetlerde bulunan Prof. Dr. Mehmet Ali Alt\u0131n, vefat\u0131n\u0131n 29. y\u0131l d\u00f6n\u00fcm\u00fcnde an\u0131l\u0131yor.<\/p>\n<p>1949 y\u0131l\u0131nda K\u0131r\u015fehir\u2019de d\u00fcnyaya gelen Mehmet Ali Alt\u0131n, Hacettepe \u00dcniversitesi T\u0131p Fak\u00fcltesi\u2019nden mezun oldu. \u00c7ocuk Cerrahisi alan\u0131nda uzmanla\u015fan Alt\u0131n; Erciyes \u00dcniversitesi T\u0131p Fak\u00fcltesi \u00c7ocuk Cerrahisi Ana Bilim Dal\u0131 Ba\u015fkanl\u0131\u011f\u0131, Ankara Gazi \u00dcniversitesi T\u0131p Fak\u00fcltesi \u00c7ocuk Cerrahisi Ana Bilim Dal\u0131 \u00d6\u011fretim \u00dcyeli\u011fi ve Hastane Ba\u015fhekimli\u011fi g\u00f6revlerinde bulundu.<\/p>\n<p>Ankara ve Kayseri\u2019de g\u00f6rev yapt\u0131\u011f\u0131 s\u00fcre boyunca, \u00f6zellikle K\u0131r\u015fehirli hem\u015fehrilerinin yak\u0131ndan tan\u0131d\u0131\u011f\u0131 ve her zaman destek g\u00f6rd\u00fc\u011f\u00fc bir isim oldu.<\/p>\n<p>1995 genel se\u00e7imlerinde ANAP\u2019tan 20. D\u00f6nem K\u0131r\u015fehir Milletvekili olarak T\u00fcrkiye B\u00fcy\u00fck Millet Meclisi\u2019ne giren Alt\u0131n, milletvekilli\u011fi g\u00f6revini k\u0131sa s\u00fcre s\u00fcrd\u00fcrebildi. Pankreas kanseri nedeniyle tedavi g\u00f6rd\u00fc\u011f\u00fc Ba\u015fkent \u00dcniversitesi Hastanesi\u2019nde, 6 Aral\u0131k 1996 tarihinde Ankara\u2019da hayat\u0131n\u0131 kaybetti.<\/p>\n<p>\u0130yi derecede Frans\u0131zca, orta seviyede \u0130ngilizce bilen Prof. Dr. Mehmet Ali Alt\u0131n, evli ve \u00fc\u00e7 \u00e7ocuk babas\u0131yd\u0131. K\u0131r\u015fehir\u2019e olan ba\u011fl\u0131l\u0131\u011f\u0131 ve insan\u00ee y\u00f6n\u00fcyle haf\u0131zalarda yer eden Alt\u0131n, T\u00fcrk halk m\u00fczi\u011finin b\u00fcy\u00fck ustas\u0131 Ne\u015fet Erta\u015f taraf\u0131ndan \u201cK\u0131r\u015fehir\u2019in Alt\u0131n o\u011flu Mehmet Ali Alt\u0131n\u201d dizeleriyle t\u00fcrk\u00fcde \u00f6l\u00fcms\u00fczle\u015ftirildi.<\/p>\n<p>Mehmet Ali Alt\u0131n, hem t\u0131p d\u00fcnyas\u0131nda hem de K\u0131r\u015fehir\u2019in toplumsal haf\u0131zas\u0131nda b\u0131rakt\u0131\u011f\u0131 izlerle rahmet ve sayg\u0131yla an\u0131l\u0131yor.<\/p>\n","protected":false},"excerpt":{"rendered":"<p>Mehmet Ali Alt\u0131n Rahmetle An\u0131l\u0131yor Akademisyen, \u00e7ocuk cerrah\u0131 ve siyaset\u00e7i kimli\u011fiyle K\u0131r\u015fehir\u2019e \u00f6nemli hizmetlerde bulunan Prof. Dr. Mehmet Ali Alt\u0131n, vefat\u0131n\u0131n 29. y\u0131l d\u00f6n\u00fcm\u00fcnde an\u0131l\u0131yor. 1949 y\u0131l\u0131nda K\u0131r\u015fehir\u2019de d\u00fcnyaya gelen Mehmet Ali Alt\u0131n, Hacettepe \u00dcniversitesi T\u0131p Fak\u00fcltesi\u2019nden mezun oldu. \u00c7ocuk Cerrahisi alan\u0131nda uzmanla\u015fan Alt\u0131n; Erciyes \u00dcniversitesi T\u0131p Fak\u00fcltesi \u00c7ocuk Cerrahisi Ana Bilim Dal\u0131 Ba\u015fkanl\u0131\u011f\u0131, Ankara [&hellip;]<\/p>\n","protected":false},"author":1,"featured_media":1070,"comment_status":"open","ping_status":"open","sticky":false,"template":"","format":"standard","meta":{"footnotes":""},"categories":[8],"tags":[],"class_list":["post-1069","post","type-post","status-publish","format-standard","has-post-thumbnail","hentry","category-kirsehir"],"_links":{"self":[{"href":"https:\/\/www.kirsehirses.com\/index.php\/wp-json\/wp\/v2\/posts\/1069","targetHints":{"allow":["GET"]}}],"collection":[{"href":"https:\/\/www.kirsehirses.com\/index.php\/wp-json\/wp\/v2\/posts"}],"about":[{"href":"https:\/\/www.kirsehirses.com\/index.php\/wp-json\/wp\/v2\/types\/post"}],"author":[{"embeddable":true,"href":"https:\/\/www.kirsehirses.com\/index.php\/wp-json\/wp\/v2\/users\/1"}],"replies":[{"embeddable":true,"href":"https:\/\/www.kirsehirses.com\/index.php\/wp-json\/wp\/v2\/comments?post=1069"}],"version-history":[{"count":1,"href":"https:\/\/www.kirsehirses.com\/index.php\/wp-json\/wp\/v2\/posts\/1069\/revisions"}],"predecessor-version":[{"id":1071,"href":"https:\/\/www.kirsehirses.com\/index.php\/wp-json\/wp\/v2\/posts\/1069\/revisions\/1071"}],"wp:featuredmedia":[{"embeddable":true,"href":"https:\/\/www.kirsehirses.com\/index.php\/wp-json\/wp\/v2\/media\/1070"}],"wp:attachment":[{"href":"https:\/\/www.kirsehirses.com\/index.php\/wp-json\/wp\/v2\/media?parent=1069"}],"wp:term":[{"taxonomy":"category","embeddable":true,"href":"https:\/\/www.kirsehirses.com\/index.php\/wp-json\/wp\/v2\/categories?post=1069"},{"taxonomy":"post_tag","embeddable":true,"href":"https:\/\/www.kirsehirses.com\/index.php\/wp-json\/wp\/v2\/tags?post=1069"}],"curies":[{"name":"wp","href":"https:\/\/api.w.org\/{rel}","templated":true}]}}