{"id":1072,"date":"2025-12-08T00:32:14","date_gmt":"2025-12-07T21:32:14","guid":{"rendered":"https:\/\/www.kirsehirses.com\/?p=1072"},"modified":"2025-12-08T00:32:14","modified_gmt":"2025-12-07T21:32:14","slug":"kirsehirspora-5-yeni-oyuncu","status":"publish","type":"post","link":"https:\/\/www.kirsehirses.com\/index.php\/2025\/12\/08\/kirsehirspora-5-yeni-oyuncu\/","title":{"rendered":"K\u0131r\u015fehirspor&#8217;a 5 Yeni Oyuncu"},"content":{"rendered":"<p><strong>K\u0131r\u015fehirspor&#8217;a 5 Yeni Oyuncu<\/strong><\/p>\n<p>Ejdero\u011flu K\u0131r\u015fehir FK, yeni sezon \u00f6ncesi kadro yap\u0131lanmas\u0131n\u0131 s\u00fcrd\u00fcrerek 5 amat\u00f6r futbolcuyu renklerine ba\u011flad\u0131. Kul\u00fcp, anla\u015fmaya var\u0131lan oyuncular\u0131n lisans i\u015flemlerini tamamlad\u0131.<\/p>\n<p>Ye\u015fil-beyazl\u0131 ekip; ARCA \u00c7orum FK\u2019dan 2008 do\u011fumlu sol bek Ahmet G\u00fcm\u00fc\u015f, Bulvarspor\u2019dan 1998 do\u011fumlu kanat forvet G\u00f6rkem G\u00fcven, KCT 1461 Trabzon FK\u2019dan 2002 do\u011fumlu sol bek Mehmet Berkant Yaylan ile kadrosunu g\u00fc\u00e7lendirdi. Ayr\u0131ca altyap\u0131dan 2008 do\u011fumlu kaleci Ramazan Yi\u011fit K\u0131na ve FC Brandbergen\u2019den 2005 do\u011fumlu kaleci Yusuf K\u0131l\u0131\u00e7 da tak\u0131ma dahil edildi.<\/p>\n<p>Lisanslar\u0131 \u00e7\u0131kar\u0131lan futbolcular\u0131n, kar\u015f\u0131la\u015fmalarda g\u00f6rev alabilecekleri \u00f6\u011frenildi.<\/p>\n","protected":false},"excerpt":{"rendered":"<p>K\u0131r\u015fehirspor&#8217;a 5 Yeni Oyuncu Ejdero\u011flu K\u0131r\u015fehir FK, yeni sezon \u00f6ncesi kadro yap\u0131lanmas\u0131n\u0131 s\u00fcrd\u00fcrerek 5 amat\u00f6r futbolcuyu renklerine ba\u011flad\u0131. Kul\u00fcp, anla\u015fmaya var\u0131lan oyuncular\u0131n lisans i\u015flemlerini tamamlad\u0131. Ye\u015fil-beyazl\u0131 ekip; ARCA \u00c7orum FK\u2019dan 2008 do\u011fumlu sol bek Ahmet G\u00fcm\u00fc\u015f, Bulvarspor\u2019dan 1998 do\u011fumlu kanat forvet G\u00f6rkem G\u00fcven, KCT 1461 Trabzon FK\u2019dan 2002 do\u011fumlu sol bek Mehmet Berkant Yaylan ile [&hellip;]<\/p>\n","protected":false},"author":1,"featured_media":1073,"comment_status":"open","ping_status":"open","sticky":false,"template":"","format":"standard","meta":{"footnotes":""},"categories":[4],"tags":[],"class_list":["post-1072","post","type-post","status-publish","format-standard","has-post-thumbnail","hentry","category-spor"],"_links":{"self":[{"href":"https:\/\/www.kirsehirses.com\/index.php\/wp-json\/wp\/v2\/posts\/1072","targetHints":{"allow":["GET"]}}],"collection":[{"href":"https:\/\/www.kirsehirses.com\/index.php\/wp-json\/wp\/v2\/posts"}],"about":[{"href":"https:\/\/www.kirsehirses.com\/index.php\/wp-json\/wp\/v2\/types\/post"}],"author":[{"embeddable":true,"href":"https:\/\/www.kirsehirses.com\/index.php\/wp-json\/wp\/v2\/users\/1"}],"replies":[{"embeddable":true,"href":"https:\/\/www.kirsehirses.com\/index.php\/wp-json\/wp\/v2\/comments?post=1072"}],"version-history":[{"count":1,"href":"https:\/\/www.kirsehirses.com\/index.php\/wp-json\/wp\/v2\/posts\/1072\/revisions"}],"predecessor-version":[{"id":1074,"href":"https:\/\/www.kirsehirses.com\/index.php\/wp-json\/wp\/v2\/posts\/1072\/revisions\/1074"}],"wp:featuredmedia":[{"embeddable":true,"href":"https:\/\/www.kirsehirses.com\/index.php\/wp-json\/wp\/v2\/media\/1073"}],"wp:attachment":[{"href":"https:\/\/www.kirsehirses.com\/index.php\/wp-json\/wp\/v2\/media?parent=1072"}],"wp:term":[{"taxonomy":"category","embeddable":true,"href":"https:\/\/www.kirsehirses.com\/index.php\/wp-json\/wp\/v2\/categories?post=1072"},{"taxonomy":"post_tag","embeddable":true,"href":"https:\/\/www.kirsehirses.com\/index.php\/wp-json\/wp\/v2\/tags?post=1072"}],"curies":[{"name":"wp","href":"https:\/\/api.w.org\/{rel}","templated":true}]}}