{"id":1093,"date":"2025-12-09T03:04:16","date_gmt":"2025-12-09T00:04:16","guid":{"rendered":"https:\/\/www.kirsehirses.com\/?p=1093"},"modified":"2025-12-09T03:04:16","modified_gmt":"2025-12-09T00:04:16","slug":"kirsehire-tahsis-edilen-87-arac-guvenlik-guclerine-teslim-edildi","status":"publish","type":"post","link":"https:\/\/www.kirsehirses.com\/index.php\/2025\/12\/09\/kirsehire-tahsis-edilen-87-arac-guvenlik-guclerine-teslim-edildi\/","title":{"rendered":"K\u0131r\u015fehir\u2019e Tahsis Edilen 87 Ara\u00e7 G\u00fcvenlik G\u00fc\u00e7lerine Teslim Edildi"},"content":{"rendered":"<p><strong>K\u0131r\u015fehir\u2019e Tahsis Edilen 87 Ara\u00e7 G\u00fcvenlik G\u00fc\u00e7lerine Teslim Edildi<\/strong><\/p>\n<p>K\u0131r\u015fehir\u2019e tahsis edilen 87 hizmet arac\u0131, d\u00fczenlenen t\u00f6renle Emniyet ve Jandarma te\u015fkilatlar\u0131n\u0131n hizmetine sunuldu.<\/p>\n<p>K\u0131r\u015fehir Emniyet M\u00fcd\u00fcrl\u00fc\u011f\u00fc bah\u00e7esinde ger\u00e7ekle\u015ftirilen programa K\u0131r\u015fehir Valisi Murat Sefa Demiry\u00fcrek, AK Parti K\u0131r\u015fehir Milletvekili Necmettin Erkan, il protokol\u00fc, emniyet ve jandarma mensuplar\u0131 ile ara\u00e7lar\u0131n al\u0131nmas\u0131na katk\u0131 sa\u011flayan kurum y\u00f6neticileri kat\u0131ld\u0131.<\/p>\n<p>T\u00f6rende yap\u0131lan a\u00e7\u0131klamalarda, yeni ara\u00e7lar\u0131n il genelinde huzur ve g\u00fcvenli\u011fin sa\u011flanmas\u0131na \u00f6nemli katk\u0131 sunaca\u011f\u0131, g\u00fcvenlik g\u00fc\u00e7lerinin sahadaki etkinli\u011fini ve h\u0131zl\u0131 m\u00fcdahale kapasitesini art\u0131raca\u011f\u0131 ifade edildi.<\/p>\n<p>\u0130\u00e7i\u015fleri Bakanl\u0131\u011f\u0131 koordinasyonunda, K\u0131r\u015fehir \u0130l \u00d6zel \u0130daresi ve K\u0131r\u015fehirli hay\u0131rseverlerin destekleriyle hizmete al\u0131nan ara\u00e7lar\u0131n kamu d\u00fczeni ve asayi\u015fin korunmas\u0131nda \u00f6nemli bir g\u00fc\u00e7 olaca\u011f\u0131 vurguland\u0131.<\/p>\n<p>Yetkililer, huzur ve g\u00fcven ortam\u0131n\u0131n tesisine verilen desteklerden dolay\u0131 Cumhurba\u015fkan\u0131 Recep Tayyip Erdo\u011fan ile \u0130\u00e7i\u015fleri Bakan\u0131 Ali Yerlikaya\u2019ya te\u015fekk\u00fcr etti.<\/p>\n<p>Program sonunda 87 ara\u00e7tan 48\u2019i Emniyet M\u00fcd\u00fcrl\u00fc\u011f\u00fcne, 39 ara\u00e7 ise Jandarma Komutanl\u0131\u011f\u0131na teslim edildi.<\/p>\n","protected":false},"excerpt":{"rendered":"<p>K\u0131r\u015fehir\u2019e Tahsis Edilen 87 Ara\u00e7 G\u00fcvenlik G\u00fc\u00e7lerine Teslim Edildi K\u0131r\u015fehir\u2019e tahsis edilen 87 hizmet arac\u0131, d\u00fczenlenen t\u00f6renle Emniyet ve Jandarma te\u015fkilatlar\u0131n\u0131n hizmetine sunuldu. K\u0131r\u015fehir Emniyet M\u00fcd\u00fcrl\u00fc\u011f\u00fc bah\u00e7esinde ger\u00e7ekle\u015ftirilen programa K\u0131r\u015fehir Valisi Murat Sefa Demiry\u00fcrek, AK Parti K\u0131r\u015fehir Milletvekili Necmettin Erkan, il protokol\u00fc, emniyet ve jandarma mensuplar\u0131 ile ara\u00e7lar\u0131n al\u0131nmas\u0131na katk\u0131 sa\u011flayan kurum y\u00f6neticileri kat\u0131ld\u0131. T\u00f6rende [&hellip;]<\/p>\n","protected":false},"author":1,"featured_media":1094,"comment_status":"open","ping_status":"open","sticky":false,"template":"","format":"standard","meta":{"footnotes":""},"categories":[8,7],"tags":[],"class_list":["post-1093","post","type-post","status-publish","format-standard","has-post-thumbnail","hentry","category-kirsehir","category-turkiye"],"_links":{"self":[{"href":"https:\/\/www.kirsehirses.com\/index.php\/wp-json\/wp\/v2\/posts\/1093","targetHints":{"allow":["GET"]}}],"collection":[{"href":"https:\/\/www.kirsehirses.com\/index.php\/wp-json\/wp\/v2\/posts"}],"about":[{"href":"https:\/\/www.kirsehirses.com\/index.php\/wp-json\/wp\/v2\/types\/post"}],"author":[{"embeddable":true,"href":"https:\/\/www.kirsehirses.com\/index.php\/wp-json\/wp\/v2\/users\/1"}],"replies":[{"embeddable":true,"href":"https:\/\/www.kirsehirses.com\/index.php\/wp-json\/wp\/v2\/comments?post=1093"}],"version-history":[{"count":1,"href":"https:\/\/www.kirsehirses.com\/index.php\/wp-json\/wp\/v2\/posts\/1093\/revisions"}],"predecessor-version":[{"id":1095,"href":"https:\/\/www.kirsehirses.com\/index.php\/wp-json\/wp\/v2\/posts\/1093\/revisions\/1095"}],"wp:featuredmedia":[{"embeddable":true,"href":"https:\/\/www.kirsehirses.com\/index.php\/wp-json\/wp\/v2\/media\/1094"}],"wp:attachment":[{"href":"https:\/\/www.kirsehirses.com\/index.php\/wp-json\/wp\/v2\/media?parent=1093"}],"wp:term":[{"taxonomy":"category","embeddable":true,"href":"https:\/\/www.kirsehirses.com\/index.php\/wp-json\/wp\/v2\/categories?post=1093"},{"taxonomy":"post_tag","embeddable":true,"href":"https:\/\/www.kirsehirses.com\/index.php\/wp-json\/wp\/v2\/tags?post=1093"}],"curies":[{"name":"wp","href":"https:\/\/api.w.org\/{rel}","templated":true}]}}