{"id":1096,"date":"2025-12-09T03:15:01","date_gmt":"2025-12-09T00:15:01","guid":{"rendered":"https:\/\/www.kirsehirses.com\/?p=1096"},"modified":"2025-12-09T03:15:01","modified_gmt":"2025-12-09T00:15:01","slug":"gucunu-vicdanindan-alan-gazeteciler","status":"publish","type":"post","link":"https:\/\/www.kirsehirses.com\/index.php\/2025\/12\/09\/gucunu-vicdanindan-alan-gazeteciler\/","title":{"rendered":"G\u00fcc\u00fcn\u00fc Vicdan\u0131ndan Alan Gazeteciler"},"content":{"rendered":"<p><span style=\"font-weight: 400;\"><strong>G\u00fcc\u00fcn\u00fc Vicdan\u0131ndan Alan Gazeteciler<\/strong><\/span><\/p>\n<p><span style=\"font-weight: 400;\">Toplum olarak en belirgin al\u0131\u015fkanl\u0131klar\u0131m\u0131zdan biri, \u00e7o\u011fu zaman bir konunun olumlu taraf\u0131ndan \u00e7ok olumsuz taraf\u0131na odaklanmak.\u00a0<\/span><\/p>\n<p><span style=\"font-weight: 400;\">Barda\u011f\u0131n bo\u015f taraf\u0131 daha cazip gelir nedense\u2026\u00a0<\/span><\/p>\n<p><span style=\"font-weight: 400;\">Dolu taraf\u0131 g\u00f6rmeyi ya ak\u0131l etmeyiz ya da g\u00f6rsek bile dile getirmeyi kendimize yak\u0131\u015ft\u0131rmay\u0131z. Bu tuhaf al\u0131\u015fkanl\u0131k, \u00f6zellikle bizim meslekte, yani gazetecilikte daha da derinle\u015fiyor. Elimize kalemi al\u0131r almaz veryans\u0131n etmeye haz\u0131r bir ruh h\u00e2line giriyoruz; sanki memleket ele\u015ftiriyle d\u00fczelecekmi\u015f gibi her \u015feyi sadece bir kusur arama yar\u0131\u015f\u0131na \u00e7eviriyoruz.<\/span><\/p>\n<p><span style=\"font-weight: 400;\">Son y\u0131llarda T\u00fcrkiye\u2019de <strong>kadrolu gazetecilik<\/strong>\u00a0diye bir tan\u0131m t\u00fcredi. Hak ve hakikatten yan\u0131 olmay\u0131 de\u011fil, bir siyasi g\u00f6r\u00fc\u015f\u00fcn veya g\u00fcc\u00fcn yan\u0131nda olmay\u0131 tarif eden yeni bir kal\u0131p.\u00a0<\/span><\/p>\n<p><span style=\"font-weight: 400;\">Muhalefetin yan\u0131nda duran gazeteciyseniz yap\u0131lan hi\u00e7bir hizmeti takdir etmezsiniz.\u00a0<\/span><\/p>\n<p><span style=\"font-weight: 400;\">D\u00fcnya \u00f6l\u00e7e\u011finde \u00f6vg\u00fc alan bir havaliman\u0131 in\u015fa edilse be\u011fenmezsiniz.\u00a0<\/span><\/p>\n<p><span style=\"font-weight: 400;\">En modern yollar, k\u00f6pr\u00fcler yap\u0131lsa \u201cYolu mu yiyece\u011fiz? K\u00f6pr\u00fc kar\u0131n m\u0131 doyuruyor?\u201d dersiniz.\u00a0<\/span><\/p>\n<p><span style=\"font-weight: 400;\">Savunma sanayinde on y\u0131llara bedel s\u0131\u00e7ramalar olsa, \u201cSilaha bu kadar para harcan\u0131r m\u0131? Millet ge\u00e7inemiyor.\u201d dersiniz.<\/span><\/p>\n<p><span style=\"font-weight: 400;\">Ele\u015ftirecek bir \u015fey bulamazsan\u0131z, \u00e7evre dersiniz, ku\u015f dersiniz, bal\u0131k dersiniz; ama yine de bir yolunu bulur, memnuniyetsizli\u011fi ya\u015fat\u0131rs\u0131n\u0131z.<\/span><\/p>\n<p><span style=\"font-weight: 400;\">\u0130ktidar\u0131n saf\u0131nda duran gazeteciyseniz bu kez hi\u00e7bir kusur g\u00f6z\u00fcne \u00e7arpmaz. Yol da yap\u0131lsa k\u00f6pr\u00fc de yap\u0131lsa, en k\u00fc\u00e7\u00fck ayr\u0131nt\u0131ya kadar \u00f6v\u00fcl\u00fcr ama \u201c\u015f\u00f6yle olsa daha iyi olurdu\u201d denmez. Ele\u015ftiri, yanl\u0131\u015f arama ya da eksik s\u00f6yleme gibi kavramlar tamamen rafa kalkar.<\/span><\/p>\n<p><span style=\"font-weight: 400;\">\u0130\u015fte medya kutupla\u015fmas\u0131n\u0131n en somut hali budur:<\/span><\/p>\n<p><span style=\"font-weight: 400;\">Bir kanal\u0131 a\u00e7ars\u0131n\u0131z, \u00fclke g\u00fcll\u00fck g\u00fclistanl\u0131k; ba\u015fka kanal\u0131 a\u00e7ars\u0131n\u0131z, \u00fclke bitmi\u015f, t\u00fckenmi\u015f, halk \u00e7\u00f6pten ekmek topluyor\u2026\u00a0<\/span><\/p>\n<p><span style=\"font-weight: 400;\"><strong>Ger\u00e7e\u011fin yar\u0131s\u0131yla hakikat olmaz.<\/strong>\u00a0Hakikat b\u00fct\u00fcnd\u00fcr; eksiltilmi\u015f, manip\u00fcle edilmi\u015f bir ger\u00e7eklik do\u011fruyu vermez.<\/span><\/p>\n<p><span style=\"font-weight: 400;\">Toplumu kutupla\u015ft\u0131rmak, insanlar\u0131 kamplara b\u00f6lmek, her olay\u0131 \u201cbizimkiler\u2013sizinkiler\u201d diye yorumlamak, \u00fclkeye yap\u0131labilecek en b\u00fcy\u00fck k\u00f6t\u00fcl\u00fckt\u00fcr. \u00dclke sorunlar\u0131n\u0131 da ba\u015far\u0131lar\u0131n\u0131 da hep birlikte konu\u015fmak zorunday\u0131z. \u0130yiye iyi, k\u00f6t\u00fcye k\u00f6t\u00fc demeyi \u00f6\u011frenmedik\u00e7e, \u00e7amurun rengi de\u011fi\u015fir ama \u00e7amur \u00e7amurdur.<\/span><\/p>\n<p><span style=\"font-weight: 400;\">Hele bir de kendini ele\u015ftirinin merkezine yerle\u015ftirip hi\u00e7bir \u015feyi be\u011fenmemeyi meziyet sanan bir kesim gazeteci var ki; onlar\u0131n d\u00fcnyas\u0131nda memnuniyet g\u00f6stermek neredeyse ay\u0131p, takdir etmek zay\u0131fl\u0131k, olumlu bir \u015fey s\u00f6ylemek ise taraf tutmak gibi g\u00f6r\u00fcl\u00fcyor. Bu ki\u015filer, kendi hayat\u0131nda dahi hi\u00e7bir \u015feyi yolunda g\u00f6remeyen, i\u00e7 huzurunu ele\u015ftirinin g\u00fcr\u00fclt\u00fcs\u00fcnde bast\u0131rmaya \u00e7al\u0131\u015fan, kendisiyle bar\u0131\u015f\u0131k olmayan bir ruh h\u00e2lini mesleki duru\u015f zannediyor. Ne yap\u0131l\u0131rsa yap\u0131ls\u0131n, sonu\u00e7 ne olursa olsun, her haberi bir kusur arama refleksiyle kar\u015f\u0131l\u0131yor; her t\u00fcrl\u00fc ba\u015far\u0131y\u0131 g\u00f6rmezden geliyor, her geli\u015fmeyi ya k\u00fc\u00e7\u00fcms\u00fcyor ya da itibars\u0131zla\u015ft\u0131r\u0131yorlar.\u00a0<\/span><\/p>\n<p><span style=\"font-weight: 400;\">Onlar i\u00e7in objektiflik, ger\u00e7e\u011fin b\u00fct\u00fcn\u00fcn\u00fc aktarmak de\u011fil, s\u00fcrekli bir eksiklik bulmak \u00fczerine kurulu bir d\u00fczene d\u00f6n\u00fc\u015fm\u00fc\u015f durumda. B\u00f6yle olunca gazetecilik, topluma \u0131\u015f\u0131k tutan bir meslek olmaktan \u00e7\u0131k\u0131yor; ki\u015fisel tatminsizliklerin, \u00f6fke birikimlerinin ve ba\u015far\u0131s\u0131zl\u0131k komplekslerinin sahnesine d\u00f6n\u00fcyor.<\/span><\/p>\n<p><span style=\"font-weight: 400;\">Hele bir de bu tablonun en karanl\u0131k akt\u00f6rleri var: Troller\u2026 \u00dcstelik \u00f6yle kendili\u011finden fikir \u00fcreten, bireysel tepkiler veren insanlar da de\u011fil; a\u00e7\u0131k ya da \u00f6rt\u00fcl\u00fc bi\u00e7imde maa\u015fl\u0131, besleme ve organize yap\u0131lar\u0131n par\u00e7as\u0131 olan troller. Kalemi olmayan ama klavyeyi silah gibi kullanan, gazeteci kimli\u011fi ta\u015f\u0131mad\u0131\u011f\u0131 h\u00e2lde gazetecilik taslayan bu yap\u0131lar\u0131n, bas\u0131n mesle\u011fiyle en k\u00fc\u00e7\u00fck bir ilgisi dahi yoktur.<\/span><\/p>\n<p><span style=\"font-weight: 400;\">Bunlar\u0131n dertleri haber vermek de\u011fildir; alg\u0131 y\u00f6netmektir. Ger\u00e7e\u011fi ara\u015ft\u0131rmak de\u011fil, ger\u00e7e\u011fi e\u011fip b\u00fckmektir. Ele\u015ftirmek de\u011fil; lin\u00e7 etmek, itibars\u0131zla\u015ft\u0131rmak, sindirmek ve susturmakt\u0131r. Bir olay ya\u015fan\u0131r, hen\u00fcz bilgi netle\u015fmeden sahaya inerler. Man\u015fet atmazlar ama etiket belirlerler, headline (ba\u015fl\u0131k) yazmazlar ama hedef g\u00f6sterirler. Kamuoyunu ayd\u0131nlatmak yerine karart\u0131rlar.<\/span><\/p>\n<p><span style=\"font-weight: 400;\">Gazetecilik; sorumluluk ister, ahlak ister, vicdan ister. Troll\u00fck ise anonimlikten beslenir. \u0130mzas\u0131zd\u0131r, y\u00fczs\u00fczd\u00fcr, hesaps\u0131zd\u0131r. Yar\u0131n\u00a0 dedi\u011fini bug\u00fcn ink\u00e2r edebilir, d\u00fcn savundu\u011funu bug\u00fcn yerden yere vurabilir. \u00c7\u00fcnk\u00fc bir fikri yoktur; sadece talimat\u0131 vard\u0131r. Bug\u00fcn alk\u0131\u015flad\u0131\u011f\u0131na yar\u0131n k\u00fcf\u00fcr eder, yeter ki maa\u015f yats\u0131n, g\u00f6rev yerine gelsin.<\/span><\/p>\n<p><span style=\"font-weight: 400;\">Daha da vahimi, bu trol d\u00fczeninin zamanla <strong>yeni normal<\/strong>\u00a0h\u00e2line getirilmeye \u00e7al\u0131\u015f\u0131lmas\u0131d\u0131r. Sanki gazetecilik buymu\u015f gibi, sanki hakikat b\u00f6yle savunulurmu\u015f gibi sunuluyor. Oysa bu ne gazeteciliktir ne de ele\u015ftiridir. Bu, mesle\u011fin itibar\u0131na vurulmu\u015f organize bir darbedir.<\/span><\/p>\n<p><span style=\"font-weight: 400;\">Ben bu yap\u0131lar\u0131 bas\u0131n mesle\u011fiyle ba\u011fda\u015ft\u0131rmaya bile kar\u015f\u0131y\u0131m. \u00c7\u00fcnk\u00fc gazetecilik; ne tetik\u00e7iliktir ne de propaganda memurlu\u011fu. Gazetecilik, g\u00fcce yak\u0131n durarak de\u011fil; hakikate yak\u0131n durarak yap\u0131l\u0131r. Ve troller, hangi g\u00f6r\u00fc\u015ften olursa olsun, bu mesle\u011fin ne bug\u00fcn\u00fc ne de yar\u0131n\u0131 olabilir.<\/span><\/p>\n<p><span style=\"font-weight: 400;\"><strong>Asl\u0131nda bu tip gazeteciler olmasa siyaset bu kadar kirli olmaz.<\/strong><\/span><\/p>\n<p><span style=\"font-weight: 400;\">B\u00fct\u00fcn bu tabloya ra\u011fmen, hakk\u0131n\u0131 teslim etmek gerekir ki bu \u00fclkede h\u00e2l\u00e2 d\u00fcr\u00fcst gazeteciler var. Sessiz kalan ama susmayan, y\u00fcksek sesle ba\u011f\u0131rmayan ama ger\u00e7e\u011fi e\u011fip b\u00fckmeyen insanlar\u2026 Ne iktidar\u0131n alk\u0131\u015f korosunda ne de muhalefetin refleks man\u015fet\u00e7ili\u011finde yer alan; g\u00fcc\u00fcn\u00fc kamplardan de\u011fil, vicdan\u0131ndan alan gazeteciler.<\/span><\/p>\n<p><span style=\"font-weight: 400;\">Bu insanlar i\u00e7in gazetecilik bir taraf tutma yar\u0131\u015f\u0131 de\u011fildir. Onlar i\u00e7in mesele; kimin yapt\u0131\u011f\u0131 de\u011fil, neyin yap\u0131ld\u0131\u011f\u0131d\u0131r. Do\u011fruyu do\u011fru, yanl\u0131\u015f\u0131 yanl\u0131\u015f s\u00f6ylemenin bedeli olsa bile, o bedeli \u00f6demeyi g\u00f6ze al\u0131rlar. Alk\u0131\u015f beklemezler, lin\u00e7ten korkarlar ama susmazlar. \u00c7\u00fcnk\u00fc mesle\u011fi bir ge\u00e7im kap\u0131s\u0131 de\u011fil, bir sorumluluk alan\u0131 olarak g\u00f6r\u00fcrler.<\/span><\/p>\n<p><span style=\"font-weight: 400;\">D\u00fcr\u00fcst gazeteci; yap\u0131lan do\u011fru i\u015fi \u00f6verken mahcup olmaz, yanl\u0131\u015f g\u00f6rd\u00fc\u011f\u00fc i\u015fi ele\u015ftirirken de d\u00fc\u015fmanl\u0131k yapmaz. Ele\u015ftiriyi ba\u011f\u0131rarak de\u011fil, deliliyle yapar. Man\u015feti \u00f6fkeyle atmaz, bilgiyi teyitsiz payla\u015fmaz. Eksik de g\u00f6r\u00fcr, iyi de g\u00f6r\u00fcr; \u00e7\u00fcnk\u00fc hakikatin ancak b\u00fct\u00fcn olarak aktar\u0131ld\u0131\u011f\u0131nda anlam ta\u015f\u0131d\u0131\u011f\u0131n\u0131 bilir.<\/span><\/p>\n<p><span style=\"font-weight: 400;\">Bu y\u00fczden ger\u00e7ek gazetecilik \u00e7o\u011fu zaman parlamaz. G\u00fcndem olmaz, trend listelerine girmez. Ama yar\u0131n d\u00f6n\u00fcp bak\u0131ld\u0131\u011f\u0131nda, ar\u015fivde utan\u00e7 de\u011fil onur b\u0131rak\u0131r. \u00c7\u00fcnk\u00fc hakikatle kurulmu\u015f bir c\u00fcmle, alg\u0131yla kurulmu\u015f bin c\u00fcmleden daha uzun \u00f6m\u00fcrl\u00fcd\u00fcr.<\/span><\/p>\n<p><span style=\"font-weight: 400;\">Bug\u00fcn itibar\u0131n\u0131 yitirmi\u015f g\u00f6r\u00fcnen gazetecilik mesle\u011fini ayakta tutanlar da i\u015fte bu insanlard\u0131r. Ne trollerdir ne tetik\u00e7iler. Ne sipari\u015f man\u015fet atarlar ne de talimat c\u00fcmleleri kurarlar. Haberle aralar\u0131na mesafe koymaz, g\u00fc\u00e7le aralar\u0131na mesafe koymay\u0131 bilirler.<\/span><\/p>\n<p><span style=\"font-weight: 400;\">Ve bilinmelidir ki; bu \u00fclkede gazetecilik h\u00e2l\u00e2 bitmediyse, h\u00e2l\u00e2 tamamen kirlenmediyse, bunun tek sebebi bu d\u00fcr\u00fcst, ahlakl\u0131 ve vicdanl\u0131 gazetecilerdir. Onlar az olabilir ama etkilidir. G\u00fcr\u00fclt\u00fc yapmazlar ama iz b\u0131rak\u0131rlar. \u00c7\u00fcnk\u00fc hakikat sessizdir; ama kal\u0131c\u0131d\u0131r.<\/span><\/p>\n<p><span style=\"font-weight: 400;\">Tam da bu nedenle, bug\u00fcn K\u0131r\u015fehir\u2019de ya\u015fanan g\u00fczel geli\u015fmelerden bahsetmek, hizmet edenlerin hakk\u0131n\u0131 teslim etmek ve eme\u011fi ge\u00e7enlere te\u015fekk\u00fcr etmek istiyorum. \u00c7\u00fcnk\u00fc k\u00f6t\u00fcl\u00fc\u011f\u00fc konu\u015fmak kolayd\u0131r; iyiyi g\u00f6rmek ve dillendirmek ise emek ister.<\/span><\/p>\n<p><span style=\"font-weight: 400;\">20-22 Kas\u0131m 2025 tarihleri aras\u0131nda ger\u00e7ekle\u015ftirilen \u201cUluslararas\u0131 Anadolu\u2019da T\u00fcrk Yaz\u0131 Dilinin \u00d6nc\u00fcleri ve \u00c2\u015f\u0131k Pa\u015fa Sempozyumu\u201d K\u0131r\u015fehir ad\u0131na \u00e7ok k\u0131ymetli bir organizasyondu. Anadolu\u2019nun k\u00fclt\u00fcr damar\u0131n\u0131 besleyen isimlerden A\u015f\u0131kpa\u015fa\u2019n\u0131n konu\u015fuldu\u011fu, tarihle bug\u00fcn\u00fcn birle\u015ftirildi\u011fi etkili bir \u00fc\u00e7 g\u00fcnl\u00fck programd\u0131.<\/span><\/p>\n<p><span style=\"font-weight: 400;\">Sempozyuma e\u015flik eden:<\/span><\/p>\n<p><span style=\"font-weight: 400;\">-A\u015f\u0131kpa\u015fa\u2019n\u0131n Torunlar\u0131 Yaz\u0131yor Projesi,<\/span><span style=\"font-weight: 400;\"><br \/>\n<\/span><span style=\"font-weight: 400;\">-T\u00fcrk\u00e7enin K\u0131r\u015fehir\u2019de Uyanan \u00c7era\u011f\u0131: A\u015f\u0131kpa\u015fa Yazma Eserler Sergisi,<\/span><span style=\"font-weight: 400;\"><br \/>\n<\/span><span style=\"font-weight: 400;\">-A\u015f\u0131k Pa\u015fayla 40 g\u00fcnde 40 Eser Projesi\u2026<\/span><\/p>\n<p><span style=\"font-weight: 400;\">K\u0131r\u015fehir\u2019in k\u00fclt\u00fcr haritas\u0131nda iz b\u0131rakacak d\u00fczeyde etkinlikler idi.<\/span><\/p>\n<p><span style=\"font-weight: 400;\">Bu \u015fehir, tarihini anlatmaya kalksa as\u0131rlara s\u0131\u011fmaz; ama biz bazen sahip olduklar\u0131m\u0131z\u0131n de\u011ferini konu\u015fmay\u0131 bile unutuyoruz. Hat\u0131rlatanlara da bir te\u015fekk\u00fcr\u00fc \u00e7ok g\u00f6r\u00fcyoruz.<\/span><\/p>\n<p><span style=\"font-weight: 400;\">Bu etkinlikleri organize eden de\u011ferli Valimiz Murat Sefa Demiry\u00fcrek\u2019e, K\u0131r\u015fehir Ahi Evran \u00dcniversitesi Rekt\u00f6r\u00fc Prof. Dr. Mustafa Kas\u0131m Karahoca\u011fil hocaya ve eme\u011fi ge\u00e7enlere minnettar\u0131z.<\/span><\/p>\n<p><span style=\"font-weight: 400;\">Ben uzun zamand\u0131r K\u0131r\u015fehir\u2019de bir K\u00fclt\u00fcr Yolu Festivali yap\u0131lmas\u0131n\u0131 savunan biriyim. \u00c7\u00fcnk\u00fc bu topraklar\u0131n k\u00fclt\u00fcrel de\u011feri, bir\u00e7ok \u015fehri geride b\u0131rakacak g\u00fc\u00e7tedir.<\/span><\/p>\n<p><span style=\"font-weight: 400;\">30 Eyl\u00fcl 2025\u2019te K\u0131r\u015fehir Ses Haber\u2019de yay\u0131mlanan <strong>Ahilik Haftas\u0131\u2019ndan K\u00fclt\u00fcr Yolu\u2019na: K\u0131r\u015fehir \u0130\u00e7in Yeni Bir Ufuk<\/strong>\u00a0ba\u015fl\u0131kl\u0131 yaz\u0131mda da bunu a\u00e7\u0131k\u00e7a ifade etmi\u015ftim.<\/span><\/p>\n<p><span style=\"font-weight: 400;\">Ahilik gelene\u011fi, Yunus Emre\u2019nin nefesi, Ne\u015fet Erta\u015f\u2019\u0131n saz\u0131\u2026<\/span><\/p>\n<p><span style=\"font-weight: 400;\">UNESCO M\u00fczik \u015eehri unvan\u0131m\u0131z, kadim tarihimiz, k\u00fclt\u00fcrel derinli\u011fimiz\u2026<\/span><\/p>\n<p><span style=\"font-weight: 400;\">B\u00fct\u00fcn bunlar bir \u015fehri festival zincirine dahil etmek i\u00e7in fazlas\u0131yla g\u00fc\u00e7l\u00fc gerek\u00e7elerdir.<\/span><\/p>\n<p><span style=\"font-weight: 400;\">K\u00fclt\u00fcr ve Turizm Bakanl\u0131\u011f\u0131, 2025\u2019te K\u00fclt\u00fcr Yolu kapsam\u0131ndaki \u015fehir say\u0131s\u0131n\u0131 20\u2019ye \u00e7\u0131kard\u0131.<\/span><\/p>\n<p><span style=\"font-weight: 400;\">Bu say\u0131 2026\u2019da 26\u2019ya, 2027\u2019de ise 32\u2019ye ula\u015facak.<\/span><\/p>\n<p><span style=\"font-weight: 400;\">Neden bu listede K\u0131r\u015fehir olmas\u0131n?<\/span><\/p>\n<p><span style=\"font-weight: 400;\">Neden bu topraklar\u0131n sesi, eserleri, maneviyat\u0131 T\u00fcrkiye\u2019nin k\u00fclt\u00fcr haritas\u0131nda daha g\u00f6r\u00fcn\u00fcr olmas\u0131n?<\/span><\/p>\n<p><span style=\"font-weight: 400;\">Ancak bunun i\u00e7in bir \u015feye ihtiyac\u0131m\u0131z var:<\/span><\/p>\n<p><span style=\"font-weight: 400;\">\u015eehir olarak birlik olmak.<\/span><\/p>\n<p><span style=\"font-weight: 400;\">Siyasi ayr\u0131l\u0131klar\u0131 bir kenara b\u0131rak\u0131p ortak ak\u0131lda bulu\u015fmak.<\/span><\/p>\n<p><span style=\"font-weight: 400;\">K\u0131r\u015fehir\u2019in talebini g\u00fc\u00e7l\u00fc bir \u015fekilde Ankara\u2019ya ta\u015f\u0131mak.<\/span><\/p>\n<p><span style=\"font-weight: 400;\">Bir d\u00f6nem bu konu g\u00fcndeme geldi, fakat s\u00fcre\u00e7 akamete u\u011frad\u0131. K\u00fclt\u00fcr ve Turizm Bakanl\u0131\u011f\u0131na yaz\u0131 g\u00f6ndermek tercih edildi. Halbuki sadece bir yaz\u0131 yaz\u0131p g\u00f6ndermekle b\u00fcy\u00fck i\u015fler ger\u00e7ekle\u015fmez. Takip gerekir, irade gerekir, \u0131srar gerekir.\u00a0<\/span><\/p>\n<p><span style=\"font-weight: 400;\">\u00d6zetle bu minvalde yaz\u0131 yazm\u0131\u015f, Milletvekilimiz Necmettin Erkan\u2019\u0131n bu talebi en \u00fcst noktada dillendirme yetene\u011fine sahip oldu\u011fu ifade etmi\u015ftim.<\/span><\/p>\n<p><span style=\"font-weight: 400;\">K\u0131r\u015fehir Milletvekili Necmettin Erkan\u2019\u0131n TBMM Plan ve B\u00fct\u00e7e Komisyonu\u2019ndaki konu\u015fmas\u0131nda, K\u0131r\u015fehir\u2019in K\u00fclt\u00fcr Yolu Festivalleri kapsam\u0131na dahil edilmesi talebini do\u011frudan K\u00fclt\u00fcr ve Turizm Bakan\u0131na iletmi\u015f oldu\u011funu \u00f6\u011frendik. Bu giri\u015fim \u015fehir ad\u0131na k\u0131ymetli bir ad\u0131md\u0131r.<\/span><\/p>\n<p><span style=\"font-weight: 400;\">Bu a\u00e7\u0131klama, daha \u00f6nce kendi aram\u0131zda konu\u015fmakla yetindi\u011fimiz bir talebin, art\u0131k resmi zeminde dile getirildi\u011fini g\u00f6steriyor.<\/span><\/p>\n<p><span style=\"font-weight: 400;\">Say\u0131n Erkan\u2019\u0131n \u201cS\u00fcrecin takip\u00e7isi olaca\u011f\u0131m\u201d s\u00f6z\u00fcn\u00fc \u00f6nemli buluyorum.<\/span><\/p>\n<p><span style=\"font-weight: 400;\">\u00c7\u00fcnk\u00fc mesele yaln\u0131zca bir festival de\u011fil, K\u0131r\u015fehir\u2019in k\u00fclt\u00fcr-sanat alan\u0131nda hak etti\u011fi noktaya gelmesi meselesidir.<\/span><\/p>\n<p><span style=\"font-weight: 400;\">Bir \u015fehrin g\u00f6r\u00fcn\u00fcrl\u00fc\u011f\u00fc, ulusal k\u00fclt\u00fcr a\u011flar\u0131na ba\u011flant\u0131s\u0131, turizm potansiyeli ve k\u00fclt\u00fcrel ekonomi i\u00e7in bu tarz organizasyonlar kritik \u00f6nem ta\u015f\u0131r.<\/span><\/p>\n<p><span style=\"font-weight: 400;\">Bu giri\u015fiminden dolay\u0131 Milletvekilimiz Necmettin Erkan beye te\u015fekk\u00fcr ediyoruz. E\u011fer bu giri\u015fimde k\u00f6\u015fe yaz\u0131m\u0131z\u0131n bir etkisi olduysa bizde bahtiyarl\u0131k duyar\u0131z, ama te\u015fekk\u00fcrlerimizin adresi Necmettin bey\u2026<\/span><\/p>\n<p><span style=\"font-weight: 400;\">Netice olarak; gazetecinin g\u00f6revi ne iktidarda bulunan\u0131n borazan\u0131 olmak ne muhalefetin yay\u0131n organ\u0131 gibi davranmakt\u0131r. Gazetecinin g\u00f6revi, do\u011frunun pe\u015finden gitmek, iyiyi takdir etmek, yanl\u0131\u015f\u0131 ele\u015ftirebilmektir.<\/span><\/p>\n<p><span style=\"font-weight: 400;\">Bug\u00fcn K\u0131r\u015fehir\u2019de g\u00fczel bir geli\u015fme ya\u015fan\u0131yorsa bunu s\u00f6ylemek gerekir.<\/span><\/p>\n<p><span style=\"font-weight: 400;\">Yar\u0131n yanl\u0131\u015f yap\u0131l\u0131rsa onu da s\u00f6ylemek gerekir.<\/span><\/p>\n<p><span style=\"font-weight: 400;\">Toplumu kutupla\u015ft\u0131rman\u0131n kimseye faydas\u0131 yok.<\/span><\/p>\n<p><span style=\"font-weight: 400;\">Biz birlikte olursak g\u00fc\u00e7l\u00fcy\u00fcz; ayr\u0131\u015ft\u0131k\u00e7a zay\u0131flar\u0131z.<\/span><\/p>\n<p><span style=\"font-weight: 400;\"><strong>K\u0131r\u015fehir bu \u00fclkenin k\u00fclt\u00fcr damarlar\u0131ndan biridir.<\/strong><\/span><\/p>\n<p><span style=\"font-weight: 400;\">Bu damar\u0131n daha g\u00f6r\u00fcn\u00fcr olmas\u0131, ulusal d\u00fczeyde de\u011fer bulmas\u0131 i\u00e7in art\u0131k el birli\u011fiyle \u00e7al\u0131\u015fma zaman\u0131d\u0131r.<\/span><\/p>\n<p><span style=\"font-weight: 400;\">Bug\u00fcn at\u0131lan ad\u0131mlar umar\u0131m yar\u0131n b\u00fcy\u00fck sonu\u00e7lara d\u00f6n\u00fc\u015f\u00fcr.<\/span><\/p>\n<p><span style=\"font-weight: 400;\">Ger\u00e7e\u011fin yar\u0131s\u0131n\u0131 g\u00f6rmek kolayd\u0131r.<\/span><\/p>\n<p><span style=\"font-weight: 400;\">Hakikat ise ancak b\u00fct\u00fcn bak\u0131ld\u0131\u011f\u0131nda ortaya \u00e7\u0131kar.<\/span><\/p>\n<p><span style=\"font-weight: 400;\">Biz hakikatin taraf\u0131nda durmaya devam edece\u011fiz.<\/span><\/p>\n<p style=\"text-align: right;\">Osman DEM\u0130R<\/p>\n","protected":false},"excerpt":{"rendered":"<p>G\u00fcc\u00fcn\u00fc Vicdan\u0131ndan Alan Gazeteciler Toplum olarak en belirgin al\u0131\u015fkanl\u0131klar\u0131m\u0131zdan biri, \u00e7o\u011fu zaman bir konunun olumlu taraf\u0131ndan \u00e7ok olumsuz taraf\u0131na odaklanmak.\u00a0 Barda\u011f\u0131n bo\u015f taraf\u0131 daha cazip gelir nedense\u2026\u00a0 Dolu taraf\u0131 g\u00f6rmeyi ya ak\u0131l etmeyiz ya da g\u00f6rsek bile dile getirmeyi kendimize yak\u0131\u015ft\u0131rmay\u0131z. Bu tuhaf al\u0131\u015fkanl\u0131k, \u00f6zellikle bizim meslekte, yani gazetecilikte daha da derinle\u015fiyor. Elimize kalemi al\u0131r [&hellip;]<\/p>\n","protected":false},"author":1,"featured_media":1097,"comment_status":"open","ping_status":"open","sticky":false,"template":"","format":"standard","meta":{"footnotes":""},"categories":[8],"tags":[],"class_list":["post-1096","post","type-post","status-publish","format-standard","has-post-thumbnail","hentry","category-kirsehir"],"_links":{"self":[{"href":"https:\/\/www.kirsehirses.com\/index.php\/wp-json\/wp\/v2\/posts\/1096","targetHints":{"allow":["GET"]}}],"collection":[{"href":"https:\/\/www.kirsehirses.com\/index.php\/wp-json\/wp\/v2\/posts"}],"about":[{"href":"https:\/\/www.kirsehirses.com\/index.php\/wp-json\/wp\/v2\/types\/post"}],"author":[{"embeddable":true,"href":"https:\/\/www.kirsehirses.com\/index.php\/wp-json\/wp\/v2\/users\/1"}],"replies":[{"embeddable":true,"href":"https:\/\/www.kirsehirses.com\/index.php\/wp-json\/wp\/v2\/comments?post=1096"}],"version-history":[{"count":1,"href":"https:\/\/www.kirsehirses.com\/index.php\/wp-json\/wp\/v2\/posts\/1096\/revisions"}],"predecessor-version":[{"id":1098,"href":"https:\/\/www.kirsehirses.com\/index.php\/wp-json\/wp\/v2\/posts\/1096\/revisions\/1098"}],"wp:featuredmedia":[{"embeddable":true,"href":"https:\/\/www.kirsehirses.com\/index.php\/wp-json\/wp\/v2\/media\/1097"}],"wp:attachment":[{"href":"https:\/\/www.kirsehirses.com\/index.php\/wp-json\/wp\/v2\/media?parent=1096"}],"wp:term":[{"taxonomy":"category","embeddable":true,"href":"https:\/\/www.kirsehirses.com\/index.php\/wp-json\/wp\/v2\/categories?post=1096"},{"taxonomy":"post_tag","embeddable":true,"href":"https:\/\/www.kirsehirses.com\/index.php\/wp-json\/wp\/v2\/tags?post=1096"}],"curies":[{"name":"wp","href":"https:\/\/api.w.org\/{rel}","templated":true}]}}