{"id":1109,"date":"2025-12-11T05:10:28","date_gmt":"2025-12-11T02:10:28","guid":{"rendered":"https:\/\/www.kirsehirses.com\/?p=1109"},"modified":"2025-12-11T05:10:28","modified_gmt":"2025-12-11T02:10:28","slug":"akpinarda-hakkinda-4-yil-2-ay-kesinlesmis-cezani-bulunan-sahis-yakalandi","status":"publish","type":"post","link":"https:\/\/www.kirsehirses.com\/index.php\/2025\/12\/11\/akpinarda-hakkinda-4-yil-2-ay-kesinlesmis-cezani-bulunan-sahis-yakalandi\/","title":{"rendered":"Akp\u0131nar&#8217;da Hakk\u0131nda 4 Y\u0131l 2 Ay Kesinle\u015fmi\u015f Cezan\u0131 Bulunan \u015eah\u0131s Yakaland\u0131"},"content":{"rendered":"<p>Akp\u0131nar&#8217;da Hakk\u0131nda 4 Y\u0131l 2 Ay Kesinle\u015fmi\u015f Cezan\u0131 Bulunan \u015eah\u0131s Yakaland\u0131<\/p>\n<p>K\u0131r\u015fehir\u2019in Akp\u0131nar il\u00e7esinde Jandarma ekiplerince y\u00fcr\u00fct\u00fclen \u00e7al\u0131\u015fmada, \u00e7e\u015fitli su\u00e7lardan aranan ve 4 y\u0131l 2 ay kesinle\u015fmi\u015f hapis cezas\u0131 bulunan M.A. yakaland\u0131.<br \/>\nAdliyeye \u00e7\u0131kar\u0131lan \u015fah\u0131s, i\u015flemlerinin ard\u0131ndan K\u0131r\u015fehir Y Tipi Kapal\u0131 Ceza \u0130nfaz Kurumu\u2019na g\u00f6nderildi.<\/p>\n","protected":false},"excerpt":{"rendered":"<p>Akp\u0131nar&#8217;da Hakk\u0131nda 4 Y\u0131l 2 Ay Kesinle\u015fmi\u015f Cezan\u0131 Bulunan \u015eah\u0131s Yakaland\u0131 K\u0131r\u015fehir\u2019in Akp\u0131nar il\u00e7esinde Jandarma ekiplerince y\u00fcr\u00fct\u00fclen \u00e7al\u0131\u015fmada, \u00e7e\u015fitli su\u00e7lardan aranan ve 4 y\u0131l 2 ay kesinle\u015fmi\u015f hapis cezas\u0131 bulunan M.A. yakaland\u0131. Adliyeye \u00e7\u0131kar\u0131lan \u015fah\u0131s, i\u015flemlerinin ard\u0131ndan K\u0131r\u015fehir Y Tipi Kapal\u0131 Ceza \u0130nfaz Kurumu\u2019na g\u00f6nderildi.<\/p>\n","protected":false},"author":1,"featured_media":1110,"comment_status":"open","ping_status":"open","sticky":false,"template":"","format":"standard","meta":{"footnotes":""},"categories":[8],"tags":[],"class_list":["post-1109","post","type-post","status-publish","format-standard","has-post-thumbnail","hentry","category-kirsehir"],"_links":{"self":[{"href":"https:\/\/www.kirsehirses.com\/index.php\/wp-json\/wp\/v2\/posts\/1109","targetHints":{"allow":["GET"]}}],"collection":[{"href":"https:\/\/www.kirsehirses.com\/index.php\/wp-json\/wp\/v2\/posts"}],"about":[{"href":"https:\/\/www.kirsehirses.com\/index.php\/wp-json\/wp\/v2\/types\/post"}],"author":[{"embeddable":true,"href":"https:\/\/www.kirsehirses.com\/index.php\/wp-json\/wp\/v2\/users\/1"}],"replies":[{"embeddable":true,"href":"https:\/\/www.kirsehirses.com\/index.php\/wp-json\/wp\/v2\/comments?post=1109"}],"version-history":[{"count":1,"href":"https:\/\/www.kirsehirses.com\/index.php\/wp-json\/wp\/v2\/posts\/1109\/revisions"}],"predecessor-version":[{"id":1111,"href":"https:\/\/www.kirsehirses.com\/index.php\/wp-json\/wp\/v2\/posts\/1109\/revisions\/1111"}],"wp:featuredmedia":[{"embeddable":true,"href":"https:\/\/www.kirsehirses.com\/index.php\/wp-json\/wp\/v2\/media\/1110"}],"wp:attachment":[{"href":"https:\/\/www.kirsehirses.com\/index.php\/wp-json\/wp\/v2\/media?parent=1109"}],"wp:term":[{"taxonomy":"category","embeddable":true,"href":"https:\/\/www.kirsehirses.com\/index.php\/wp-json\/wp\/v2\/categories?post=1109"},{"taxonomy":"post_tag","embeddable":true,"href":"https:\/\/www.kirsehirses.com\/index.php\/wp-json\/wp\/v2\/tags?post=1109"}],"curies":[{"name":"wp","href":"https:\/\/api.w.org\/{rel}","templated":true}]}}