{"id":1112,"date":"2025-12-11T05:14:23","date_gmt":"2025-12-11T02:14:23","guid":{"rendered":"https:\/\/www.kirsehirses.com\/?p=1112"},"modified":"2025-12-11T05:14:23","modified_gmt":"2025-12-11T02:14:23","slug":"kirsehire-5-yeni-ambulans-tahsis-edildi","status":"publish","type":"post","link":"https:\/\/www.kirsehirses.com\/index.php\/2025\/12\/11\/kirsehire-5-yeni-ambulans-tahsis-edildi\/","title":{"rendered":"K\u0131r\u015fehir\u2019e 5 Yeni Ambulans Tahsis Edildi"},"content":{"rendered":"<p><strong>K\u0131r\u015fehir\u2019e 5 Yeni Ambulans Tahsis Edildi<\/strong><\/p>\n<p>Sa\u011fl\u0131k Bakanl\u0131\u011f\u0131 taraf\u0131ndan K\u0131r\u015fehir\u2019e 5 adet tam donan\u0131ml\u0131 acil yard\u0131m ambulans\u0131 tahsis edildi. Yeni ambulanslarla birlikte ildeki acil sa\u011fl\u0131k hizmetlerinin m\u00fcdahale h\u0131z\u0131 ve hizmet kalitesinin art\u0131r\u0131lmas\u0131 hedefleniyor.<\/p>\n<p>AK Parti K\u0131r\u015fehir \u0130l Ba\u015fkan\u0131 Seher \u00dcnsal, ambulans tahsisini sosyal medya hesab\u0131ndan duyurarak Cumhurba\u015fkan\u0131 Recep Tayyip Erdo\u011fan, Sa\u011fl\u0131k Bakan\u0131 Prof. Dr. Kemal Memi\u015fo\u011flu ve eme\u011fi ge\u00e7enlere te\u015fekk\u00fcr etti.<\/p>\n","protected":false},"excerpt":{"rendered":"<p>K\u0131r\u015fehir\u2019e 5 Yeni Ambulans Tahsis Edildi Sa\u011fl\u0131k Bakanl\u0131\u011f\u0131 taraf\u0131ndan K\u0131r\u015fehir\u2019e 5 adet tam donan\u0131ml\u0131 acil yard\u0131m ambulans\u0131 tahsis edildi. Yeni ambulanslarla birlikte ildeki acil sa\u011fl\u0131k hizmetlerinin m\u00fcdahale h\u0131z\u0131 ve hizmet kalitesinin art\u0131r\u0131lmas\u0131 hedefleniyor. AK Parti K\u0131r\u015fehir \u0130l Ba\u015fkan\u0131 Seher \u00dcnsal, ambulans tahsisini sosyal medya hesab\u0131ndan duyurarak Cumhurba\u015fkan\u0131 Recep Tayyip Erdo\u011fan, Sa\u011fl\u0131k Bakan\u0131 Prof. Dr. Kemal [&hellip;]<\/p>\n","protected":false},"author":1,"featured_media":1113,"comment_status":"open","ping_status":"open","sticky":false,"template":"","format":"standard","meta":{"footnotes":""},"categories":[11],"tags":[],"class_list":["post-1112","post","type-post","status-publish","format-standard","has-post-thumbnail","hentry","category-saglik"],"_links":{"self":[{"href":"https:\/\/www.kirsehirses.com\/index.php\/wp-json\/wp\/v2\/posts\/1112","targetHints":{"allow":["GET"]}}],"collection":[{"href":"https:\/\/www.kirsehirses.com\/index.php\/wp-json\/wp\/v2\/posts"}],"about":[{"href":"https:\/\/www.kirsehirses.com\/index.php\/wp-json\/wp\/v2\/types\/post"}],"author":[{"embeddable":true,"href":"https:\/\/www.kirsehirses.com\/index.php\/wp-json\/wp\/v2\/users\/1"}],"replies":[{"embeddable":true,"href":"https:\/\/www.kirsehirses.com\/index.php\/wp-json\/wp\/v2\/comments?post=1112"}],"version-history":[{"count":1,"href":"https:\/\/www.kirsehirses.com\/index.php\/wp-json\/wp\/v2\/posts\/1112\/revisions"}],"predecessor-version":[{"id":1114,"href":"https:\/\/www.kirsehirses.com\/index.php\/wp-json\/wp\/v2\/posts\/1112\/revisions\/1114"}],"wp:featuredmedia":[{"embeddable":true,"href":"https:\/\/www.kirsehirses.com\/index.php\/wp-json\/wp\/v2\/media\/1113"}],"wp:attachment":[{"href":"https:\/\/www.kirsehirses.com\/index.php\/wp-json\/wp\/v2\/media?parent=1112"}],"wp:term":[{"taxonomy":"category","embeddable":true,"href":"https:\/\/www.kirsehirses.com\/index.php\/wp-json\/wp\/v2\/categories?post=1112"},{"taxonomy":"post_tag","embeddable":true,"href":"https:\/\/www.kirsehirses.com\/index.php\/wp-json\/wp\/v2\/tags?post=1112"}],"curies":[{"name":"wp","href":"https:\/\/api.w.org\/{rel}","templated":true}]}}