{"id":1118,"date":"2025-12-11T05:20:15","date_gmt":"2025-12-11T02:20:15","guid":{"rendered":"https:\/\/www.kirsehirses.com\/?p=1118"},"modified":"2025-12-11T05:20:15","modified_gmt":"2025-12-11T02:20:15","slug":"kirsehirin-tukenmeyen-kultur-pinari-cevat-hakki-tarim","status":"publish","type":"post","link":"https:\/\/www.kirsehirses.com\/index.php\/2025\/12\/11\/kirsehirin-tukenmeyen-kultur-pinari-cevat-hakki-tarim\/","title":{"rendered":"KIR\u015eEH\u0130R&#8217;\u0130N T\u00dcKENMEYEN K\u00dcLT\u00dcR PINARI CEVAT HAKKI TARIM"},"content":{"rendered":"<p><strong>KIR\u015eEH\u0130R&#8217;\u0130N T\u00dcKENMEYEN K\u00dcLT\u00dcR PINARI CEVAT HAKKI TARIM<\/strong><\/p>\n<p>11 Aral\u0131k 1964 Cuma g\u00fcn\u00fc K\u0131r\u015fehir bas\u0131n tarihinin ac\u0131 g\u00fcnlerinden biridir. \u00c7\u00fcnk\u00fc K\u0131r\u015fehir bas\u0131n\u0131n\u0131n ilk ve ger\u00e7ek duayeni, ilk K\u0131r\u015fehir Tarihi&#8217;nin yazar\u0131, alfabemize \u201c\u015e\u201d harfini kazand\u0131ran Cumhuriyet ayd\u0131n\u0131, 1926 y\u0131l\u0131nda tevcih edilmi\u015f \u0130stikl\u00e2l Madalyas\u0131 sahibi Cevat Hakk\u0131 Tar\u0131m 61 y\u0131l \u00f6nce 11 Aral\u0131k\u2019ta aram\u0131zdan ayr\u0131lm\u0131\u015ft\u0131.<br \/>\nBa\u015fyazar\u0131 oldu\u011fu \u201cK\u0131r\u015fehir\u201d gazetesinin d\u0131\u015f\u0131nda di\u011fer yerel gazete ve dergilerde de y\u00fczlerce de\u011ferli ara\u015ft\u0131rma yaz\u0131lar\u0131 kaleme alan 71 ya\u015f\u0131ndaki Cevat Hakk\u0131 Bey 1964&#8217;\u00fcn sonuna yakla\u015f\u0131rken rahats\u0131zlanm\u0131\u015f ve yata\u011fa d\u00fc\u015fm\u00fc\u015ft\u00fc. Hasta oldu\u011funu \u00f6\u011frenir \u00f6\u011frenmez o g\u00fcnlerde g\u00f6rev yapt\u0131\u011f\u0131 Konya&#8217;dan K\u0131r\u015fehir&#8217;e gelen \u015fair ve yazar dostum \u015e\u00fckr\u00fc Af\u015fin&#8217;le birlikte 6 Aral\u0131k Pazar g\u00fcn\u00fc kendisini m\u00fctevaz\u0131 \u201cfakirhane\u201dsinde ziyaret ederek ge\u00e7mi\u015f olsun dileklerimizi sunmu\u015ftuk. \u015e\u00fckr\u00fc Af\u015fin ziyaret izlenimlerini sahibi oldu\u011fum \u201cYeni K\u0131r\u015fehir\u201d gazetesinin 9 Aral\u0131k \u00c7ar\u015famba g\u00fcnl\u00fc say\u0131s\u0131nda \u201cCevat Hakk\u0131 Tar\u0131m&#8217;\u0131 g\u00f6rd\u00fcm\u201d ba\u015fl\u0131\u011f\u0131 ile \u015f\u00f6yle anlatm\u0131\u015ft\u0131:<br \/>\n\u201cPazar g\u00fcn\u00fc Dursun Yast\u0131man ile \u00fcstad Cevat Hakk\u0131 Tar\u0131m&#8217;\u0131 Yenice Mahalle&#8217;deki evinde ziyaret ettik. \u00dcstad a\u011f\u0131r hasta idi. Bu \u00e7ileke\u015f, kalbi K\u0131r\u015fehir sevgisiyle dolu b\u00fcy\u00fck memleket \u00e7ocu\u011funu \u00e7ok hasta bulduk.<br \/>\n\u201cEllerini \u00f6pt\u00fck. Bizi g\u00f6zlerimizden \u00f6pt\u00fc, ba\u011fr\u0131na bast\u0131. \u00c7ok dermans\u0131z, zeki, kara g\u00f6zleri \u00e7ok ate\u015fli ve canl\u0131 idi. Y\u00fcz\u00fc, bilhassa aln\u0131 \u00e7ok parlak ve nurlu idi. Yine aln\u0131nda uzun y\u0131llar\u0131n \u015ferefi parl\u0131yordu.<br \/>\nHocay\u0131 \u00e7ok eski zamanlardan beri tan\u0131rd\u0131m. Kale&#8217;deki eski ortaokul binas\u0131n\u0131n yerinde o zamanlar &#8216;\u0130dad\u00ee&#8217; diye bir okul vard\u0131. Okulun birinci kat\u0131nda &#8216;\u0130ptida\u00ee&#8217; (ilkokul) okurdu. Okulun ba\u015f\u00f6\u011fretmeni o idi. O zamanki Tar\u0131m uzun boylu, levent, \u00e7ok yak\u0131\u015f\u0131kl\u0131, iyi giyinir, giyindi\u011fini de yak\u0131\u015ft\u0131r\u0131r, K\u0131r\u015fehir&#8217;in yeg\u00e2ne m\u00fcnevveri, s\u00f6z sahibi bir genci idi. Zaman zaman talebelerinin \u00f6n\u00fcne d\u00fc\u015f\u00fcp o zamanlarda okullarda \u00e7ok s\u00f6ylenen<\/p>\n<p>Ar\u015f ileri, ar\u015f ileri ey maarif ordusu<br \/>\nAskerine, evl\u00e2d\u0131na yoktur \u00f6l\u00fcm korkusu<br \/>\nSensin bizim hayat\u0131m\u0131z memat\u0131m\u0131z do\u011frusu<br \/>\nAr\u015f ileri, ar\u015f ileri ey maarif ordusu<\/p>\n<p>Mar\u015f\u0131 ile kalpleri titretirdi.<\/p>\n<p>11 ARALIK 1964 CUMA SABAHI HAYATA VEDA ETT\u0130<\/p>\n<p>\u201cNat\u0131kas\u0131 kuvvetli olan \u00fcstad ayn\u0131 zamanda da \u00e7ok vel\u00fbd bir hatiptir. \u00d6zl\u00fc, veciz konu\u015furdu, \u00e7ok g\u00fczel yazard\u0131.<br \/>\n\u201cO zaman\u0131n \u00f6\u011fretmenlerinden Hac\u0131o\u011flu \u0130brahim, Haydar (G\u00f6\u00e7en), Sait Hoca (Erba\u015f), Nesibe Han\u0131m (G\u00f6nendik), Edhem, Tayyip, Re\u015fat Gen\u00e7, Kemal Tekin beyler ideal arkada\u015flar\u0131ndand\u0131.<br \/>\n\u201c1925 senesinde K\u0131r\u015fehir Vil\u00e2yet Matbaas\u0131 kuruldu\u011fu zaman matbaan\u0131n m\u00fcd\u00fcrl\u00fc\u011f\u00fc ve &#8216;K\u0131r\u015fehir&#8217; vil\u00e2yet gazetesinin ba\u015fmuharrirli\u011fine getirildi. Senelerce bu vazifede kald\u0131. &#8216;K\u0131r\u015fehir&#8217; gazetesini y\u0131llarca idare etti. O gazete &#8216;Servet-i F\u00fcnun&#8217;, &#8216;\u0130\u00e7tihat&#8217;, &#8216;Edebiyat-\u0131 Cedide&#8217; gibi K\u0131r\u015fehir&#8217;in eli kalem tutan evl\u00e2dlar\u0131n\u0131n mektebi idi.<br \/>\n\u201cG\u00f6r\u00fcn\u00fc\u015fte cidd\u00ee, sert olan hocam\u0131z bonk\u00f6r, m\u00fctevaz\u0131, merhametli, her t\u00fcrl\u00fc \u015fahs\u00ee menfaatten uzak, nev&#8217;i \u015fahs\u0131na m\u00fcnhas\u0131r de\u011ferli bir insand\u0131r. &#8216;K\u0131r\u015fehir Tarihi \u00dczerine Ara\u015ft\u0131rmalar&#8217;, &#8216;K\u0131r\u015fehir Tarih ve Co\u011frafya L\u00fcgat\u0131&#8217;, &#8216;Tarihte K\u0131r\u015fehri-G\u00fcl\u015fehri &#8211; Baba\u00eeler, Ah\u00eeler, Bekta\u015f\u00eeler&#8217;, &#8216;K\u0131r\u015fehir Tarihinde Mevl\u00e2na ve Mevlev\u00eeler&#8217;, &#8216;K\u0131r\u015fehir Ansiklopedisi&#8217; isimli eserleri \u00e7ok k\u0131ymetli \u00e7al\u0131\u015fmalar\u0131n\u0131n mahsul\u00fcd\u00fcr.<br \/>\n\u201cHocama Tanr\u0131&#8217;dan uzun, hay\u0131rl\u0131 \u00f6m\u00fcr ile k\u0131ymetli \u00e7al\u0131\u015fmalar\u0131nda ba\u015far\u0131lar dilerim.\u201d<br \/>\n\u015e\u00fckr\u00fc Af\u015fin&#8217;i son c\u00fcmlesindeki iyi dilekler ne yaz\u0131k ki temenniden \u00f6teye gitmedi ve Cevat Hakk\u0131 Bey uzun zamand\u0131r \u00e7ekti\u011fi hastal\u0131ktan kurtulamayarak kendisini evinde ziyaretimizden be\u015f g\u00fcn sonra 11 Aral\u0131k 1964 Cuma sabah\u0131 saat 6.00&#8217;da Devlet Hastanesi&#8217;nde hayata g\u00f6zlerini yumdu.<br \/>\nCevat Hakk\u0131 Tar\u0131m&#8217;\u0131n \u00f6l\u00fcm haberini ayn\u0131 g\u00fcn sahibi ve yaz\u0131 i\u015fleri m\u00fcd\u00fcr\u00fc oldu\u011fum &#8216;Yeni K\u0131r\u015fehir&#8217;de verdik. Gazetemiz sabah erken saatlerde bas\u0131ld\u0131\u011f\u0131ndan \u00f6l\u00fcm haberini iki saat sonra okurlar\u0131m\u0131za duyurmu\u015ftuk. Haberin \u00fcst\u00fcne koydu\u011fumuz Cevat Hakk\u0131 Bey&#8217;in gen\u00e7lik resminin alt\u0131na da daha \u00f6nce hakk\u0131nda yaz\u0131lan bir yaz\u0131daki \u201cT\u00fckenmeyen Adam\u201d yak\u0131\u015ft\u0131rmas\u0131ndan esinlenerek \u015funlar\u0131 yazm\u0131\u015ft\u0131k:<br \/>\n\u201cK\u0131r\u015fehir&#8217;in &#8216;T\u00fckenmeyen Adam&#8217;\u0131, fikir ve d\u00fc\u015f\u00fcnce \u00e2leminin de\u011ferli simas\u0131 \u00fcstad Cevat Hakk\u0131 Tar\u0131m nihayet t\u00fckendi. \u0130lk gen\u00e7lik y\u0131llar\u0131ndan itibaren kendisini kalemiyle memleketine vakfeden bu de\u011ferli insan \u00f6ld\u00fc\u011f\u00fc g\u00fcne kadar yazmaya devam etmi\u015f ve nihayet her f\u00e2ni gibi aram\u0131zdan ebediyen ayr\u0131lm\u0131\u015ft\u0131r.\u201d (Devam edecek)<\/p>\n<p style=\"text-align: right;\">Dursun Yast\u0131man<\/p>\n","protected":false},"excerpt":{"rendered":"<p>KIR\u015eEH\u0130R&#8217;\u0130N T\u00dcKENMEYEN K\u00dcLT\u00dcR PINARI CEVAT HAKKI TARIM 11 Aral\u0131k 1964 Cuma g\u00fcn\u00fc K\u0131r\u015fehir bas\u0131n tarihinin ac\u0131 g\u00fcnlerinden biridir. \u00c7\u00fcnk\u00fc K\u0131r\u015fehir bas\u0131n\u0131n\u0131n ilk ve ger\u00e7ek duayeni, ilk K\u0131r\u015fehir Tarihi&#8217;nin yazar\u0131, alfabemize \u201c\u015e\u201d harfini kazand\u0131ran Cumhuriyet ayd\u0131n\u0131, 1926 y\u0131l\u0131nda tevcih edilmi\u015f \u0130stikl\u00e2l Madalyas\u0131 sahibi Cevat Hakk\u0131 Tar\u0131m 61 y\u0131l \u00f6nce 11 Aral\u0131k\u2019ta aram\u0131zdan ayr\u0131lm\u0131\u015ft\u0131. Ba\u015fyazar\u0131 oldu\u011fu \u201cK\u0131r\u015fehir\u201d [&hellip;]<\/p>\n","protected":false},"author":1,"featured_media":1119,"comment_status":"open","ping_status":"open","sticky":false,"template":"","format":"standard","meta":{"footnotes":""},"categories":[8],"tags":[],"class_list":["post-1118","post","type-post","status-publish","format-standard","has-post-thumbnail","hentry","category-kirsehir"],"_links":{"self":[{"href":"https:\/\/www.kirsehirses.com\/index.php\/wp-json\/wp\/v2\/posts\/1118","targetHints":{"allow":["GET"]}}],"collection":[{"href":"https:\/\/www.kirsehirses.com\/index.php\/wp-json\/wp\/v2\/posts"}],"about":[{"href":"https:\/\/www.kirsehirses.com\/index.php\/wp-json\/wp\/v2\/types\/post"}],"author":[{"embeddable":true,"href":"https:\/\/www.kirsehirses.com\/index.php\/wp-json\/wp\/v2\/users\/1"}],"replies":[{"embeddable":true,"href":"https:\/\/www.kirsehirses.com\/index.php\/wp-json\/wp\/v2\/comments?post=1118"}],"version-history":[{"count":1,"href":"https:\/\/www.kirsehirses.com\/index.php\/wp-json\/wp\/v2\/posts\/1118\/revisions"}],"predecessor-version":[{"id":1120,"href":"https:\/\/www.kirsehirses.com\/index.php\/wp-json\/wp\/v2\/posts\/1118\/revisions\/1120"}],"wp:featuredmedia":[{"embeddable":true,"href":"https:\/\/www.kirsehirses.com\/index.php\/wp-json\/wp\/v2\/media\/1119"}],"wp:attachment":[{"href":"https:\/\/www.kirsehirses.com\/index.php\/wp-json\/wp\/v2\/media?parent=1118"}],"wp:term":[{"taxonomy":"category","embeddable":true,"href":"https:\/\/www.kirsehirses.com\/index.php\/wp-json\/wp\/v2\/categories?post=1118"},{"taxonomy":"post_tag","embeddable":true,"href":"https:\/\/www.kirsehirses.com\/index.php\/wp-json\/wp\/v2\/tags?post=1118"}],"curies":[{"name":"wp","href":"https:\/\/api.w.org\/{rel}","templated":true}]}}