{"id":1121,"date":"2025-12-12T02:50:32","date_gmt":"2025-12-11T23:50:32","guid":{"rendered":"https:\/\/www.kirsehirses.com\/?p=1121"},"modified":"2025-12-12T02:50:32","modified_gmt":"2025-12-11T23:50:32","slug":"elektrikli-atik-toplama-araci-universitenin-surdurulebilirlik-calismalarini-guclendiriyor","status":"publish","type":"post","link":"https:\/\/www.kirsehirses.com\/index.php\/2025\/12\/12\/elektrikli-atik-toplama-araci-universitenin-surdurulebilirlik-calismalarini-guclendiriyor\/","title":{"rendered":"Elektrikli At\u0131k Toplama Arac\u0131 \u00dcniversitenin S\u00fcrd\u00fcr\u00fclebilirlik \u00c7al\u0131\u015fmalar\u0131n\u0131 G\u00fc\u00e7lendiriyor"},"content":{"rendered":"<h2 data-start=\"0\" data-end=\"93\"><strong data-start=\"0\" data-end=\"93\">Elektrikli At\u0131k Toplama Arac\u0131 \u00dcniversitenin S\u00fcrd\u00fcr\u00fclebilirlik \u00c7al\u0131\u015fmalar\u0131n\u0131 G\u00fc\u00e7lendiriyor<\/strong><\/h2>\n<h3 data-start=\"95\" data-end=\"139\"><strong data-start=\"99\" data-end=\"139\">\u00c7evre Dostu Uygulamalara Yeni Destek<\/strong><\/h3>\n<p data-start=\"140\" data-end=\"399\">K\u0131r\u015fehir Ahi Evran \u00dcniversitesi, s\u00fcrd\u00fcr\u00fclebilirlik hedefleri do\u011frultusunda \u00e7evreye duyarl\u0131 uygulamalar\u0131n\u0131 g\u00fc\u00e7lendirmeye devam ediyor. \u00c7evre ve \u0130klim De\u011fi\u015fikli\u011fi Bakanl\u0131\u011f\u0131n\u0131n deste\u011fi ile \u00fcniversiteye Elektrikli Geri D\u00f6n\u00fc\u015febilir At\u0131k Toplama Arac\u0131 kazand\u0131r\u0131ld\u0131.<\/p>\n<h3 data-start=\"401\" data-end=\"458\"><strong data-start=\"405\" data-end=\"458\">Proje T\u00fcrkiye \u00c7evre Ajans\u0131 \u00dczerinden Hayata Ge\u00e7ti<\/strong><\/h3>\n<p data-start=\"459\" data-end=\"780\">\u00dcniversitenin \u00c7evre Sorunlar\u0131 Uygulama ve Ara\u015ft\u0131rma Merkezi taraf\u0131ndan T\u00fcrkiye \u00c7evre Ajans\u0131na sunulan proje kapsam\u0131nda al\u0131nan ara\u00e7; kamp\u00fcs genelinde olu\u015fan geri d\u00f6n\u00fc\u015ft\u00fcr\u00fclebilir at\u0131klar\u0131n birimlerden toplanmas\u0131n\u0131, ge\u00e7ici depolama alan\u0131na ta\u015f\u0131nmas\u0131n\u0131 ve geri d\u00f6n\u00fc\u015f\u00fcm firmas\u0131na kay\u0131tl\u0131 \u015fekilde teslim edilmesini sa\u011flayacak.<\/p>\n<h3 data-start=\"782\" data-end=\"837\"><strong data-start=\"786\" data-end=\"837\">Elektrikli Yap\u0131s\u0131yla Temiz ve Sessiz Bir Kamp\u00fcs<\/strong><\/h3>\n<p data-start=\"838\" data-end=\"1074\">Elektrikli At\u0131k Toplama Arac\u0131n\u0131n devreye girmesiyle fosil yak\u0131tl\u0131 ara\u00e7lar\u0131n neden oldu\u011fu hava ve g\u00fcr\u00fclt\u00fc kirlili\u011fi b\u00fcy\u00fck \u00f6l\u00e7\u00fcde azalacak. B\u00f6ylece Merkez Yerle\u015fke\u2019de daha temiz, daha sessiz ve \u00e7evre dostu bir kamp\u00fcs ortam\u0131 olu\u015fturulacak.<\/p>\n<h3 data-start=\"1076\" data-end=\"1143\"><strong data-start=\"1080\" data-end=\"1143\">Rekt\u00f6r Karahocagil: \u201cYe\u015fil Kamp\u00fcs Hedefimizi G\u00fc\u00e7lendiriyor\u201d<\/strong><\/h3>\n<p data-start=\"1144\" data-end=\"1565\">K\u0131r\u015fehir Ahi Evran \u00dcniversitesi Rekt\u00f6r\u00fc Prof. Dr. Mustafa Kas\u0131m Karahocagil, bakanl\u0131k taraf\u0131ndan sa\u011flanan deste\u011fin \u00fcniversitenin ye\u015fil kamp\u00fcs vizyonunu g\u00fc\u00e7lendirdi\u011fini belirtti. Karahocagil, elektrikli arac\u0131n s\u00fcrd\u00fcr\u00fclebilirlik \u00e7al\u0131\u015fmalar\u0131nda \u00f6nemli bir ad\u0131m oldu\u011funu ifade ederek, arac\u0131n yaln\u0131zca temizlik arac\u0131 de\u011fil ayn\u0131 zamanda \u00e7evresel verilerin daha sistemli toplanmas\u0131na imkan sa\u011flayan bir unsur oldu\u011funu vurgulad\u0131.<\/p>\n<h3 data-start=\"1567\" data-end=\"1620\"><strong data-start=\"1571\" data-end=\"1620\">S\u0131f\u0131r At\u0131k Belgesi \u0130\u00e7in Yeni Ad\u0131mlar At\u0131lacak<\/strong><\/h3>\n<p data-start=\"1621\" data-end=\"1867\">Elektrikli arac\u0131n kullan\u0131ma ba\u015flamas\u0131yla birlikte \u00fcniversitenin at\u0131k ge\u00e7ici depolama alan\u0131 aktif hale getirilecek. S\u00fcrecin devam\u0131nda ise K\u0131r\u015fehir Ahi Evran \u00dcniversitesi Merkez Yerle\u015fkesi i\u00e7in S\u0131f\u0131r At\u0131k Belgesi ba\u015fvurusunun yap\u0131lmas\u0131 planlan\u0131yor.<\/p>\n<h3 data-start=\"1869\" data-end=\"1921\"><strong data-start=\"1873\" data-end=\"1921\">Bakanl\u0131\u011fa Te\u015fekk\u00fcr, \u00c7al\u0131\u015fmalara Devam Mesaj\u0131<\/strong><\/h3>\n<p data-start=\"1922\" data-end=\"2200\" data-is-last-node=\"\" data-is-only-node=\"\">Rekt\u00f6r Prof. Dr. Mustafa Kas\u0131m Karahocagil, Elektrikli Geri D\u00f6n\u00fc\u015febilir At\u0131k Toplama Arac\u0131n\u0131n \u00fcniversiteye kazand\u0131r\u0131lmas\u0131ndaki destekleri i\u00e7in \u00c7evre ve \u0130klim De\u011fi\u015fikli\u011fi Bakanl\u0131\u011f\u0131na te\u015fekk\u00fcr ederek, s\u00fcrd\u00fcr\u00fclebilirlik \u00e7al\u0131\u015fmalar\u0131n\u0131n kesintisiz \u015fekilde s\u00fcrd\u00fcr\u00fclece\u011fini ifade etti.<\/p>\n","protected":false},"excerpt":{"rendered":"<p>Elektrikli At\u0131k Toplama Arac\u0131 \u00dcniversitenin S\u00fcrd\u00fcr\u00fclebilirlik \u00c7al\u0131\u015fmalar\u0131n\u0131 G\u00fc\u00e7lendiriyor \u00c7evre Dostu Uygulamalara Yeni Destek K\u0131r\u015fehir Ahi Evran \u00dcniversitesi, s\u00fcrd\u00fcr\u00fclebilirlik hedefleri do\u011frultusunda \u00e7evreye duyarl\u0131 uygulamalar\u0131n\u0131 g\u00fc\u00e7lendirmeye devam ediyor. \u00c7evre ve \u0130klim De\u011fi\u015fikli\u011fi Bakanl\u0131\u011f\u0131n\u0131n deste\u011fi ile \u00fcniversiteye Elektrikli Geri D\u00f6n\u00fc\u015febilir At\u0131k Toplama Arac\u0131 kazand\u0131r\u0131ld\u0131. Proje T\u00fcrkiye \u00c7evre Ajans\u0131 \u00dczerinden Hayata Ge\u00e7ti \u00dcniversitenin \u00c7evre Sorunlar\u0131 Uygulama ve Ara\u015ft\u0131rma Merkezi [&hellip;]<\/p>\n","protected":false},"author":1,"featured_media":1122,"comment_status":"open","ping_status":"open","sticky":false,"template":"","format":"standard","meta":{"footnotes":""},"categories":[8],"tags":[],"class_list":["post-1121","post","type-post","status-publish","format-standard","has-post-thumbnail","hentry","category-kirsehir"],"_links":{"self":[{"href":"https:\/\/www.kirsehirses.com\/index.php\/wp-json\/wp\/v2\/posts\/1121","targetHints":{"allow":["GET"]}}],"collection":[{"href":"https:\/\/www.kirsehirses.com\/index.php\/wp-json\/wp\/v2\/posts"}],"about":[{"href":"https:\/\/www.kirsehirses.com\/index.php\/wp-json\/wp\/v2\/types\/post"}],"author":[{"embeddable":true,"href":"https:\/\/www.kirsehirses.com\/index.php\/wp-json\/wp\/v2\/users\/1"}],"replies":[{"embeddable":true,"href":"https:\/\/www.kirsehirses.com\/index.php\/wp-json\/wp\/v2\/comments?post=1121"}],"version-history":[{"count":1,"href":"https:\/\/www.kirsehirses.com\/index.php\/wp-json\/wp\/v2\/posts\/1121\/revisions"}],"predecessor-version":[{"id":1123,"href":"https:\/\/www.kirsehirses.com\/index.php\/wp-json\/wp\/v2\/posts\/1121\/revisions\/1123"}],"wp:featuredmedia":[{"embeddable":true,"href":"https:\/\/www.kirsehirses.com\/index.php\/wp-json\/wp\/v2\/media\/1122"}],"wp:attachment":[{"href":"https:\/\/www.kirsehirses.com\/index.php\/wp-json\/wp\/v2\/media?parent=1121"}],"wp:term":[{"taxonomy":"category","embeddable":true,"href":"https:\/\/www.kirsehirses.com\/index.php\/wp-json\/wp\/v2\/categories?post=1121"},{"taxonomy":"post_tag","embeddable":true,"href":"https:\/\/www.kirsehirses.com\/index.php\/wp-json\/wp\/v2\/tags?post=1121"}],"curies":[{"name":"wp","href":"https:\/\/api.w.org\/{rel}","templated":true}]}}