{"id":1140,"date":"2025-12-14T04:43:47","date_gmt":"2025-12-14T01:43:47","guid":{"rendered":"https:\/\/www.kirsehirses.com\/?p=1140"},"modified":"2025-12-14T04:43:47","modified_gmt":"2025-12-14T01:43:47","slug":"ahilikten-gelen-bereket-aileden-gelen-lezzet-etkinligi-yogun-katilimla-gerceklestirildi","status":"publish","type":"post","link":"https:\/\/www.kirsehirses.com\/index.php\/2025\/12\/14\/ahilikten-gelen-bereket-aileden-gelen-lezzet-etkinligi-yogun-katilimla-gerceklestirildi\/","title":{"rendered":"Ahilikten Gelen Bereket, Aileden Gelen Lezzet Etkinli\u011fi Yo\u011fun Kat\u0131l\u0131mla Ger\u00e7ekle\u015ftirildi"},"content":{"rendered":"<p><strong>Ahilikten Gelen Bereket, Aileden Gelen Lezzet Etkinli\u011fi Yo\u011fun Kat\u0131l\u0131mla Ger\u00e7ekle\u015ftirildi<\/strong><\/p>\n<p data-start=\"111\" data-end=\"439\">K\u0131r\u015fehir Ahi Evran \u00dcniversitesi Kurumsal \u0130leti\u015fim Koordinat\u00f6rl\u00fc\u011f\u00fc ile Kaman Uygulamal\u0131 Bilimler Y\u00fcksekokulu i\u015f birli\u011finde, K\u0131r\u015fehir Ahi \u0130\u015f Kad\u0131nlar\u0131 Derne\u011finin sponsorlu\u011funda ve 2025 Aile Y\u0131l\u0131 kapsam\u0131nda \u201cAhilikten Gelen Bereket, Aileden Gelen Lezzet\u201d temal\u0131 Pastac\u0131l\u0131k At\u00f6lyesi Workshop etkinli\u011fi d\u00fczenlendi.<\/p>\n<p data-start=\"441\" data-end=\"647\">12 Aral\u0131k 2025 tarihinde Ahi Evran Kongre ve K\u00fclt\u00fcr Merkezi fuaye alan\u0131nda ger\u00e7ekle\u015ftirilen etkinli\u011fe \u00fcniversite y\u00f6netimi, akademik ve idari personel, Ahi \u0130\u015f Kad\u0131nlar\u0131 Derne\u011fi \u00fcyeleri ve \u00f6\u011frenciler kat\u0131ld\u0131.<\/p>\n<p data-start=\"649\" data-end=\"1037\">Etkinli\u011fin a\u00e7\u0131l\u0131\u015f\u0131nda Kaman Uygulamal\u0131 Bilimler Y\u00fcksekokulu Gastronomi ve Mutfak Sanatlar\u0131 B\u00f6l\u00fcm\u00fc Ba\u015fkan\u0131 Do\u00e7. Dr. Yener O\u011fan konu\u015fma yapt\u0131. O\u011fan, etkinli\u011fin amac\u0131na de\u011finerek Ahilik k\u00fclt\u00fcr\u00fcn\u00fcn T\u00fcrk mutfa\u011f\u0131ndaki yerine dikkat \u00e7ekti. Gastronominin yaln\u0131zca mutfakla s\u0131n\u0131rl\u0131 olmad\u0131\u011f\u0131n\u0131 belirten O\u011fan, k\u00fclt\u00fcrel, sosyal, turizm ve sanatsal boyutlar\u0131yla b\u00fct\u00fcnc\u00fcl bir alan oldu\u011funa vurgu yapt\u0131.<\/p>\n<p data-start=\"1039\" data-end=\"1420\">Konu\u015fman\u0131n ard\u0131ndan Gastronomi ve Mutfak Sanatlar\u0131 B\u00f6l\u00fcm\u00fcnden \u00d6\u011fr. G\u00f6r. Ecem Akay taraf\u0131ndan pastac\u0131l\u0131k at\u00f6lyesi ger\u00e7ekle\u015ftirildi. At\u00f6lye kapsam\u0131nda \u00fcniversite b\u00fcnyesinde g\u00f6rev yapan \u00e7iftlere pastac\u0131l\u0131k e\u011fitimi verilirken, kat\u0131l\u0131mc\u0131larla birlikte turta yap\u0131m\u0131 uygulamal\u0131 olarak ger\u00e7ekle\u015ftirildi. Etkinlikte pastac\u0131l\u0131\u011f\u0131n temel p\u00fcf noktalar\u0131 ve gastronomi sanat\u0131n\u0131n \u00f6nemi payla\u015f\u0131ld\u0131.<\/p>\n<p data-start=\"1422\" data-end=\"1760\">2025 y\u0131l\u0131n\u0131n Aile Y\u0131l\u0131 ilan edilmesi kapsam\u0131nda d\u00fczenlenen etkinlikte, Ahilik k\u00fclt\u00fcr\u00fcn\u00fcn emek, d\u00fcr\u00fcstl\u00fck, payla\u015fma ve dayan\u0131\u015fma de\u011ferlerinin aile yap\u0131s\u0131 ve mutfak k\u00fclt\u00fcr\u00fcyle ili\u015fkilendirilmesi hedeflendi. \u00dcniversite personelinin aileleriyle birlikte kat\u0131l\u0131m sa\u011flad\u0131\u011f\u0131 etkinlik, ayn\u0131 zamanda dayan\u0131\u015fma ve sosyal etkile\u015fim ortam\u0131 olu\u015fturdu.<\/p>\n<p data-start=\"1762\" data-end=\"1969\">Etkinli\u011fe kat\u0131lan K\u0131r\u015fehir Ahi \u0130\u015f Kad\u0131nlar\u0131 Derne\u011fi Ba\u015fkan\u0131 Duygu Dulkadir ve dernek \u00fcyeleri, Ahilik k\u00fclt\u00fcr\u00fcne y\u00f6nelik \u00e7al\u0131\u015fmalar\u0131n\u0131 tan\u0131tt\u0131. Dernek \u00fcyeleri taraf\u0131ndan yap\u0131lan ikramlar etkinli\u011fe katk\u0131 sundu.<\/p>\n<p data-start=\"1971\" data-end=\"2189\">Pastac\u0131l\u0131k At\u00f6lyesi Workshop yar\u0131\u015fmas\u0131na \u00fcniversite personelinden sekiz \u00e7ift kat\u0131ld\u0131. Tatl\u0131 bir rekabet ortam\u0131nda ge\u00e7en yar\u0131\u015fma sonucunda birincili\u011fi Dr. \u00d6\u011fr. \u00dcyesi Merve Turp\u00e7u ve \u00d6\u011fr. G\u00f6r. Murat Turp\u00e7u \u00e7ifti kazand\u0131.<\/p>\n<p data-start=\"2191\" data-end=\"2411\" data-is-last-node=\"\" data-is-only-node=\"\">Yar\u0131\u015fma sonunda dereceye girenlere, kat\u0131l\u0131mc\u0131lara ve etkinli\u011fin sponsorlu\u011funu \u00fcstlenen Ahi \u0130\u015f Kad\u0131nlar\u0131 Derne\u011fi \u00fcyelerine hediye ve kat\u0131l\u0131m belgeleri verildi. Etkinlik, \u00e7ekilen toplu aile foto\u011fraf\u0131n\u0131n ard\u0131ndan sona erdi.<\/p>\n","protected":false},"excerpt":{"rendered":"<p>Ahilikten Gelen Bereket, Aileden Gelen Lezzet Etkinli\u011fi Yo\u011fun Kat\u0131l\u0131mla Ger\u00e7ekle\u015ftirildi K\u0131r\u015fehir Ahi Evran \u00dcniversitesi Kurumsal \u0130leti\u015fim Koordinat\u00f6rl\u00fc\u011f\u00fc ile Kaman Uygulamal\u0131 Bilimler Y\u00fcksekokulu i\u015f birli\u011finde, K\u0131r\u015fehir Ahi \u0130\u015f Kad\u0131nlar\u0131 Derne\u011finin sponsorlu\u011funda ve 2025 Aile Y\u0131l\u0131 kapsam\u0131nda \u201cAhilikten Gelen Bereket, Aileden Gelen Lezzet\u201d temal\u0131 Pastac\u0131l\u0131k At\u00f6lyesi Workshop etkinli\u011fi d\u00fczenlendi. 12 Aral\u0131k 2025 tarihinde Ahi Evran Kongre ve [&hellip;]<\/p>\n","protected":false},"author":1,"featured_media":1141,"comment_status":"open","ping_status":"open","sticky":false,"template":"","format":"standard","meta":{"footnotes":""},"categories":[8],"tags":[],"class_list":["post-1140","post","type-post","status-publish","format-standard","has-post-thumbnail","hentry","category-kirsehir"],"_links":{"self":[{"href":"https:\/\/www.kirsehirses.com\/index.php\/wp-json\/wp\/v2\/posts\/1140","targetHints":{"allow":["GET"]}}],"collection":[{"href":"https:\/\/www.kirsehirses.com\/index.php\/wp-json\/wp\/v2\/posts"}],"about":[{"href":"https:\/\/www.kirsehirses.com\/index.php\/wp-json\/wp\/v2\/types\/post"}],"author":[{"embeddable":true,"href":"https:\/\/www.kirsehirses.com\/index.php\/wp-json\/wp\/v2\/users\/1"}],"replies":[{"embeddable":true,"href":"https:\/\/www.kirsehirses.com\/index.php\/wp-json\/wp\/v2\/comments?post=1140"}],"version-history":[{"count":1,"href":"https:\/\/www.kirsehirses.com\/index.php\/wp-json\/wp\/v2\/posts\/1140\/revisions"}],"predecessor-version":[{"id":1142,"href":"https:\/\/www.kirsehirses.com\/index.php\/wp-json\/wp\/v2\/posts\/1140\/revisions\/1142"}],"wp:featuredmedia":[{"embeddable":true,"href":"https:\/\/www.kirsehirses.com\/index.php\/wp-json\/wp\/v2\/media\/1141"}],"wp:attachment":[{"href":"https:\/\/www.kirsehirses.com\/index.php\/wp-json\/wp\/v2\/media?parent=1140"}],"wp:term":[{"taxonomy":"category","embeddable":true,"href":"https:\/\/www.kirsehirses.com\/index.php\/wp-json\/wp\/v2\/categories?post=1140"},{"taxonomy":"post_tag","embeddable":true,"href":"https:\/\/www.kirsehirses.com\/index.php\/wp-json\/wp\/v2\/tags?post=1140"}],"curies":[{"name":"wp","href":"https:\/\/api.w.org\/{rel}","templated":true}]}}