{"id":1156,"date":"2025-12-15T09:27:29","date_gmt":"2025-12-15T06:27:29","guid":{"rendered":"https:\/\/www.kirsehirses.com\/?p=1156"},"modified":"2025-12-15T09:27:29","modified_gmt":"2025-12-15T06:27:29","slug":"kaman-kalehoyukte-demir-kullanimini-800-yil-geriye-tasiyan-kesif","status":"publish","type":"post","link":"https:\/\/www.kirsehirses.com\/index.php\/2025\/12\/15\/kaman-kalehoyukte-demir-kullanimini-800-yil-geriye-tasiyan-kesif\/","title":{"rendered":"Kaman Kaleh\u00f6y\u00fck\u2019te Demir Kullan\u0131m\u0131n\u0131 800 Y\u0131l Geriye Ta\u015f\u0131yan Ke\u015fif"},"content":{"rendered":"<p data-start=\"0\" data-end=\"69\"><strong data-start=\"0\" data-end=\"69\">Kaman Kaleh\u00f6y\u00fck\u2019te Demir Kullan\u0131m\u0131n\u0131 800 Y\u0131l Geriye Ta\u015f\u0131yan Ke\u015fif<\/strong><\/p>\n<p data-start=\"71\" data-end=\"360\"><strong data-start=\"71\" data-end=\"360\">K\u0131r\u015fehir\u2019de y\u00fcr\u00fct\u00fclen Kaman Kaleh\u00f6y\u00fck kaz\u0131lar\u0131nda elde edilen bulgular, demir kullan\u0131m\u0131n\u0131n tarihine ili\u015fkin mevcut kabullerin yeniden de\u011ferlendirilmesine yol a\u00e7t\u0131. TRT Haber\u2019in \u00f6zel haberinde yer alan ke\u015ffin, uzun soluklu ve disiplinli bir bilimsel \u00e7al\u0131\u015fman\u0131n sonucu oldu\u011fu belirtildi.<\/strong><\/p>\n<p data-start=\"362\" data-end=\"681\">TRT Haber\u2019in \u00f6zel dosyas\u0131nda yer alan Kaman Kaleh\u00f6y\u00fck kaz\u0131lar\u0131nda, demir kullan\u0131m\u0131n\u0131n tarihini yakla\u015f\u0131k 800 y\u0131l daha geriye g\u00f6t\u00fcren \u00f6nemli bulgulara ula\u015f\u0131ld\u0131. Arkeoloji literat\u00fcr\u00fcnde yeni tart\u0131\u015fmalar\u0131n \u00f6n\u00fcn\u00fc a\u00e7an ke\u015ffin, d\u00fcnya tarihine ili\u015fkin mevcut bilgilerin yeniden de\u011ferlendirilmesine katk\u0131 sundu\u011fu ifade ediliyor.<\/p>\n<p data-start=\"683\" data-end=\"1032\">Kaz\u0131 \u00e7al\u0131\u015fmalar\u0131, Japon Anadolu Arkeoloji Enstit\u00fcs\u00fc Ba\u015fkan\u0131 Do\u00e7. Dr. Kimiyoshi Matsumura ba\u015fkanl\u0131\u011f\u0131nda; Kaman Kaleh\u00f6y\u00fck Arkeoloji M\u00fczesi ve K\u0131r\u015fehir Ahi Evran \u00dcniversitesi i\u015f birli\u011fiyle s\u00fcrd\u00fcr\u00fcl\u00fcyor. Yakla\u015f\u0131k 40 y\u0131ll\u0131k bilimsel eme\u011fin \u00fcr\u00fcn\u00fc olan \u00e7al\u0131\u015fmalar\u0131n, K\u0131r\u015fehir\u2019in ulusal ve uluslararas\u0131 d\u00fczeyde bilimsel g\u00f6r\u00fcn\u00fcrl\u00fc\u011f\u00fcn\u00fc art\u0131rd\u0131\u011f\u0131 vurgulan\u0131yor.<\/p>\n<p data-start=\"1034\" data-end=\"1307\">Ara\u015ft\u0131rmalar\u0131n temellerini atan ve May\u0131s 2025\u2019te hayat\u0131n\u0131 kaybeden arkeolog Dr. Sachihiro Omura da kaz\u0131 s\u00fcrecine yapt\u0131\u011f\u0131 katk\u0131lar dolay\u0131s\u0131yla an\u0131ld\u0131. Omura\u2019n\u0131n \u00f6nc\u00fcl\u00fc\u011f\u00fcnde ba\u015flat\u0131lan \u00e7al\u0131\u015fmalar\u0131n, g\u00fcn\u00fcm\u00fczde ula\u015f\u0131lan bulgular\u0131n bilimsel altyap\u0131s\u0131n\u0131 olu\u015fturdu\u011fu belirtiliyor.<\/p>\n<p data-start=\"1309\" data-end=\"1567\" data-is-last-node=\"\" data-is-only-node=\"\">Kaman Kaleh\u00f6y\u00fck ve \u00c7a\u011f\u0131rkan Kaleh\u00f6y\u00fck\u2019te elde edilen verilerin, Demir \u00c7a\u011f\u0131\u2019n\u0131n Anadolu\u2019daki ba\u015flang\u0131c\u0131na ili\u015fkin kronolojiyi yeniden ele almay\u0131 gerektirdi\u011fi ifade edilirken, bulgular\u0131n uluslararas\u0131 akademik \u00e7evrelerde de yak\u0131ndan takip edildi\u011fi bildiriliyor.<\/p>\n","protected":false},"excerpt":{"rendered":"<p>Kaman Kaleh\u00f6y\u00fck\u2019te Demir Kullan\u0131m\u0131n\u0131 800 Y\u0131l Geriye Ta\u015f\u0131yan Ke\u015fif K\u0131r\u015fehir\u2019de y\u00fcr\u00fct\u00fclen Kaman Kaleh\u00f6y\u00fck kaz\u0131lar\u0131nda elde edilen bulgular, demir kullan\u0131m\u0131n\u0131n tarihine ili\u015fkin mevcut kabullerin yeniden de\u011ferlendirilmesine yol a\u00e7t\u0131. TRT Haber\u2019in \u00f6zel haberinde yer alan ke\u015ffin, uzun soluklu ve disiplinli bir bilimsel \u00e7al\u0131\u015fman\u0131n sonucu oldu\u011fu belirtildi. TRT Haber\u2019in \u00f6zel dosyas\u0131nda yer alan Kaman Kaleh\u00f6y\u00fck kaz\u0131lar\u0131nda, demir kullan\u0131m\u0131n\u0131n [&hellip;]<\/p>\n","protected":false},"author":1,"featured_media":1157,"comment_status":"open","ping_status":"open","sticky":false,"template":"","format":"standard","meta":{"footnotes":""},"categories":[8],"tags":[],"class_list":["post-1156","post","type-post","status-publish","format-standard","has-post-thumbnail","hentry","category-kirsehir"],"_links":{"self":[{"href":"https:\/\/www.kirsehirses.com\/index.php\/wp-json\/wp\/v2\/posts\/1156","targetHints":{"allow":["GET"]}}],"collection":[{"href":"https:\/\/www.kirsehirses.com\/index.php\/wp-json\/wp\/v2\/posts"}],"about":[{"href":"https:\/\/www.kirsehirses.com\/index.php\/wp-json\/wp\/v2\/types\/post"}],"author":[{"embeddable":true,"href":"https:\/\/www.kirsehirses.com\/index.php\/wp-json\/wp\/v2\/users\/1"}],"replies":[{"embeddable":true,"href":"https:\/\/www.kirsehirses.com\/index.php\/wp-json\/wp\/v2\/comments?post=1156"}],"version-history":[{"count":1,"href":"https:\/\/www.kirsehirses.com\/index.php\/wp-json\/wp\/v2\/posts\/1156\/revisions"}],"predecessor-version":[{"id":1158,"href":"https:\/\/www.kirsehirses.com\/index.php\/wp-json\/wp\/v2\/posts\/1156\/revisions\/1158"}],"wp:featuredmedia":[{"embeddable":true,"href":"https:\/\/www.kirsehirses.com\/index.php\/wp-json\/wp\/v2\/media\/1157"}],"wp:attachment":[{"href":"https:\/\/www.kirsehirses.com\/index.php\/wp-json\/wp\/v2\/media?parent=1156"}],"wp:term":[{"taxonomy":"category","embeddable":true,"href":"https:\/\/www.kirsehirses.com\/index.php\/wp-json\/wp\/v2\/categories?post=1156"},{"taxonomy":"post_tag","embeddable":true,"href":"https:\/\/www.kirsehirses.com\/index.php\/wp-json\/wp\/v2\/tags?post=1156"}],"curies":[{"name":"wp","href":"https:\/\/api.w.org\/{rel}","templated":true}]}}