{"id":1159,"date":"2025-12-15T09:29:27","date_gmt":"2025-12-15T06:29:27","guid":{"rendered":"https:\/\/www.kirsehirses.com\/?p=1159"},"modified":"2025-12-15T09:29:27","modified_gmt":"2025-12-15T06:29:27","slug":"gonul-dagi-dizisi-icin-kirsehirde-cekim-yapilacak","status":"publish","type":"post","link":"https:\/\/www.kirsehirses.com\/index.php\/2025\/12\/15\/gonul-dagi-dizisi-icin-kirsehirde-cekim-yapilacak\/","title":{"rendered":"G\u00f6n\u00fcl Da\u011f\u0131 Dizisi \u0130\u00e7in K\u0131r\u015fehir\u2019de \u00c7ekim Yap\u0131lacak"},"content":{"rendered":"<p><strong>G\u00f6n\u00fcl Da\u011f\u0131 Dizisi \u0130\u00e7in K\u0131r\u015fehir\u2019de \u00c7ekim Yap\u0131lacak<\/strong><\/p>\n<p>TRT 1\u2019in b\u00fcy\u00fck ilgi g\u00f6ren G\u00f6n\u00fcl Da\u011f\u0131, dizisinin yeni b\u00f6l\u00fcmleri i\u00e7in K\u0131r\u015fehir\u2019de \u00e7ekimler yap\u0131lacak.<\/p>\n<p>Her b\u00f6l\u00fcm\u00fcnde Ne\u015fet Erta\u015f\u2019\u0131n sayg\u0131yla y\u00e2d edildi dizide bu kez karakterler, do\u011frudan K\u0131r\u015fehir\u2019e gelerek usta sanat\u00e7\u0131n\u0131n izini s\u00fcrecek.<\/p>\n<p>Taner ve Veysel, e\u015fleriyle birlikte K\u0131r\u015fehir\u2019e gelerek Ne\u015fet Erta\u015f\u2019\u0131 tan\u0131yanlarla g\u00f6r\u00fc\u015fecek, \u201cG\u00f6n\u00fcl Da\u011f\u0131\u201d t\u00fcrk\u00fcs\u00fcn\u00fcn s\u00f6zlerinin nerede yaz\u0131ld\u0131\u011f\u0131na dair ipu\u00e7lar\u0131n\u0131 ara\u015ft\u0131racak.<\/p>\n<p>Yar\u0131n ba\u015flamas\u0131 planlanan \u00e7ekimlerin, Ocak ay\u0131 i\u00e7inde ekranlara gelmesi bekleniyor. \u00c7ekimler, K\u0131r\u015fehir\u2019in k\u00fclt\u00fcrel tan\u0131t\u0131m\u0131na katk\u0131\u00a0sa\u011flayacak.<\/p>\n","protected":false},"excerpt":{"rendered":"<p>G\u00f6n\u00fcl Da\u011f\u0131 Dizisi \u0130\u00e7in K\u0131r\u015fehir\u2019de \u00c7ekim Yap\u0131lacak TRT 1\u2019in b\u00fcy\u00fck ilgi g\u00f6ren G\u00f6n\u00fcl Da\u011f\u0131, dizisinin yeni b\u00f6l\u00fcmleri i\u00e7in K\u0131r\u015fehir\u2019de \u00e7ekimler yap\u0131lacak. Her b\u00f6l\u00fcm\u00fcnde Ne\u015fet Erta\u015f\u2019\u0131n sayg\u0131yla y\u00e2d edildi dizide bu kez karakterler, do\u011frudan K\u0131r\u015fehir\u2019e gelerek usta sanat\u00e7\u0131n\u0131n izini s\u00fcrecek. Taner ve Veysel, e\u015fleriyle birlikte K\u0131r\u015fehir\u2019e gelerek Ne\u015fet Erta\u015f\u2019\u0131 tan\u0131yanlarla g\u00f6r\u00fc\u015fecek, \u201cG\u00f6n\u00fcl Da\u011f\u0131\u201d t\u00fcrk\u00fcs\u00fcn\u00fcn s\u00f6zlerinin nerede [&hellip;]<\/p>\n","protected":false},"author":1,"featured_media":1160,"comment_status":"open","ping_status":"open","sticky":false,"template":"","format":"standard","meta":{"footnotes":""},"categories":[8],"tags":[],"class_list":["post-1159","post","type-post","status-publish","format-standard","has-post-thumbnail","hentry","category-kirsehir"],"_links":{"self":[{"href":"https:\/\/www.kirsehirses.com\/index.php\/wp-json\/wp\/v2\/posts\/1159","targetHints":{"allow":["GET"]}}],"collection":[{"href":"https:\/\/www.kirsehirses.com\/index.php\/wp-json\/wp\/v2\/posts"}],"about":[{"href":"https:\/\/www.kirsehirses.com\/index.php\/wp-json\/wp\/v2\/types\/post"}],"author":[{"embeddable":true,"href":"https:\/\/www.kirsehirses.com\/index.php\/wp-json\/wp\/v2\/users\/1"}],"replies":[{"embeddable":true,"href":"https:\/\/www.kirsehirses.com\/index.php\/wp-json\/wp\/v2\/comments?post=1159"}],"version-history":[{"count":1,"href":"https:\/\/www.kirsehirses.com\/index.php\/wp-json\/wp\/v2\/posts\/1159\/revisions"}],"predecessor-version":[{"id":1161,"href":"https:\/\/www.kirsehirses.com\/index.php\/wp-json\/wp\/v2\/posts\/1159\/revisions\/1161"}],"wp:featuredmedia":[{"embeddable":true,"href":"https:\/\/www.kirsehirses.com\/index.php\/wp-json\/wp\/v2\/media\/1160"}],"wp:attachment":[{"href":"https:\/\/www.kirsehirses.com\/index.php\/wp-json\/wp\/v2\/media?parent=1159"}],"wp:term":[{"taxonomy":"category","embeddable":true,"href":"https:\/\/www.kirsehirses.com\/index.php\/wp-json\/wp\/v2\/categories?post=1159"},{"taxonomy":"post_tag","embeddable":true,"href":"https:\/\/www.kirsehirses.com\/index.php\/wp-json\/wp\/v2\/tags?post=1159"}],"curies":[{"name":"wp","href":"https:\/\/api.w.org\/{rel}","templated":true}]}}