{"id":1162,"date":"2025-12-15T09:30:37","date_gmt":"2025-12-15T06:30:37","guid":{"rendered":"https:\/\/www.kirsehirses.com\/?p=1162"},"modified":"2025-12-15T09:30:37","modified_gmt":"2025-12-15T06:30:37","slug":"abdullah-komurcuoglu-izmir-il-muduru-oldu","status":"publish","type":"post","link":"https:\/\/www.kirsehirses.com\/index.php\/2025\/12\/15\/abdullah-komurcuoglu-izmir-il-muduru-oldu\/","title":{"rendered":"Abdullah K\u00f6m\u00fcrc\u00fco\u011flu \u0130zmir \u0130l M\u00fcd\u00fcr\u00fc Oldu"},"content":{"rendered":"<p><strong>Abdullah K\u00f6m\u00fcrc\u00fco\u011flu \u0130zmir \u0130l M\u00fcd\u00fcr\u00fc Oldu<\/strong><\/p>\n<p>K\u0131r\u015fehir\u2019de Aile ve Sosyal Hizmetler \u0130l M\u00fcd\u00fcr\u00fc olarak g\u00f6rev yapt\u0131ktan sonra Kas\u0131m 2023\u2019te Ayd\u0131n\u2019a atanan hem\u015fehrimiz Abdullah K\u00f6m\u00fcrc\u00fco\u011flu, 5 Aral\u0131k 2025 tarihli Cumhurba\u015fkanl\u0131\u011f\u0131 kararnamesi ile \u0130zmir \u0130l M\u00fcd\u00fcrl\u00fc\u011f\u00fc g\u00f6revine getirildi.<\/p>\n<p>Ayd\u0131n\u2019daki g\u00f6revini Bilecik\u2019ten atanan \u0130lkay T\u00fcrko\u011flu\u2019na devreden K\u00f6m\u00fcrc\u00fco\u011flu, g\u00f6rev yerlerinde kuruma katt\u0131\u011f\u0131 vizyon, insan\u0131 \u00f6nceleyen yakla\u015f\u0131m\u0131 ve ekip ruhuna verdi\u011fi de\u011ferle takdir toplad\u0131.<\/p>\n<p>K\u0131r\u015fehirli hem\u015fehrimiz Abdullah K\u00f6m\u00fcrc\u00fco\u011flu\u2019na K\u0131r\u015fehir ses haber olarak \u0130zmir\u2019deki yeni g\u00f6revinde ba\u015far\u0131lar\u00a0dileriz.<\/p>\n","protected":false},"excerpt":{"rendered":"<p>Abdullah K\u00f6m\u00fcrc\u00fco\u011flu \u0130zmir \u0130l M\u00fcd\u00fcr\u00fc Oldu K\u0131r\u015fehir\u2019de Aile ve Sosyal Hizmetler \u0130l M\u00fcd\u00fcr\u00fc olarak g\u00f6rev yapt\u0131ktan sonra Kas\u0131m 2023\u2019te Ayd\u0131n\u2019a atanan hem\u015fehrimiz Abdullah K\u00f6m\u00fcrc\u00fco\u011flu, 5 Aral\u0131k 2025 tarihli Cumhurba\u015fkanl\u0131\u011f\u0131 kararnamesi ile \u0130zmir \u0130l M\u00fcd\u00fcrl\u00fc\u011f\u00fc g\u00f6revine getirildi. Ayd\u0131n\u2019daki g\u00f6revini Bilecik\u2019ten atanan \u0130lkay T\u00fcrko\u011flu\u2019na devreden K\u00f6m\u00fcrc\u00fco\u011flu, g\u00f6rev yerlerinde kuruma katt\u0131\u011f\u0131 vizyon, insan\u0131 \u00f6nceleyen yakla\u015f\u0131m\u0131 ve ekip ruhuna [&hellip;]<\/p>\n","protected":false},"author":1,"featured_media":1163,"comment_status":"open","ping_status":"open","sticky":false,"template":"","format":"standard","meta":{"footnotes":""},"categories":[8,7],"tags":[],"class_list":["post-1162","post","type-post","status-publish","format-standard","has-post-thumbnail","hentry","category-kirsehir","category-turkiye"],"_links":{"self":[{"href":"https:\/\/www.kirsehirses.com\/index.php\/wp-json\/wp\/v2\/posts\/1162","targetHints":{"allow":["GET"]}}],"collection":[{"href":"https:\/\/www.kirsehirses.com\/index.php\/wp-json\/wp\/v2\/posts"}],"about":[{"href":"https:\/\/www.kirsehirses.com\/index.php\/wp-json\/wp\/v2\/types\/post"}],"author":[{"embeddable":true,"href":"https:\/\/www.kirsehirses.com\/index.php\/wp-json\/wp\/v2\/users\/1"}],"replies":[{"embeddable":true,"href":"https:\/\/www.kirsehirses.com\/index.php\/wp-json\/wp\/v2\/comments?post=1162"}],"version-history":[{"count":1,"href":"https:\/\/www.kirsehirses.com\/index.php\/wp-json\/wp\/v2\/posts\/1162\/revisions"}],"predecessor-version":[{"id":1164,"href":"https:\/\/www.kirsehirses.com\/index.php\/wp-json\/wp\/v2\/posts\/1162\/revisions\/1164"}],"wp:featuredmedia":[{"embeddable":true,"href":"https:\/\/www.kirsehirses.com\/index.php\/wp-json\/wp\/v2\/media\/1163"}],"wp:attachment":[{"href":"https:\/\/www.kirsehirses.com\/index.php\/wp-json\/wp\/v2\/media?parent=1162"}],"wp:term":[{"taxonomy":"category","embeddable":true,"href":"https:\/\/www.kirsehirses.com\/index.php\/wp-json\/wp\/v2\/categories?post=1162"},{"taxonomy":"post_tag","embeddable":true,"href":"https:\/\/www.kirsehirses.com\/index.php\/wp-json\/wp\/v2\/tags?post=1162"}],"curies":[{"name":"wp","href":"https:\/\/api.w.org\/{rel}","templated":true}]}}