{"id":1168,"date":"2025-12-16T02:59:25","date_gmt":"2025-12-15T23:59:25","guid":{"rendered":"https:\/\/www.kirsehirses.com\/?p=1168"},"modified":"2025-12-16T02:59:25","modified_gmt":"2025-12-15T23:59:25","slug":"mucurlular-anitkabirde-bulusuyor","status":"publish","type":"post","link":"https:\/\/www.kirsehirses.com\/index.php\/2025\/12\/16\/mucurlular-anitkabirde-bulusuyor\/","title":{"rendered":"Mucurlular An\u0131tkabir\u2019de Bulu\u015fuyor"},"content":{"rendered":"<p><strong>Mucurlular An\u0131tkabir\u2019de Bulu\u015fuyor<\/strong><\/p>\n<p>Mucurlular, Atat\u00fcrk\u2019\u00fcn Mucur\u2019a Geli\u015finin 106. Y\u0131l\u0131nda An\u0131tkabir\u2019de Bulu\u015fuyor.<\/p>\n<p>Atat\u00fcrk\u2019\u00fcn 21 Aral\u0131k 1919\u2019da Mucur\u2019a geli\u015finin 106. y\u0131l\u0131 dolay\u0131s\u0131yla Mucurlular Derne\u011fi, An\u0131tkabir\u2019de \u00e7elenk sunma t\u00f6reni d\u00fczenleyecek.<\/p>\n<p>21 Aral\u0131k 2025 Pazar g\u00fcn\u00fc saat 13.30\u2019da ger\u00e7ekle\u015fecek t\u00f6rende, Gazi Mustafa Kemal Atat\u00fcrk ve Temsil Heyeti\u2019nin Mucur\u2019a geli\u015finin tarihi \u00f6nemi bir kez daha hat\u0131rlanacak.<\/p>\n<p>Dernek Genel Ba\u015fkan\u0131 Veysel Eken, t\u00fcm Mucurlular\u0131 bu anlaml\u0131 programa davet etti.<\/p>\n<p>Atat\u00fcrk\u2019\u00fcn Milli M\u00fccadele yolculu\u011funda \u00f6nemli duraklardan biri olan Mucur, Gazi Mustafa Kemal Pa\u015fa\u2019n\u0131n \u00fc\u00e7 gece konaklad\u0131\u011f\u0131, halktan b\u00fcy\u00fck ilgi ve destek g\u00f6rd\u00fc\u011f\u00fc yerlerden biri olmu\u015ftu.<\/p>\n<p>Mustafa Kemal\u2019in \u201cBu k\u00fc\u00e7\u00fck kasabada g\u00f6rd\u00fc\u011f\u00fcm h\u00fcrmeti ve \u00e7ocuklar\u0131ndaki zek\u00e2y\u0131 gezdi\u011fim hi\u00e7bir yerde g\u00f6rmedim\u201d s\u00f6zleri, Mucurlular i\u00e7in \u00f6v\u00fcn\u00e7 vesilesi\u00a0olmu\u015ftu.<\/p>\n","protected":false},"excerpt":{"rendered":"<p>Mucurlular An\u0131tkabir\u2019de Bulu\u015fuyor Mucurlular, Atat\u00fcrk\u2019\u00fcn Mucur\u2019a Geli\u015finin 106. Y\u0131l\u0131nda An\u0131tkabir\u2019de Bulu\u015fuyor. Atat\u00fcrk\u2019\u00fcn 21 Aral\u0131k 1919\u2019da Mucur\u2019a geli\u015finin 106. y\u0131l\u0131 dolay\u0131s\u0131yla Mucurlular Derne\u011fi, An\u0131tkabir\u2019de \u00e7elenk sunma t\u00f6reni d\u00fczenleyecek. 21 Aral\u0131k 2025 Pazar g\u00fcn\u00fc saat 13.30\u2019da ger\u00e7ekle\u015fecek t\u00f6rende, Gazi Mustafa Kemal Atat\u00fcrk ve Temsil Heyeti\u2019nin Mucur\u2019a geli\u015finin tarihi \u00f6nemi bir kez daha hat\u0131rlanacak. Dernek Genel Ba\u015fkan\u0131 Veysel [&hellip;]<\/p>\n","protected":false},"author":1,"featured_media":1169,"comment_status":"open","ping_status":"open","sticky":false,"template":"","format":"standard","meta":{"footnotes":""},"categories":[8],"tags":[],"class_list":["post-1168","post","type-post","status-publish","format-standard","has-post-thumbnail","hentry","category-kirsehir"],"_links":{"self":[{"href":"https:\/\/www.kirsehirses.com\/index.php\/wp-json\/wp\/v2\/posts\/1168","targetHints":{"allow":["GET"]}}],"collection":[{"href":"https:\/\/www.kirsehirses.com\/index.php\/wp-json\/wp\/v2\/posts"}],"about":[{"href":"https:\/\/www.kirsehirses.com\/index.php\/wp-json\/wp\/v2\/types\/post"}],"author":[{"embeddable":true,"href":"https:\/\/www.kirsehirses.com\/index.php\/wp-json\/wp\/v2\/users\/1"}],"replies":[{"embeddable":true,"href":"https:\/\/www.kirsehirses.com\/index.php\/wp-json\/wp\/v2\/comments?post=1168"}],"version-history":[{"count":1,"href":"https:\/\/www.kirsehirses.com\/index.php\/wp-json\/wp\/v2\/posts\/1168\/revisions"}],"predecessor-version":[{"id":1170,"href":"https:\/\/www.kirsehirses.com\/index.php\/wp-json\/wp\/v2\/posts\/1168\/revisions\/1170"}],"wp:featuredmedia":[{"embeddable":true,"href":"https:\/\/www.kirsehirses.com\/index.php\/wp-json\/wp\/v2\/media\/1169"}],"wp:attachment":[{"href":"https:\/\/www.kirsehirses.com\/index.php\/wp-json\/wp\/v2\/media?parent=1168"}],"wp:term":[{"taxonomy":"category","embeddable":true,"href":"https:\/\/www.kirsehirses.com\/index.php\/wp-json\/wp\/v2\/categories?post=1168"},{"taxonomy":"post_tag","embeddable":true,"href":"https:\/\/www.kirsehirses.com\/index.php\/wp-json\/wp\/v2\/tags?post=1168"}],"curies":[{"name":"wp","href":"https:\/\/api.w.org\/{rel}","templated":true}]}}