{"id":1171,"date":"2025-12-16T03:03:35","date_gmt":"2025-12-16T00:03:35","guid":{"rendered":"https:\/\/www.kirsehirses.com\/?p=1171"},"modified":"2025-12-16T03:03:35","modified_gmt":"2025-12-16T00:03:35","slug":"ahi-evran-musiki-derneginden-nagmelerde-sakli-ask-konseri","status":"publish","type":"post","link":"https:\/\/www.kirsehirses.com\/index.php\/2025\/12\/16\/ahi-evran-musiki-derneginden-nagmelerde-sakli-ask-konseri\/","title":{"rendered":"Ahi Evran Musiki Derne\u011fi&#8217;nden &#8220;Na\u011fmelerde Sakl\u0131 A\u015fk&#8221; Konseri"},"content":{"rendered":"<p data-path-to-node=\"2,0,0\"><strong>Ahi Evran Musiki Derne\u011fi&#8217;nden &#8220;Na\u011fmelerde Sakl\u0131 A\u015fk&#8221; Konseri<\/strong><\/p>\n<p data-path-to-node=\"5\"><b>K\u0131r\u015fehir, UNESCO M\u00fczik \u015eehri unvan\u0131na yak\u0131\u015f\u0131r bir k\u00fclt\u00fcr sanat etkinli\u011fine daha ev sahipli\u011fi yapmaya haz\u0131rlan\u0131yor. Ahi Evran Musiki Derne\u011fi, &#8220;Na\u011fmelerde Sakl\u0131 A\u015fk&#8221; adl\u0131 \u00f6zel bir konserle sanatseverlerin kar\u015f\u0131s\u0131na \u00e7\u0131k\u0131yor.<\/b><\/p>\n<p data-path-to-node=\"6\">K\u0131r\u015fehir Belediyesi&#8217;nin katk\u0131lar\u0131yla d\u00fczenlenen ve kentin k\u00fclt\u00fcrel hayat\u0131na renk katacak olan konser, \u015eef Prof. Dr. Kubilay Koluk\u0131r\u0131k y\u00f6netiminde ger\u00e7ekle\u015ftirilecek. Geni\u015f bir koro ve orkestra kadrosuyla sahne alacak olan topluluk, T\u00fcrk m\u00fczi\u011finin en se\u00e7kin eserlerini K\u0131r\u015fehirliler i\u00e7in seslendirecek.<\/p>\n<p data-path-to-node=\"7\"><b>&#8220;A\u015fk\u0131n, H\u00fczn\u00fcn ve Hat\u0131ralar\u0131n Gecesi&#8221;<\/b> Etkinlik, &#8220;A\u015fk\u0131n, h\u00fczn\u00fcn ve hat\u0131ralar\u0131n na\u011fmelere d\u00f6n\u00fc\u015ft\u00fc\u011f\u00fc \u00f6zel bir gece&#8230;&#8221; slogan\u0131yla duyuruldu. Konserde, maziye g\u00f6t\u00fcren ezgilerin ve g\u00f6n\u00fcllere dokunan \u015fark\u0131lar\u0131n icra edilmesi bekleniyor.<\/p>\n<p data-path-to-node=\"8\"><b>Kat\u0131l\u0131m \u00dccretsiz<\/b> M\u00fczikseverler i\u00e7in ka\u00e7\u0131r\u0131lmayacak bu etkinlik, <b>22 Aral\u0131k 2025 Pazartesi<\/b> g\u00fcn\u00fc saat <b>19.00&#8217;da<\/b> ba\u015flayacak. <b>Ne\u015fet Erta\u015f K\u00fclt\u00fcr Sanat Merkezi (Muharrem Erta\u015f Salonu)<\/b> ev sahipli\u011finde yap\u0131lacak olan konsere kat\u0131l\u0131m\u0131n \u00fccretsiz oldu\u011fu ve t\u00fcm halk\u0131n davetli oldu\u011fu belirtildi.<\/p>\n","protected":false},"excerpt":{"rendered":"<p>Ahi Evran Musiki Derne\u011fi&#8217;nden &#8220;Na\u011fmelerde Sakl\u0131 A\u015fk&#8221; Konseri K\u0131r\u015fehir, UNESCO M\u00fczik \u015eehri unvan\u0131na yak\u0131\u015f\u0131r bir k\u00fclt\u00fcr sanat etkinli\u011fine daha ev sahipli\u011fi yapmaya haz\u0131rlan\u0131yor. Ahi Evran Musiki Derne\u011fi, &#8220;Na\u011fmelerde Sakl\u0131 A\u015fk&#8221; adl\u0131 \u00f6zel bir konserle sanatseverlerin kar\u015f\u0131s\u0131na \u00e7\u0131k\u0131yor. K\u0131r\u015fehir Belediyesi&#8217;nin katk\u0131lar\u0131yla d\u00fczenlenen ve kentin k\u00fclt\u00fcrel hayat\u0131na renk katacak olan konser, \u015eef Prof. Dr. Kubilay Koluk\u0131r\u0131k y\u00f6netiminde [&hellip;]<\/p>\n","protected":false},"author":1,"featured_media":1172,"comment_status":"open","ping_status":"open","sticky":false,"template":"","format":"standard","meta":{"footnotes":""},"categories":[8],"tags":[],"class_list":["post-1171","post","type-post","status-publish","format-standard","has-post-thumbnail","hentry","category-kirsehir"],"_links":{"self":[{"href":"https:\/\/www.kirsehirses.com\/index.php\/wp-json\/wp\/v2\/posts\/1171","targetHints":{"allow":["GET"]}}],"collection":[{"href":"https:\/\/www.kirsehirses.com\/index.php\/wp-json\/wp\/v2\/posts"}],"about":[{"href":"https:\/\/www.kirsehirses.com\/index.php\/wp-json\/wp\/v2\/types\/post"}],"author":[{"embeddable":true,"href":"https:\/\/www.kirsehirses.com\/index.php\/wp-json\/wp\/v2\/users\/1"}],"replies":[{"embeddable":true,"href":"https:\/\/www.kirsehirses.com\/index.php\/wp-json\/wp\/v2\/comments?post=1171"}],"version-history":[{"count":1,"href":"https:\/\/www.kirsehirses.com\/index.php\/wp-json\/wp\/v2\/posts\/1171\/revisions"}],"predecessor-version":[{"id":1173,"href":"https:\/\/www.kirsehirses.com\/index.php\/wp-json\/wp\/v2\/posts\/1171\/revisions\/1173"}],"wp:featuredmedia":[{"embeddable":true,"href":"https:\/\/www.kirsehirses.com\/index.php\/wp-json\/wp\/v2\/media\/1172"}],"wp:attachment":[{"href":"https:\/\/www.kirsehirses.com\/index.php\/wp-json\/wp\/v2\/media?parent=1171"}],"wp:term":[{"taxonomy":"category","embeddable":true,"href":"https:\/\/www.kirsehirses.com\/index.php\/wp-json\/wp\/v2\/categories?post=1171"},{"taxonomy":"post_tag","embeddable":true,"href":"https:\/\/www.kirsehirses.com\/index.php\/wp-json\/wp\/v2\/tags?post=1171"}],"curies":[{"name":"wp","href":"https:\/\/api.w.org\/{rel}","templated":true}]}}