{"id":1177,"date":"2025-12-21T03:08:29","date_gmt":"2025-12-21T00:08:29","guid":{"rendered":"https:\/\/www.kirsehirses.com\/?p=1177"},"modified":"2025-12-21T03:08:29","modified_gmt":"2025-12-21T00:08:29","slug":"bayburtlu-hasan-budak-kaymakamlik-sinavinda-turkiye-birincisi-oldu","status":"publish","type":"post","link":"https:\/\/www.kirsehirses.com\/index.php\/2025\/12\/21\/bayburtlu-hasan-budak-kaymakamlik-sinavinda-turkiye-birincisi-oldu\/","title":{"rendered":"Bayburtlu Hasan Budak Kaymakaml\u0131k S\u0131nav\u0131nda T\u00fcrkiye Birincisi Oldu"},"content":{"rendered":"<h2 data-start=\"224\" data-end=\"297\"><strong data-start=\"227\" data-end=\"297\">Bayburtlu Hasan Budak Kaymakaml\u0131k S\u0131nav\u0131nda T\u00fcrkiye Birincisi Oldu<\/strong><\/h2>\n<p data-start=\"299\" data-end=\"615\">Bayburtlu Hasan Budak, 2025 y\u0131l\u0131 \u015eubat ay\u0131nda ger\u00e7ekle\u015ftirilen Kaymakaml\u0131k S\u0131nav\u0131\u2019nda T\u00fcrkiye birincisi olarak \u00f6nemli bir ba\u015far\u0131 elde etti. Yaz\u0131l\u0131 s\u0131nav s\u00fcrecinin ard\u0131ndan yap\u0131lan m\u00fclakatlar\u0131 da ba\u015far\u0131yla tamamlayan Budak, 11 Aral\u0131k 2025 tarihi itibar\u0131yla K\u0131r\u015fehir Valili\u011finde Kaymakam Aday\u0131 olarak g\u00f6revine ba\u015flad\u0131.<\/p>\n<p data-start=\"617\" data-end=\"988\">\u0130\u00e7i\u015fleri Bakanl\u0131\u011f\u0131 taraf\u0131ndan d\u00fczenlenen ve kamu y\u00f6netimi alan\u0131nda T\u00fcrkiye\u2019nin en se\u00e7ici s\u0131navlar\u0131 aras\u0131nda yer alan Kaymakaml\u0131k S\u0131nav\u0131\u2019nda elde edilen bu derece, Bayburt\u2019tan \u00e7\u0131kan dikkat \u00e7ekici bir ba\u015far\u0131 olarak kayda ge\u00e7ti. S\u0131nav s\u00fcrecinde g\u00f6sterdi\u011fi performansla T\u00fcrkiye genelinde ilk s\u0131rada yer alan Hasan Budak, m\u00fclakat a\u015famas\u0131n\u0131 da ge\u00e7erek mesle\u011fe resmen ad\u0131m att\u0131.<\/p>\n<p data-start=\"990\" data-end=\"1343\">G\u00f6reve ba\u015flamas\u0131n\u0131n ard\u0131ndan sosyal medya hesab\u0131ndan bir payla\u015f\u0131m yapan Budak, elde edilen sonucun uzun soluklu bir eme\u011fin \u00fcr\u00fcn\u00fc oldu\u011funu ifade etti. A\u00e7\u0131klamas\u0131nda, kamu g\u00f6revine ba\u015flaman\u0131n kendisi a\u00e7\u0131s\u0131ndan ta\u015f\u0131d\u0131\u011f\u0131 sorumlulu\u011fa dikkat \u00e7eken Budak, devletin k\u00f6kl\u00fc idare gelene\u011fi i\u00e7erisinde g\u00f6rev alman\u0131n kendisi i\u00e7in anlaml\u0131 bir s\u00fcre\u00e7 oldu\u011funu belirtti.<\/p>\n<p data-start=\"1345\" data-end=\"1582\">Budak, a\u00e7\u0131klamas\u0131nda ayr\u0131ca \u00fcstlendi\u011fi g\u00f6revin ki\u015fisel bir ba\u015far\u0131dan \u00f6te, kamu hizmeti bilinciyle y\u00fcr\u00fct\u00fclmesi gereken bir sorumluluk oldu\u011funu vurgulad\u0131. G\u00f6rev s\u00fcrecinin \u00fclke ve millet ad\u0131na hay\u0131rl\u0131 olmas\u0131n\u0131 temenni etti\u011fini dile getirdi.<\/p>\n<p data-start=\"1584\" data-end=\"1908\">K\u0131r\u015fehir Valili\u011finde Kaymakam Aday\u0131 olarak mesleki e\u011fitim ve staj s\u00fcrecine ba\u015flayan Hasan Budak\u2019\u0131n, \u00f6n\u00fcm\u00fczdeki d\u00f6nemde farkl\u0131 illerde idari g\u00f6revlerde bulunmas\u0131 bekleniyor. Kaymakam adayl\u0131\u011f\u0131 s\u00fcreci; teorik e\u011fitim, merkez ve ta\u015fra stajlar\u0131 ile yurt d\u0131\u015f\u0131 programlar\u0131n\u0131 kapsayan kapsaml\u0131 bir meslek haz\u0131rl\u0131\u011f\u0131 s\u00fcrecini i\u00e7eriyor.<\/p>\n<p data-start=\"1910\" data-end=\"2085\" data-is-last-node=\"\" data-is-only-node=\"\">Hasan Budak\u2019\u0131n elde etti\u011fi T\u00fcrkiye birincili\u011fi, hem Bayburt hem de kamu y\u00f6netimi alan\u0131nda kariyer hedefleyen adaylar a\u00e7\u0131s\u0131ndan dikkat \u00e7eken bir \u00f6rnek olarak de\u011ferlendiriliyor.<\/p>\n","protected":false},"excerpt":{"rendered":"<p>Bayburtlu Hasan Budak Kaymakaml\u0131k S\u0131nav\u0131nda T\u00fcrkiye Birincisi Oldu Bayburtlu Hasan Budak, 2025 y\u0131l\u0131 \u015eubat ay\u0131nda ger\u00e7ekle\u015ftirilen Kaymakaml\u0131k S\u0131nav\u0131\u2019nda T\u00fcrkiye birincisi olarak \u00f6nemli bir ba\u015far\u0131 elde etti. Yaz\u0131l\u0131 s\u0131nav s\u00fcrecinin ard\u0131ndan yap\u0131lan m\u00fclakatlar\u0131 da ba\u015far\u0131yla tamamlayan Budak, 11 Aral\u0131k 2025 tarihi itibar\u0131yla K\u0131r\u015fehir Valili\u011finde Kaymakam Aday\u0131 olarak g\u00f6revine ba\u015flad\u0131. \u0130\u00e7i\u015fleri Bakanl\u0131\u011f\u0131 taraf\u0131ndan d\u00fczenlenen ve kamu y\u00f6netimi [&hellip;]<\/p>\n","protected":false},"author":1,"featured_media":1178,"comment_status":"open","ping_status":"open","sticky":false,"template":"","format":"standard","meta":{"footnotes":""},"categories":[8,7],"tags":[],"class_list":["post-1177","post","type-post","status-publish","format-standard","has-post-thumbnail","hentry","category-kirsehir","category-turkiye"],"_links":{"self":[{"href":"https:\/\/www.kirsehirses.com\/index.php\/wp-json\/wp\/v2\/posts\/1177","targetHints":{"allow":["GET"]}}],"collection":[{"href":"https:\/\/www.kirsehirses.com\/index.php\/wp-json\/wp\/v2\/posts"}],"about":[{"href":"https:\/\/www.kirsehirses.com\/index.php\/wp-json\/wp\/v2\/types\/post"}],"author":[{"embeddable":true,"href":"https:\/\/www.kirsehirses.com\/index.php\/wp-json\/wp\/v2\/users\/1"}],"replies":[{"embeddable":true,"href":"https:\/\/www.kirsehirses.com\/index.php\/wp-json\/wp\/v2\/comments?post=1177"}],"version-history":[{"count":1,"href":"https:\/\/www.kirsehirses.com\/index.php\/wp-json\/wp\/v2\/posts\/1177\/revisions"}],"predecessor-version":[{"id":1179,"href":"https:\/\/www.kirsehirses.com\/index.php\/wp-json\/wp\/v2\/posts\/1177\/revisions\/1179"}],"wp:featuredmedia":[{"embeddable":true,"href":"https:\/\/www.kirsehirses.com\/index.php\/wp-json\/wp\/v2\/media\/1178"}],"wp:attachment":[{"href":"https:\/\/www.kirsehirses.com\/index.php\/wp-json\/wp\/v2\/media?parent=1177"}],"wp:term":[{"taxonomy":"category","embeddable":true,"href":"https:\/\/www.kirsehirses.com\/index.php\/wp-json\/wp\/v2\/categories?post=1177"},{"taxonomy":"post_tag","embeddable":true,"href":"https:\/\/www.kirsehirses.com\/index.php\/wp-json\/wp\/v2\/tags?post=1177"}],"curies":[{"name":"wp","href":"https:\/\/api.w.org\/{rel}","templated":true}]}}