{"id":1183,"date":"2025-12-21T03:15:10","date_gmt":"2025-12-21T00:15:10","guid":{"rendered":"https:\/\/www.kirsehirses.com\/?p=1183"},"modified":"2025-12-21T03:15:10","modified_gmt":"2025-12-21T00:15:10","slug":"rektor-karahocagil-ve-il-saglik-muduru-ersoy-yeni-devlet-hastanesi-insaatinda-incelemelerde-bulundu","status":"publish","type":"post","link":"https:\/\/www.kirsehirses.com\/index.php\/2025\/12\/21\/rektor-karahocagil-ve-il-saglik-muduru-ersoy-yeni-devlet-hastanesi-insaatinda-incelemelerde-bulundu\/","title":{"rendered":"Rekt\u00f6r Karahocagil ve \u0130l Sa\u011fl\u0131k M\u00fcd\u00fcr\u00fc Ersoy Yeni Devlet Hastanesi \u0130n\u015faat\u0131nda \u0130ncelemelerde Bulundu"},"content":{"rendered":"<h2 data-start=\"222\" data-end=\"328\"><strong data-start=\"225\" data-end=\"328\">Rekt\u00f6r Karahocagil ve \u0130l Sa\u011fl\u0131k M\u00fcd\u00fcr\u00fc Ersoy Yeni Devlet Hastanesi \u0130n\u015faat\u0131nda \u0130ncelemelerde Bulundu<\/strong><\/h2>\n<p data-start=\"330\" data-end=\"653\">K\u0131r\u015fehir Ahi Evran \u00dcniversitesi Rekt\u00f6r\u00fc Prof. Dr. Mustafa Kas\u0131m Karahocagil ile K\u0131r\u015fehir \u0130l Sa\u011fl\u0131k M\u00fcd\u00fcr\u00fc Do\u00e7. Dr. S\u00fcleyman Ersoy, yap\u0131m\u0131 devam eden yeni devlet hastanesi in\u015faat\u0131nda incelemelerde bulundu. 16 Aral\u0131k 2025 tarihinde ger\u00e7ekle\u015ftirilen ziyaret kapsam\u0131nda hastane in\u015faat\u0131n\u0131n mevcut durumu yerinde de\u011ferlendirildi.<\/p>\n<p data-start=\"655\" data-end=\"906\">\u0130nceleme program\u0131na Rekt\u00f6r Yard\u0131mc\u0131s\u0131 Prof. Dr. Ali G\u00fcne\u015f ile K\u0131r\u015fehir E\u011fitim ve Ara\u015ft\u0131rma Hastanesi Ba\u015fhekimi Do\u00e7. Dr. Zeynel Abidin Erbesler de kat\u0131ld\u0131. Heyet, in\u015faat sahas\u0131nda y\u00fcr\u00fct\u00fclen \u00e7al\u0131\u015fmalarla ilgili olarak \u015fantiye yetkililerinden bilgi ald\u0131.<\/p>\n<p data-start=\"908\" data-end=\"1201\">Ziyaret s\u0131ras\u0131nda in\u015faat\u0131n fiziki ilerleme durumu, ince yap\u0131 \u00e7al\u0131\u015fmalar\u0131, peyzaj uygulamalar\u0131 ve \u00e7evre d\u00fczenlemesi gibi ba\u015fl\u0131klarda y\u00fcr\u00fct\u00fclen faaliyetler ele al\u0131nd\u0131. Yetkililer, projenin mevcut a\u015famas\u0131 ve planlanan takvim do\u011frultusunda y\u00fcr\u00fct\u00fclen \u00e7al\u0131\u015fmalar hakk\u0131nda teknik bilgilendirme yapt\u0131.<\/p>\n<p data-start=\"1203\" data-end=\"1577\">\u0130ncelemeler kapsam\u0131nda de\u011ferlendirmede bulunan Rekt\u00f6r Prof. Dr. Mustafa Kas\u0131m Karahocagil, yeni devlet hastanesinin K\u0131r\u015fehir ve \u00e7evre iller a\u00e7\u0131s\u0131ndan \u00f6nemli bir sa\u011fl\u0131k yat\u0131r\u0131m\u0131 oldu\u011funu ifade etti. \u0130n\u015faat s\u00fcrecinin yak\u0131ndan takip edildi\u011fini belirten Karahocagil, yetkililerden projenin ilerleyi\u015fi ve \u00f6ng\u00f6r\u00fclen tamamlanma s\u00fcreci hakk\u0131nda detayl\u0131 bilgiler ald\u0131klar\u0131n\u0131 aktard\u0131.<\/p>\n<p data-start=\"1579\" data-end=\"1862\">Yeni hastanenin modern t\u0131bbi altyap\u0131s\u0131 ve fiziki kapasitesiyle b\u00f6lgedeki sa\u011fl\u0131k hizmetlerinin niteli\u011fini art\u0131rmas\u0131n\u0131n hedeflendi\u011fi belirtildi. Hastanenin tamamlanmas\u0131yla birlikte vatanda\u015flar\u0131n daha \u00e7a\u011fda\u015f ve konforlu bir ortamda sa\u011fl\u0131k hizmetine eri\u015fmesinin ama\u00e7land\u0131\u011f\u0131 ifade edildi.<\/p>\n<p data-start=\"1864\" data-end=\"2070\" data-is-last-node=\"\" data-is-only-node=\"\">Yetkililer, yeni devlet hastanesinin en k\u0131sa s\u00fcrede hizmete a\u00e7\u0131lmas\u0131 i\u00e7in \u00e7al\u0131\u015fmalar\u0131n devam etti\u011fini belirtirken, proje tamamland\u0131\u011f\u0131nda K\u0131r\u015fehir\u2019in sa\u011fl\u0131k altyap\u0131s\u0131na \u00f6nemli bir katk\u0131 sa\u011flamas\u0131 bekleniyor.<\/p>\n","protected":false},"excerpt":{"rendered":"<p>Rekt\u00f6r Karahocagil ve \u0130l Sa\u011fl\u0131k M\u00fcd\u00fcr\u00fc Ersoy Yeni Devlet Hastanesi \u0130n\u015faat\u0131nda \u0130ncelemelerde Bulundu K\u0131r\u015fehir Ahi Evran \u00dcniversitesi Rekt\u00f6r\u00fc Prof. Dr. Mustafa Kas\u0131m Karahocagil ile K\u0131r\u015fehir \u0130l Sa\u011fl\u0131k M\u00fcd\u00fcr\u00fc Do\u00e7. Dr. S\u00fcleyman Ersoy, yap\u0131m\u0131 devam eden yeni devlet hastanesi in\u015faat\u0131nda incelemelerde bulundu. 16 Aral\u0131k 2025 tarihinde ger\u00e7ekle\u015ftirilen ziyaret kapsam\u0131nda hastane in\u015faat\u0131n\u0131n mevcut durumu yerinde de\u011ferlendirildi. \u0130nceleme [&hellip;]<\/p>\n","protected":false},"author":1,"featured_media":1184,"comment_status":"open","ping_status":"open","sticky":false,"template":"","format":"standard","meta":{"footnotes":""},"categories":[8,11],"tags":[],"class_list":["post-1183","post","type-post","status-publish","format-standard","has-post-thumbnail","hentry","category-kirsehir","category-saglik"],"_links":{"self":[{"href":"https:\/\/www.kirsehirses.com\/index.php\/wp-json\/wp\/v2\/posts\/1183","targetHints":{"allow":["GET"]}}],"collection":[{"href":"https:\/\/www.kirsehirses.com\/index.php\/wp-json\/wp\/v2\/posts"}],"about":[{"href":"https:\/\/www.kirsehirses.com\/index.php\/wp-json\/wp\/v2\/types\/post"}],"author":[{"embeddable":true,"href":"https:\/\/www.kirsehirses.com\/index.php\/wp-json\/wp\/v2\/users\/1"}],"replies":[{"embeddable":true,"href":"https:\/\/www.kirsehirses.com\/index.php\/wp-json\/wp\/v2\/comments?post=1183"}],"version-history":[{"count":1,"href":"https:\/\/www.kirsehirses.com\/index.php\/wp-json\/wp\/v2\/posts\/1183\/revisions"}],"predecessor-version":[{"id":1185,"href":"https:\/\/www.kirsehirses.com\/index.php\/wp-json\/wp\/v2\/posts\/1183\/revisions\/1185"}],"wp:featuredmedia":[{"embeddable":true,"href":"https:\/\/www.kirsehirses.com\/index.php\/wp-json\/wp\/v2\/media\/1184"}],"wp:attachment":[{"href":"https:\/\/www.kirsehirses.com\/index.php\/wp-json\/wp\/v2\/media?parent=1183"}],"wp:term":[{"taxonomy":"category","embeddable":true,"href":"https:\/\/www.kirsehirses.com\/index.php\/wp-json\/wp\/v2\/categories?post=1183"},{"taxonomy":"post_tag","embeddable":true,"href":"https:\/\/www.kirsehirses.com\/index.php\/wp-json\/wp\/v2\/tags?post=1183"}],"curies":[{"name":"wp","href":"https:\/\/api.w.org\/{rel}","templated":true}]}}