{"id":1195,"date":"2025-12-21T03:44:20","date_gmt":"2025-12-21T00:44:20","guid":{"rendered":"https:\/\/www.kirsehirses.com\/?p=1195"},"modified":"2025-12-21T03:44:20","modified_gmt":"2025-12-21T00:44:20","slug":"kir-koy-kampusunde-sera-ortaminda-bitki-uretimine-baslandi","status":"publish","type":"post","link":"https:\/\/www.kirsehirses.com\/index.php\/2025\/12\/21\/kir-koy-kampusunde-sera-ortaminda-bitki-uretimine-baslandi\/","title":{"rendered":"K\u0131r-K\u00f6y Kamp\u00fcs\u00fc\u2019nde Sera Ortam\u0131nda Bitki \u00dcretimine Ba\u015fland\u0131"},"content":{"rendered":"<h2 data-start=\"223\" data-end=\"289\"><strong data-start=\"226\" data-end=\"289\">K\u0131r-K\u00f6y Kamp\u00fcs\u00fc\u2019nde Sera Ortam\u0131nda Bitki \u00dcretimine Ba\u015fland\u0131<\/strong><\/h2>\n<p data-start=\"291\" data-end=\"556\">K\u0131r\u015fehir Belediyesi taraf\u0131ndan hayata ge\u00e7irilen K\u0131r-K\u00f6y Kamp\u00fcs\u00fc\u2019nde sera ortam\u0131nda bitki \u00fcretimi faaliyetleri ba\u015flat\u0131ld\u0131. Anadolu\u2019da \u00f6rnek uygulamalar aras\u0131nda g\u00f6sterilen kamp\u00fcs alan\u0131nda, tar\u0131msal \u00fcretim \u00e7e\u015fitlili\u011finin art\u0131r\u0131lmas\u0131na y\u00f6nelik \u00e7al\u0131\u015fmalar devam ediyor.<\/p>\n<p data-start=\"558\" data-end=\"947\">Daha \u00f6nce mantar yeti\u015ftiricili\u011fi faaliyetleriyle dikkat \u00e7eken K\u0131r-K\u00f6y Kamp\u00fcs\u00fc\u2019nde kurulan sera alan\u0131nda, aromatik meyve ve s\u00fcs bitkilerinin \u00fcretimine ge\u00e7ildi. Kamp\u00fcs b\u00fcnyesinde y\u00fcr\u00fct\u00fclen \u00fcretim \u00e7al\u0131\u015fmalar\u0131 kapsam\u0131nda dezavantajl\u0131 gruplar\u0131n e\u011fitim s\u00fcrecine d\u00e2hil edilerek \u00fcretime kat\u0131l\u0131m\u0131 sa\u011flan\u0131rken, alan\u0131n yan\u0131nda yer alan piknik ve mesire alan\u0131 vatanda\u015flar\u0131n kullan\u0131m\u0131na a\u00e7\u0131k bulunuyor.<\/p>\n<p data-start=\"949\" data-end=\"1231\">Sera alan\u0131nda yap\u0131lan \u00fcretimde ku\u015fburnu, b\u00f6\u011f\u00fcrtlen, frenk \u00fcz\u00fcm\u00fc, goji berry, aronya ve yaban mersini gibi aromatik meyveler ile kelebek \u00e7al\u0131s\u0131 ve oya \u00e7al\u0131s\u0131 gibi s\u00fcs bitkileri yeti\u015ftiriliyor. Bu bitkilerin hem tar\u0131msal \u00fcretime hem de peyzaj \u00e7al\u0131\u015fmalar\u0131na katk\u0131 sunmas\u0131 hedefleniyor.<\/p>\n<p data-start=\"1233\" data-end=\"1494\">K\u0131r-K\u00f6y Kamp\u00fcs\u00fc\u2019nde \u00f6n\u00fcm\u00fczdeki s\u00fcre\u00e7te \u00fcretim alan\u0131n\u0131n geni\u015fletilmesi planlan\u0131yor. \u00dcretimi yap\u0131lmas\u0131 \u00f6ng\u00f6r\u00fclen bitkiler aras\u0131nda \u00e7ilek fidesi, yerli \u00fcz\u00fcm \u00e7e\u015fitleri, ahududu, lavanta, biberiye ve kekik gibi tar\u0131msal ve aromatik de\u011feri y\u00fcksek bitkiler yer al\u0131yor.<\/p>\n<p data-start=\"1496\" data-end=\"1777\" data-is-last-node=\"\" data-is-only-node=\"\">Belediye Ba\u015fkan\u0131 Selahattin Ekicio\u011flu, kamp\u00fcste y\u00fcr\u00fct\u00fclen \u00e7al\u0131\u015fmalarla birlikte \u00fcretim, e\u011fitim ve sosyal alanlar\u0131n bir arada sunuldu\u011fu bir model olu\u015fturulmas\u0131n\u0131n ama\u00e7land\u0131\u011f\u0131n\u0131 belirtirken, K\u0131r-K\u00f6y Kamp\u00fcs\u00fc\u2019n\u00fcn tar\u0131m ve sosyal \u00fcretim alan\u0131nda \u00f6rnek uygulamalar aras\u0131nda yer almas\u0131n\u0131n hedeflendi\u011fini ifade etti.<\/p>\n","protected":false},"excerpt":{"rendered":"<p>K\u0131r-K\u00f6y Kamp\u00fcs\u00fc\u2019nde Sera Ortam\u0131nda Bitki \u00dcretimine Ba\u015fland\u0131 K\u0131r\u015fehir Belediyesi taraf\u0131ndan hayata ge\u00e7irilen K\u0131r-K\u00f6y Kamp\u00fcs\u00fc\u2019nde sera ortam\u0131nda bitki \u00fcretimi faaliyetleri ba\u015flat\u0131ld\u0131. Anadolu\u2019da \u00f6rnek uygulamalar aras\u0131nda g\u00f6sterilen kamp\u00fcs alan\u0131nda, tar\u0131msal \u00fcretim \u00e7e\u015fitlili\u011finin art\u0131r\u0131lmas\u0131na y\u00f6nelik \u00e7al\u0131\u015fmalar devam ediyor. Daha \u00f6nce mantar yeti\u015ftiricili\u011fi faaliyetleriyle dikkat \u00e7eken K\u0131r-K\u00f6y Kamp\u00fcs\u00fc\u2019nde kurulan sera alan\u0131nda, aromatik meyve ve s\u00fcs bitkilerinin \u00fcretimine ge\u00e7ildi. Kamp\u00fcs [&hellip;]<\/p>\n","protected":false},"author":1,"featured_media":1196,"comment_status":"open","ping_status":"open","sticky":false,"template":"","format":"standard","meta":{"footnotes":""},"categories":[8],"tags":[],"class_list":["post-1195","post","type-post","status-publish","format-standard","has-post-thumbnail","hentry","category-kirsehir"],"_links":{"self":[{"href":"https:\/\/www.kirsehirses.com\/index.php\/wp-json\/wp\/v2\/posts\/1195","targetHints":{"allow":["GET"]}}],"collection":[{"href":"https:\/\/www.kirsehirses.com\/index.php\/wp-json\/wp\/v2\/posts"}],"about":[{"href":"https:\/\/www.kirsehirses.com\/index.php\/wp-json\/wp\/v2\/types\/post"}],"author":[{"embeddable":true,"href":"https:\/\/www.kirsehirses.com\/index.php\/wp-json\/wp\/v2\/users\/1"}],"replies":[{"embeddable":true,"href":"https:\/\/www.kirsehirses.com\/index.php\/wp-json\/wp\/v2\/comments?post=1195"}],"version-history":[{"count":1,"href":"https:\/\/www.kirsehirses.com\/index.php\/wp-json\/wp\/v2\/posts\/1195\/revisions"}],"predecessor-version":[{"id":1197,"href":"https:\/\/www.kirsehirses.com\/index.php\/wp-json\/wp\/v2\/posts\/1195\/revisions\/1197"}],"wp:featuredmedia":[{"embeddable":true,"href":"https:\/\/www.kirsehirses.com\/index.php\/wp-json\/wp\/v2\/media\/1196"}],"wp:attachment":[{"href":"https:\/\/www.kirsehirses.com\/index.php\/wp-json\/wp\/v2\/media?parent=1195"}],"wp:term":[{"taxonomy":"category","embeddable":true,"href":"https:\/\/www.kirsehirses.com\/index.php\/wp-json\/wp\/v2\/categories?post=1195"},{"taxonomy":"post_tag","embeddable":true,"href":"https:\/\/www.kirsehirses.com\/index.php\/wp-json\/wp\/v2\/tags?post=1195"}],"curies":[{"name":"wp","href":"https:\/\/api.w.org\/{rel}","templated":true}]}}