{"id":1199,"date":"2025-12-21T03:49:01","date_gmt":"2025-12-21T00:49:01","guid":{"rendered":"https:\/\/www.kirsehirses.com\/?p=1199"},"modified":"2025-12-21T03:49:01","modified_gmt":"2025-12-21T00:49:01","slug":"kamanda-aranan-sahis-jasat-ekiplerince-yakalandi","status":"publish","type":"post","link":"https:\/\/www.kirsehirses.com\/index.php\/2025\/12\/21\/kamanda-aranan-sahis-jasat-ekiplerince-yakalandi\/","title":{"rendered":"Kaman\u2019da Aranan \u015eah\u0131s JASAT Ekiplerince Yakaland\u0131"},"content":{"rendered":"<h2 data-start=\"171\" data-end=\"227\"><strong data-start=\"174\" data-end=\"227\">Kaman\u2019da Aranan \u015eah\u0131s JASAT Ekiplerince Yakaland\u0131<\/strong><\/h2>\n<p data-start=\"229\" data-end=\"450\">K\u0131r\u015fehir \u0130l Jandarma Komutanl\u0131\u011f\u0131 Jandarma Su\u00e7 Ara\u015ft\u0131rma Timi (JASAT) ile Kaman \u0130l\u00e7e Jandarma Komutanl\u0131\u011f\u0131 ekiplerince, aranan \u015fah\u0131slar\u0131n yakalanmas\u0131na y\u00f6nelik y\u00fcr\u00fct\u00fclen \u00e7al\u0131\u015fmalar kapsam\u0131nda bir operasyon ger\u00e7ekle\u015ftirildi.<\/p>\n<p data-start=\"452\" data-end=\"682\">Yap\u0131lan \u00e7al\u0131\u015fmalar sonucunda, S.M.G. isimli \u015fahs\u0131n hakk\u0131nda kesinle\u015fmi\u015f 3 y\u0131l 9 ay hapis cezas\u0131 bulundu\u011fu ve bu kapsamda arand\u0131\u011f\u0131 tespit edildi. Ekipler taraf\u0131ndan d\u00fczenlenen operasyonla \u015f\u00fcpheli \u015fah\u0131s yakalanarak g\u00f6zalt\u0131na al\u0131nd\u0131.<\/p>\n<p data-start=\"684\" data-end=\"818\">Yakalanan S.M.G., K\u0131r\u015fehir Adliyesinde tamamlanan adli i\u015flemlerinin ard\u0131ndan K\u0131r\u015fehir Y Tipi Kapal\u0131 Ceza \u0130nfaz Kurumuna teslim edildi.<\/p>\n<p data-start=\"820\" data-end=\"935\" data-is-last-node=\"\" data-is-only-node=\"\">Yetkililer, aranan \u015fah\u0131slar\u0131n yakalanmas\u0131na y\u00f6nelik \u00e7al\u0131\u015fmalar\u0131n il genelinde kararl\u0131l\u0131kla s\u00fcrd\u00fcr\u00fcld\u00fc\u011f\u00fcn\u00fc bildirdi.<\/p>\n","protected":false},"excerpt":{"rendered":"<p>Kaman\u2019da Aranan \u015eah\u0131s JASAT Ekiplerince Yakaland\u0131 K\u0131r\u015fehir \u0130l Jandarma Komutanl\u0131\u011f\u0131 Jandarma Su\u00e7 Ara\u015ft\u0131rma Timi (JASAT) ile Kaman \u0130l\u00e7e Jandarma Komutanl\u0131\u011f\u0131 ekiplerince, aranan \u015fah\u0131slar\u0131n yakalanmas\u0131na y\u00f6nelik y\u00fcr\u00fct\u00fclen \u00e7al\u0131\u015fmalar kapsam\u0131nda bir operasyon ger\u00e7ekle\u015ftirildi. Yap\u0131lan \u00e7al\u0131\u015fmalar sonucunda, S.M.G. isimli \u015fahs\u0131n hakk\u0131nda kesinle\u015fmi\u015f 3 y\u0131l 9 ay hapis cezas\u0131 bulundu\u011fu ve bu kapsamda arand\u0131\u011f\u0131 tespit edildi. Ekipler taraf\u0131ndan d\u00fczenlenen [&hellip;]<\/p>\n","protected":false},"author":1,"featured_media":1200,"comment_status":"open","ping_status":"open","sticky":false,"template":"","format":"standard","meta":{"footnotes":""},"categories":[8],"tags":[],"class_list":["post-1199","post","type-post","status-publish","format-standard","has-post-thumbnail","hentry","category-kirsehir"],"_links":{"self":[{"href":"https:\/\/www.kirsehirses.com\/index.php\/wp-json\/wp\/v2\/posts\/1199","targetHints":{"allow":["GET"]}}],"collection":[{"href":"https:\/\/www.kirsehirses.com\/index.php\/wp-json\/wp\/v2\/posts"}],"about":[{"href":"https:\/\/www.kirsehirses.com\/index.php\/wp-json\/wp\/v2\/types\/post"}],"author":[{"embeddable":true,"href":"https:\/\/www.kirsehirses.com\/index.php\/wp-json\/wp\/v2\/users\/1"}],"replies":[{"embeddable":true,"href":"https:\/\/www.kirsehirses.com\/index.php\/wp-json\/wp\/v2\/comments?post=1199"}],"version-history":[{"count":1,"href":"https:\/\/www.kirsehirses.com\/index.php\/wp-json\/wp\/v2\/posts\/1199\/revisions"}],"predecessor-version":[{"id":1201,"href":"https:\/\/www.kirsehirses.com\/index.php\/wp-json\/wp\/v2\/posts\/1199\/revisions\/1201"}],"wp:featuredmedia":[{"embeddable":true,"href":"https:\/\/www.kirsehirses.com\/index.php\/wp-json\/wp\/v2\/media\/1200"}],"wp:attachment":[{"href":"https:\/\/www.kirsehirses.com\/index.php\/wp-json\/wp\/v2\/media?parent=1199"}],"wp:term":[{"taxonomy":"category","embeddable":true,"href":"https:\/\/www.kirsehirses.com\/index.php\/wp-json\/wp\/v2\/categories?post=1199"},{"taxonomy":"post_tag","embeddable":true,"href":"https:\/\/www.kirsehirses.com\/index.php\/wp-json\/wp\/v2\/tags?post=1199"}],"curies":[{"name":"wp","href":"https:\/\/api.w.org\/{rel}","templated":true}]}}