{"id":1202,"date":"2025-12-21T03:50:19","date_gmt":"2025-12-21T00:50:19","guid":{"rendered":"https:\/\/www.kirsehirses.com\/?p=1202"},"modified":"2025-12-21T03:50:19","modified_gmt":"2025-12-21T00:50:19","slug":"ataturkun-kirsehire-gelisinin-106-yili-kutlanacak","status":"publish","type":"post","link":"https:\/\/www.kirsehirses.com\/index.php\/2025\/12\/21\/ataturkun-kirsehire-gelisinin-106-yili-kutlanacak\/","title":{"rendered":"Atat\u00fcrk\u2019\u00fcn K\u0131r\u015fehir\u2019e Geli\u015finin 106. Y\u0131l\u0131 Kutlanacak"},"content":{"rendered":"<p><strong>Atat\u00fcrk\u2019\u00fcn K\u0131r\u015fehir\u2019e Geli\u015finin 106. Y\u0131l\u0131 Kutlanacak<\/strong><\/p>\n<p>Gazi Mustafa Kemal Atat\u00fcrk\u2019\u00fcn K\u0131r\u015fehir\u2019e geli\u015finin 106. y\u0131l\u0131, 24 Aral\u0131k 2025 \u00c7ar\u015famba g\u00fcn\u00fc \u00e7e\u015fitli etkinliklerle kutlanacak.<\/p>\n<p>Program, saat 10.30\u2019da Cacabey Meydan\u0131\u2019nda Atat\u00fcrk An\u0131t\u0131na Valilik, Garnizon Komutanl\u0131\u011f\u0131 ve Belediye Ba\u015fkanl\u0131\u011f\u0131 \u00e7elenklerinin sunulmas\u0131yla ba\u015flayacak.<\/p>\n<p>Saat 10.45\u2019te K\u0131l\u0131\u00e7l\u0131 K\u00f6pr\u00fcs\u00fc\u2019nden ba\u015flay\u0131p Gazi Park\u0131\u2019na kadar s\u00fcrecek y\u00fcr\u00fcy\u00fc\u015f ger\u00e7ekle\u015ftirilecek.<\/p>\n<p>Kutlama program\u0131 saat 11.00\u2019de Gazi Park\u0131\u2019nda yap\u0131lacak. Programda halk oyunlar\u0131, top at\u0131\u015f\u0131, sinevizyon g\u00f6sterimi, konu\u015fmalar yap\u0131lacak.<\/p>\n<p>Kutlamalar, saat 14.00\u2019te Ahi Evran \u00dcniversitesi Konferans Salonu\u2019nda \u201cAtat\u00fcrk\u2019\u00fcn K\u0131r\u015fehir\u2019e Geli\u015fi ve K\u0131r\u015fehir\u2019in Milli M\u00fccadeleye Katk\u0131s\u0131\u201d konulu konferans ile sona erecek.<\/p>\n","protected":false},"excerpt":{"rendered":"<p>Atat\u00fcrk\u2019\u00fcn K\u0131r\u015fehir\u2019e Geli\u015finin 106. Y\u0131l\u0131 Kutlanacak Gazi Mustafa Kemal Atat\u00fcrk\u2019\u00fcn K\u0131r\u015fehir\u2019e geli\u015finin 106. y\u0131l\u0131, 24 Aral\u0131k 2025 \u00c7ar\u015famba g\u00fcn\u00fc \u00e7e\u015fitli etkinliklerle kutlanacak. Program, saat 10.30\u2019da Cacabey Meydan\u0131\u2019nda Atat\u00fcrk An\u0131t\u0131na Valilik, Garnizon Komutanl\u0131\u011f\u0131 ve Belediye Ba\u015fkanl\u0131\u011f\u0131 \u00e7elenklerinin sunulmas\u0131yla ba\u015flayacak. Saat 10.45\u2019te K\u0131l\u0131\u00e7l\u0131 K\u00f6pr\u00fcs\u00fc\u2019nden ba\u015flay\u0131p Gazi Park\u0131\u2019na kadar s\u00fcrecek y\u00fcr\u00fcy\u00fc\u015f ger\u00e7ekle\u015ftirilecek. Kutlama program\u0131 saat 11.00\u2019de Gazi Park\u0131\u2019nda [&hellip;]<\/p>\n","protected":false},"author":1,"featured_media":1203,"comment_status":"open","ping_status":"open","sticky":false,"template":"","format":"standard","meta":{"footnotes":""},"categories":[8],"tags":[],"class_list":["post-1202","post","type-post","status-publish","format-standard","has-post-thumbnail","hentry","category-kirsehir"],"_links":{"self":[{"href":"https:\/\/www.kirsehirses.com\/index.php\/wp-json\/wp\/v2\/posts\/1202","targetHints":{"allow":["GET"]}}],"collection":[{"href":"https:\/\/www.kirsehirses.com\/index.php\/wp-json\/wp\/v2\/posts"}],"about":[{"href":"https:\/\/www.kirsehirses.com\/index.php\/wp-json\/wp\/v2\/types\/post"}],"author":[{"embeddable":true,"href":"https:\/\/www.kirsehirses.com\/index.php\/wp-json\/wp\/v2\/users\/1"}],"replies":[{"embeddable":true,"href":"https:\/\/www.kirsehirses.com\/index.php\/wp-json\/wp\/v2\/comments?post=1202"}],"version-history":[{"count":1,"href":"https:\/\/www.kirsehirses.com\/index.php\/wp-json\/wp\/v2\/posts\/1202\/revisions"}],"predecessor-version":[{"id":1204,"href":"https:\/\/www.kirsehirses.com\/index.php\/wp-json\/wp\/v2\/posts\/1202\/revisions\/1204"}],"wp:featuredmedia":[{"embeddable":true,"href":"https:\/\/www.kirsehirses.com\/index.php\/wp-json\/wp\/v2\/media\/1203"}],"wp:attachment":[{"href":"https:\/\/www.kirsehirses.com\/index.php\/wp-json\/wp\/v2\/media?parent=1202"}],"wp:term":[{"taxonomy":"category","embeddable":true,"href":"https:\/\/www.kirsehirses.com\/index.php\/wp-json\/wp\/v2\/categories?post=1202"},{"taxonomy":"post_tag","embeddable":true,"href":"https:\/\/www.kirsehirses.com\/index.php\/wp-json\/wp\/v2\/tags?post=1202"}],"curies":[{"name":"wp","href":"https:\/\/api.w.org\/{rel}","templated":true}]}}