{"id":1205,"date":"2025-12-21T05:01:07","date_gmt":"2025-12-21T02:01:07","guid":{"rendered":"https:\/\/www.kirsehirses.com\/?p=1205"},"modified":"2025-12-21T06:46:55","modified_gmt":"2025-12-21T03:46:55","slug":"ilga-kahraman-dayi","status":"publish","type":"post","link":"https:\/\/www.kirsehirses.com\/index.php\/2025\/12\/21\/ilga-kahraman-dayi\/","title":{"rendered":"ILGA (KAHRAMAN) DAYI"},"content":{"rendered":"<p><strong>ILGA (KAHRAMAN) DAYI<\/strong><\/p>\n<p>Babam Kahraman (Ilga)\u2019n\u0131n yar\u0131n \u00f6l\u00fcm y\u0131l d\u00f6n\u00fcm\u00fc.<br \/>\nMucur \u0130mam Hatip\u2019te okuyup da Ilga Day\u0131\u2019y\u0131 bilmeyen, \u00e7ay\u0131n\u0131 pastas\u0131n\u0131 yiyip i\u00e7meyen var m\u0131? Bu ak\u015fam babam\u0131 yazmak istiyorum. Ilga Day\u0131\u2019n\u0131n elinde \u00e7ay i\u00e7en, pasta yiyen, bazen de paras\u0131 olmad\u0131\u011f\u0131 i\u00e7in ufaktan a\u015f\u0131ran \u00f6\u011frencilere Ilga Day\u0131\u2019y\u0131 duyurup dualar\u0131n\u0131 almak istedim.<\/p>\n<p>Ilga Day\u0131 1940 do\u011fumlu. Kafa k\u00e2\u011f\u0131d\u0131 1942 y\u0131l\u0131nda al\u0131nd\u0131\u011f\u0131 i\u00e7in trafi\u011fe 42 y\u0131l\u0131nda \u00e7\u0131km\u0131\u015ft\u0131r. Babam diye s\u00f6ylemiyorum lakin \u00e7ok yenilik\u00e7i bir insan. Hi\u00e7 kimsenin bilmedi\u011fi zamanlarda k\u00f6ye ilk defa siyah beyaz foto\u011fraf makinesi getiren ki\u015fi. \u0130zmir\u2019e, Ankara\u2019ya ta 60\u2019l\u0131 y\u0131llarda \u00e7al\u0131\u015fmaya gidecek kadar cesur insan. Sinemay\u0131 65\u2019li y\u0131llarda icat etmi\u015f, tarlada ilk defa \u00e7ay demlemeyi icat edip literat\u00fcre girmi\u015f, bu y\u00fczden de kay\u0131npederi taraf\u0131ndan \u201cKim bu \u00e7ay\u0131 icat ettiyse\u201d diye sert ele\u015ftirilere maruz kalm\u0131\u015ft\u0131r. Ilga Day\u0131\u2019n\u0131n eskilerde i\u011fne, ila\u00e7 olmad\u0131\u011f\u0131 i\u00e7in d\u00fc\u015f\u00fcklerle birlikte 7-8 \u00e7ocu\u011fu olmu\u015f, do\u011fum kontrollerini hi\u00e7e sayarak T\u00fcrkiye Cumhuriyeti\u2019ne katk\u0131 sa\u011flam\u0131\u015ft\u0131r.<\/p>\n<p>Ilga Day\u0131 1980\u2019li y\u0131llarda Mucur \u0130mam Hatip Lisesi\u2019ne hizmetli olarak girmi\u015f, be\u015f o\u011flunu da bu okulda okutarak bir rekora imza atm\u0131\u015ft\u0131r. Babam rahmetlinin okula girince hemen merdivenin alt\u0131nda bir kantini vard\u0131. Kantinde \u00fc\u00e7 \u00e7e\u015fit pasta satard\u0131. Sandvi\u00e7, simit, \u00e7ikolatal\u0131 pasta, yan\u0131nda da \u00e7ay satard\u0131. Vay anam vay ne g\u00fcnlerdi\u2026 \u00c7ocuklar, hele paras\u0131 olan Alamanc\u0131 u\u015fa\u011f\u0131 kap\u0131\u015f\u0131rd\u0131. Paras\u0131 olmayan \u00e7ocuklar yazd\u0131r\u0131r, babam\u0131 yay\u0131nd\u0131r\u0131nca pastay\u0131 a\u015f\u0131r\u0131rlard\u0131. San\u0131rlar ki Ilga Emmi g\u00f6rm\u00fcyor. Ilga Day\u0131 bilir ama asla kimseyi bozmazd\u0131. Baz\u0131 o d\u00f6nemin \u00e7ocuklar\u0131yla bir araya gelince anlat\u0131yorlar: \u201cBabay\u0131n pastas\u0131n\u0131 \u00e7ald\u0131m, \u00e7ay\u0131n paras\u0131n\u0131 \u00f6demedim ama Ilga Emmi hi\u00e7 beni bozmad\u0131\u201d diye anlat\u0131p g\u00fcl\u00fcyorlar. \u0130\u015fin garibi \u015fu ki bir arkada\u015f diyor ki: \u201cEvde \u00e7ay kalmad\u0131, kantinden paket \u00e7ay\u0131 da \u00e7ald\u0131m.\u201d \u00d6b\u00fcr\u00fc de \u201c\u0130ki bu\u00e7uk liras\u0131n\u0131 \u00e7ald\u0131m\u201d diyor. Bir di\u011feri \u201c\u0130lk sigaras\u0131n\u0131 \u00e7ald\u0131m\u201d diyor. Babam\u0131n g\u00f6rd\u00fc\u011f\u00fc h\u00e2lde hi\u00e7bir \u015fey demedi\u011fini anlat\u0131p g\u00fcl\u00fcyorlar.<\/p>\n<p>Babam rahmetli morali bozuk olunca uyur, morali iyi olunca da yine uyurdu. En sevdi\u011fi \u015fey uyumakt\u0131.<\/p>\n<p>Ilga Day\u0131 samimi, d\u00fcr\u00fcst ki\u015fili\u011finden dolay\u0131 o okulda emekli oluncaya kadar \u00e7al\u0131\u015fm\u0131\u015f, hem \u00f6\u011fretmenler hem de \u00f6\u011frenciler taraf\u0131ndan sevilmi\u015ftir. Emekli olunca k\u00f6y\u00fcne yerle\u015fmi\u015f, bir hayli arkeolojik \u00e7al\u0131\u015fmalar yapm\u0131\u015ft\u0131r. \u00c7ok kimseye ara\u015ft\u0131rmalar konusunda \u00f6nc\u00fcl\u00fck yapm\u0131\u015ft\u0131r. Rahmetli babam\u0131n hastal\u0131\u011f\u0131 KOAH ve nefes darl\u0131\u011f\u0131 idi. \u00c7ok sigara ve \u00e7ay i\u00e7er, bu konuda da \u00e2lemciydi.<\/p>\n<p>Ilga Day\u0131\u2019n\u0131n \u00f6l\u00fcm\u00fcn\u00fcn \u00fczerinden \u00fc\u00e7 y\u0131l ge\u00e7ti.<br \/>\nBabama ve \u00f6lm\u00fc\u015f t\u00fcm babalara rahmet diliyorum.<\/p>\n<p><img loading=\"lazy\" decoding=\"async\" class=\"alignnone size-full wp-image-1210\" src=\"https:\/\/www.kirsehirses.com\/wp-content\/uploads\/2025\/12\/IMG-20251220-WA0007-scaled.jpg\" alt=\"\" width=\"1920\" height=\"2560\" srcset=\"https:\/\/www.kirsehirses.com\/wp-content\/uploads\/2025\/12\/IMG-20251220-WA0007-scaled.jpg 1920w, https:\/\/www.kirsehirses.com\/wp-content\/uploads\/2025\/12\/IMG-20251220-WA0007-225x300.jpg 225w, https:\/\/www.kirsehirses.com\/wp-content\/uploads\/2025\/12\/IMG-20251220-WA0007-768x1024.jpg 768w, https:\/\/www.kirsehirses.com\/wp-content\/uploads\/2025\/12\/IMG-20251220-WA0007-1152x1536.jpg 1152w, https:\/\/www.kirsehirses.com\/wp-content\/uploads\/2025\/12\/IMG-20251220-WA0007-1536x2048.jpg 1536w\" sizes=\"auto, (max-width: 1920px) 100vw, 1920px\" \/><\/p>\n<p>Fazl\u0131 SARGIN<\/p>\n","protected":false},"excerpt":{"rendered":"<p>ILGA (KAHRAMAN) DAYI Babam Kahraman (Ilga)\u2019n\u0131n yar\u0131n \u00f6l\u00fcm y\u0131l d\u00f6n\u00fcm\u00fc. Mucur \u0130mam Hatip\u2019te okuyup da Ilga Day\u0131\u2019y\u0131 bilmeyen, \u00e7ay\u0131n\u0131 pastas\u0131n\u0131 yiyip i\u00e7meyen var m\u0131? Bu ak\u015fam babam\u0131 yazmak istiyorum. Ilga Day\u0131\u2019n\u0131n elinde \u00e7ay i\u00e7en, pasta yiyen, bazen de paras\u0131 olmad\u0131\u011f\u0131 i\u00e7in ufaktan a\u015f\u0131ran \u00f6\u011frencilere Ilga Day\u0131\u2019y\u0131 duyurup dualar\u0131n\u0131 almak istedim. Ilga Day\u0131 1940 do\u011fumlu. Kafa [&hellip;]<\/p>\n","protected":false},"author":1,"featured_media":1207,"comment_status":"open","ping_status":"open","sticky":false,"template":"","format":"standard","meta":{"footnotes":""},"categories":[8],"tags":[],"class_list":["post-1205","post","type-post","status-publish","format-standard","has-post-thumbnail","hentry","category-kirsehir"],"_links":{"self":[{"href":"https:\/\/www.kirsehirses.com\/index.php\/wp-json\/wp\/v2\/posts\/1205","targetHints":{"allow":["GET"]}}],"collection":[{"href":"https:\/\/www.kirsehirses.com\/index.php\/wp-json\/wp\/v2\/posts"}],"about":[{"href":"https:\/\/www.kirsehirses.com\/index.php\/wp-json\/wp\/v2\/types\/post"}],"author":[{"embeddable":true,"href":"https:\/\/www.kirsehirses.com\/index.php\/wp-json\/wp\/v2\/users\/1"}],"replies":[{"embeddable":true,"href":"https:\/\/www.kirsehirses.com\/index.php\/wp-json\/wp\/v2\/comments?post=1205"}],"version-history":[{"count":2,"href":"https:\/\/www.kirsehirses.com\/index.php\/wp-json\/wp\/v2\/posts\/1205\/revisions"}],"predecessor-version":[{"id":1211,"href":"https:\/\/www.kirsehirses.com\/index.php\/wp-json\/wp\/v2\/posts\/1205\/revisions\/1211"}],"wp:featuredmedia":[{"embeddable":true,"href":"https:\/\/www.kirsehirses.com\/index.php\/wp-json\/wp\/v2\/media\/1207"}],"wp:attachment":[{"href":"https:\/\/www.kirsehirses.com\/index.php\/wp-json\/wp\/v2\/media?parent=1205"}],"wp:term":[{"taxonomy":"category","embeddable":true,"href":"https:\/\/www.kirsehirses.com\/index.php\/wp-json\/wp\/v2\/categories?post=1205"},{"taxonomy":"post_tag","embeddable":true,"href":"https:\/\/www.kirsehirses.com\/index.php\/wp-json\/wp\/v2\/tags?post=1205"}],"curies":[{"name":"wp","href":"https:\/\/api.w.org\/{rel}","templated":true}]}}