{"id":1212,"date":"2025-12-22T01:29:05","date_gmt":"2025-12-21T22:29:05","guid":{"rendered":"https:\/\/www.kirsehirses.com\/?p=1212"},"modified":"2025-12-22T01:29:05","modified_gmt":"2025-12-21T22:29:05","slug":"kirsiadtan-istisare-toplantisi","status":"publish","type":"post","link":"https:\/\/www.kirsehirses.com\/index.php\/2025\/12\/22\/kirsiadtan-istisare-toplantisi\/","title":{"rendered":"KIRS\u0130AD\u2019tan \u0130sti\u015fare Toplant\u0131s\u0131"},"content":{"rendered":"<p><strong>KIRS\u0130AD\u2019tan \u0130sti\u015fare Toplant\u0131s\u0131<\/strong><\/p>\n<p>K\u0131r\u015fehirli Dernekler Federasyonu\u2019na ba\u011fl\u0131 K\u0131r\u015fehirli Sanayici ve \u0130\u015f \u0130nsanlar\u0131 Derne\u011fi (KIRS\u0130AD), y\u0131l sonu isti\u015fare toplant\u0131s\u0131n\u0131 yo\u011fun kat\u0131l\u0131mla ger\u00e7ekle\u015ftirdi.<\/p>\n<p>Toplant\u0131da konu\u015fan KIRS\u0130AD Ba\u015fkan\u0131 Levent Ak\u00e7akoca, K\u0131r\u015fehirli i\u015f d\u00fcnyas\u0131n\u0131n ortak de\u011ferler etraf\u0131nda kenetlenmesi gerekti\u011fini belirterek, K\u0131r\u015fehir\u2019in Ahi k\u00fclt\u00fcr\u00fcnden gelen d\u00fcr\u00fcstl\u00fck, dayan\u0131\u015fma ve karde\u015flik anlay\u0131\u015f\u0131n\u0131n i\u015f hayat\u0131nda yol g\u00f6sterici oldu\u011funu ifade etti. Ak\u00e7akoca, K\u0131r\u015fehirli olman\u0131n sadece bir memleket sevgisi de\u011fil, bir duru\u015f ve k\u00fclt\u00fcr oldu\u011funu vurgulayarak, \u201cBu miras\u0131 daha b\u00fcy\u00fck hedeflere d\u00f6n\u00fc\u015ft\u00fcrmek zorunday\u0131z. Birlikte g\u00fc\u00e7 birli\u011fi yapacak, d\u00fcnyaya a\u00e7\u0131laca\u011f\u0131z\u201d dedi.<\/p>\n<p>K\u0131r\u015fehirli Dernekler Federasyonu Genel Ba\u015fkan\u0131 Hilmi G\u00f6k\u00e7\u0131nar ise g\u00fcn\u00fcm\u00fcz d\u00fcnyas\u0131nda \u00f6rg\u00fctl\u00fc hareket etmenin \u00f6nemine dikkat \u00e7ekti. Bireysel ba\u015far\u0131lar\u0131n de\u011ferli oldu\u011funu ancak k\u00fcresel \u00f6l\u00e7ekte g\u00fc\u00e7l\u00fc bir yap\u0131 olmadan ilerlemenin zorla\u015ft\u0131\u011f\u0131n\u0131 ifade eden G\u00f6k\u00e7\u0131nar, KIRS\u0130AD\u2019\u0131n federasyon \u00e7at\u0131s\u0131 alt\u0131ndaki en \u00f6nemli yap\u0131lardan biri oldu\u011funu s\u00f6yledi. Do\u011fru niteliklere sahip herkesin bu yap\u0131ya dahil edilmesi gerekti\u011fini belirten G\u00f6k\u00e7\u0131nar, hedeflerinin K\u0131r\u015fehir\u2019i Ankara\u2019da ve i\u015f d\u00fcnyas\u0131nda g\u00fc\u00e7l\u00fc bir t\u00fczel ki\u015filik haline getirmek oldu\u011funu kaydetti.<\/p>\n<p>K\u0131r\u015fehirli Dernekler Federasyonu\u2019nun 2003 y\u0131l\u0131nda alt\u0131 dernekle kuruldu\u011fu ve bug\u00fcn 65 derne\u011fe ula\u015ft\u0131\u011f\u0131 belirtilirken, KIRS\u0130AD\u2019\u0131n ise 2022 y\u0131l\u0131nda kuruldu\u011fu, ifade edildi.<\/p>\n","protected":false},"excerpt":{"rendered":"<p>KIRS\u0130AD\u2019tan \u0130sti\u015fare Toplant\u0131s\u0131 K\u0131r\u015fehirli Dernekler Federasyonu\u2019na ba\u011fl\u0131 K\u0131r\u015fehirli Sanayici ve \u0130\u015f \u0130nsanlar\u0131 Derne\u011fi (KIRS\u0130AD), y\u0131l sonu isti\u015fare toplant\u0131s\u0131n\u0131 yo\u011fun kat\u0131l\u0131mla ger\u00e7ekle\u015ftirdi. Toplant\u0131da konu\u015fan KIRS\u0130AD Ba\u015fkan\u0131 Levent Ak\u00e7akoca, K\u0131r\u015fehirli i\u015f d\u00fcnyas\u0131n\u0131n ortak de\u011ferler etraf\u0131nda kenetlenmesi gerekti\u011fini belirterek, K\u0131r\u015fehir\u2019in Ahi k\u00fclt\u00fcr\u00fcnden gelen d\u00fcr\u00fcstl\u00fck, dayan\u0131\u015fma ve karde\u015flik anlay\u0131\u015f\u0131n\u0131n i\u015f hayat\u0131nda yol g\u00f6sterici oldu\u011funu ifade etti. Ak\u00e7akoca, K\u0131r\u015fehirli olman\u0131n [&hellip;]<\/p>\n","protected":false},"author":1,"featured_media":1213,"comment_status":"open","ping_status":"open","sticky":false,"template":"","format":"standard","meta":{"footnotes":""},"categories":[8],"tags":[],"class_list":["post-1212","post","type-post","status-publish","format-standard","has-post-thumbnail","hentry","category-kirsehir"],"_links":{"self":[{"href":"https:\/\/www.kirsehirses.com\/index.php\/wp-json\/wp\/v2\/posts\/1212","targetHints":{"allow":["GET"]}}],"collection":[{"href":"https:\/\/www.kirsehirses.com\/index.php\/wp-json\/wp\/v2\/posts"}],"about":[{"href":"https:\/\/www.kirsehirses.com\/index.php\/wp-json\/wp\/v2\/types\/post"}],"author":[{"embeddable":true,"href":"https:\/\/www.kirsehirses.com\/index.php\/wp-json\/wp\/v2\/users\/1"}],"replies":[{"embeddable":true,"href":"https:\/\/www.kirsehirses.com\/index.php\/wp-json\/wp\/v2\/comments?post=1212"}],"version-history":[{"count":1,"href":"https:\/\/www.kirsehirses.com\/index.php\/wp-json\/wp\/v2\/posts\/1212\/revisions"}],"predecessor-version":[{"id":1214,"href":"https:\/\/www.kirsehirses.com\/index.php\/wp-json\/wp\/v2\/posts\/1212\/revisions\/1214"}],"wp:featuredmedia":[{"embeddable":true,"href":"https:\/\/www.kirsehirses.com\/index.php\/wp-json\/wp\/v2\/media\/1213"}],"wp:attachment":[{"href":"https:\/\/www.kirsehirses.com\/index.php\/wp-json\/wp\/v2\/media?parent=1212"}],"wp:term":[{"taxonomy":"category","embeddable":true,"href":"https:\/\/www.kirsehirses.com\/index.php\/wp-json\/wp\/v2\/categories?post=1212"},{"taxonomy":"post_tag","embeddable":true,"href":"https:\/\/www.kirsehirses.com\/index.php\/wp-json\/wp\/v2\/tags?post=1212"}],"curies":[{"name":"wp","href":"https:\/\/api.w.org\/{rel}","templated":true}]}}