{"id":1227,"date":"2025-12-23T04:09:03","date_gmt":"2025-12-23T01:09:03","guid":{"rendered":"https:\/\/www.kirsehirses.com\/?p=1227"},"modified":"2025-12-23T04:09:03","modified_gmt":"2025-12-23T01:09:03","slug":"kirsehirde-akilli-su-sayaclari-yayginlasiyor","status":"publish","type":"post","link":"https:\/\/www.kirsehirses.com\/index.php\/2025\/12\/23\/kirsehirde-akilli-su-sayaclari-yayginlasiyor\/","title":{"rendered":"K\u0131r\u015fehir&#8217;de Ak\u0131ll\u0131 Su Saya\u00e7lar\u0131 Yayg\u0131nla\u015f\u0131yor"},"content":{"rendered":"<p><strong>K\u0131r\u015fehir&#8217;de Ak\u0131ll\u0131 Su Saya\u00e7lar\u0131 Yayg\u0131nla\u015f\u0131yor<\/strong><\/p>\n<p>K\u0131r\u015fehir Valili\u011fi taraf\u0131ndan ba\u015flat\u0131lan \u201cAk\u0131ll\u0131 Su Sayac\u0131 Uygulamas\u0131\u201d, il genelinde \u00f6zellikle k\u00f6ylerde h\u0131zla yayg\u0131nla\u015f\u0131yor.<\/p>\n<p>Modern altyap\u0131 ve s\u00fcrd\u00fcr\u00fclebilir su y\u00f6netimi hedefiyle hayata ge\u00e7irilen uygulama kapsam\u0131nda, eski saya\u00e7lar ak\u0131ll\u0131 sistemlerle de\u011fi\u015ftiriliyor. Su kullan\u0131m\u0131nda tasarruf ve verimlili\u011fi art\u0131rmay\u0131 ama\u00e7layan uygulama, k\u0131rsalda hizmet kalitesini de y\u00fckseltiyor.<\/p>\n<p>Bu kapsamda, \u00c7i\u00e7ekda\u011f\u0131 Kaymakam\u0131 Durdu Yavuz \u00d6\u011f\u00fct ba\u015fkanl\u0131\u011f\u0131nda, \u0130l Genel Meclis \u00dcyeleri ve \u00c7i\u00e7ekda\u011f\u0131 il\u00e7esine ba\u011fl\u0131 23 k\u00f6y muhtar\u0131, K\u0131r\u015fehir Valisi taraf\u0131ndan kabul edildi.<\/p>\n<p>LlSahada g\u00f6sterdikleri gayret, kamu hizmetlerine sunduklar\u0131 katk\u0131 ve Ak\u0131ll\u0131 Su Sayac\u0131 s\u00fcrecindeki \u00f6zverili \u00e7al\u0131\u015fmalar\u0131 nedeniyle muhtarlara te\u015fekk\u00fcr belgeleri verildi.<\/p>\n<p>Vali, muhtarlar\u0131n yerelde devlet-vatanda\u015f aras\u0131ndaki k\u00f6pr\u00fc g\u00f6revi \u00fcstlendi\u011fini vurgulayarak, desteklerinin \u00f6nemine dikkat \u00e7ekti. Uygulaman\u0131n t\u00fcm k\u00f6ylerde devam edece\u011fi belirtildi.<\/p>\n","protected":false},"excerpt":{"rendered":"<p>K\u0131r\u015fehir&#8217;de Ak\u0131ll\u0131 Su Saya\u00e7lar\u0131 Yayg\u0131nla\u015f\u0131yor K\u0131r\u015fehir Valili\u011fi taraf\u0131ndan ba\u015flat\u0131lan \u201cAk\u0131ll\u0131 Su Sayac\u0131 Uygulamas\u0131\u201d, il genelinde \u00f6zellikle k\u00f6ylerde h\u0131zla yayg\u0131nla\u015f\u0131yor. Modern altyap\u0131 ve s\u00fcrd\u00fcr\u00fclebilir su y\u00f6netimi hedefiyle hayata ge\u00e7irilen uygulama kapsam\u0131nda, eski saya\u00e7lar ak\u0131ll\u0131 sistemlerle de\u011fi\u015ftiriliyor. Su kullan\u0131m\u0131nda tasarruf ve verimlili\u011fi art\u0131rmay\u0131 ama\u00e7layan uygulama, k\u0131rsalda hizmet kalitesini de y\u00fckseltiyor. Bu kapsamda, \u00c7i\u00e7ekda\u011f\u0131 Kaymakam\u0131 Durdu Yavuz \u00d6\u011f\u00fct [&hellip;]<\/p>\n","protected":false},"author":1,"featured_media":1228,"comment_status":"open","ping_status":"open","sticky":false,"template":"","format":"standard","meta":{"footnotes":""},"categories":[8],"tags":[],"class_list":["post-1227","post","type-post","status-publish","format-standard","has-post-thumbnail","hentry","category-kirsehir"],"_links":{"self":[{"href":"https:\/\/www.kirsehirses.com\/index.php\/wp-json\/wp\/v2\/posts\/1227","targetHints":{"allow":["GET"]}}],"collection":[{"href":"https:\/\/www.kirsehirses.com\/index.php\/wp-json\/wp\/v2\/posts"}],"about":[{"href":"https:\/\/www.kirsehirses.com\/index.php\/wp-json\/wp\/v2\/types\/post"}],"author":[{"embeddable":true,"href":"https:\/\/www.kirsehirses.com\/index.php\/wp-json\/wp\/v2\/users\/1"}],"replies":[{"embeddable":true,"href":"https:\/\/www.kirsehirses.com\/index.php\/wp-json\/wp\/v2\/comments?post=1227"}],"version-history":[{"count":1,"href":"https:\/\/www.kirsehirses.com\/index.php\/wp-json\/wp\/v2\/posts\/1227\/revisions"}],"predecessor-version":[{"id":1229,"href":"https:\/\/www.kirsehirses.com\/index.php\/wp-json\/wp\/v2\/posts\/1227\/revisions\/1229"}],"wp:featuredmedia":[{"embeddable":true,"href":"https:\/\/www.kirsehirses.com\/index.php\/wp-json\/wp\/v2\/media\/1228"}],"wp:attachment":[{"href":"https:\/\/www.kirsehirses.com\/index.php\/wp-json\/wp\/v2\/media?parent=1227"}],"wp:term":[{"taxonomy":"category","embeddable":true,"href":"https:\/\/www.kirsehirses.com\/index.php\/wp-json\/wp\/v2\/categories?post=1227"},{"taxonomy":"post_tag","embeddable":true,"href":"https:\/\/www.kirsehirses.com\/index.php\/wp-json\/wp\/v2\/tags?post=1227"}],"curies":[{"name":"wp","href":"https:\/\/api.w.org\/{rel}","templated":true}]}}