{"id":1230,"date":"2025-12-23T04:19:52","date_gmt":"2025-12-23T01:19:52","guid":{"rendered":"https:\/\/www.kirsehirses.com\/?p=1230"},"modified":"2025-12-23T04:19:52","modified_gmt":"2025-12-23T01:19:52","slug":"106-yil-once-bu-topraklardan-gecen-irade","status":"publish","type":"post","link":"https:\/\/www.kirsehirses.com\/index.php\/2025\/12\/23\/106-yil-once-bu-topraklardan-gecen-irade\/","title":{"rendered":"106 Y\u0131l \u00d6nce Bu Topraklardan Ge\u00e7en \u0130rade"},"content":{"rendered":"<p><strong>106 Y\u0131l \u00d6nce Bu Topraklardan Ge\u00e7en \u0130rade<\/strong><\/p>\n<p><span style=\"font-weight: 400;\">T\u00fcrk milleti s\u0131k\u0131nt\u0131l\u0131yd\u0131.<\/span><\/p>\n<p><span style=\"font-weight: 400;\">Yorgundu.<\/span><\/p>\n<p><span style=\"font-weight: 400;\">Yoksuldu.<\/span><\/p>\n<p><span style=\"font-weight: 400;\">Ma\u011flup say\u0131lm\u0131\u015ft\u0131.<\/span><\/p>\n<p><span style=\"font-weight: 400;\">Bir imparatorluk da\u011f\u0131lm\u0131\u015f, ordular\u0131 terhis edilmi\u015f, silahlar\u0131na el konulmu\u015ftu.\u00a0<\/span><\/p>\n<p><span style=\"font-weight: 400;\">K\u00f6ylerde erkekler cephelerden d\u00f6nememi\u015f, \u015fehirlerde umut sessizli\u011fe b\u00fcr\u00fcnm\u00fc\u015ft\u00fc. Sevr denilen bir dayatma ile bir milletin kaderi masa ba\u015f\u0131nda \u00e7izilmek isteniyordu. Konu\u015fan azd\u0131; \u00e7\u00fcnk\u00fc kimsenin konu\u015facak mecali kalmam\u0131\u015ft\u0131.<\/span><\/p>\n<p><span style=\"font-weight: 400;\">\u0130\u015fte tam bu atmosferde, 19 May\u0131s 1919\u2019da M. Kemal Pa\u015fa ve arkada\u015flar\u0131 Samsun\u2019dan Anadolu\u2019ya \u00e7\u0131kt\u0131.<\/span><\/p>\n<p><span style=\"font-weight: 400;\">G\u00f6revleri s\u0131n\u0131rl\u0131yd\u0131 ama sorumluluklar\u0131 b\u00fcy\u00fckt\u00fc.<\/span><\/p>\n<p><span style=\"font-weight: 400;\">O g\u00fcn Samsun\u2019a \u00e7\u0131kan sadece bir asker de\u011fil; milletin iradesine g\u00fcvenen bir liderdi.<\/span><\/p>\n<p><span style=\"font-weight: 400;\">M. Kemal Pa\u015fa, Samsun\u2019dan Havza\u2019ya, oradan Amasya\u2019ya ge\u00e7ti.<\/span><\/p>\n<p><span style=\"font-weight: 400;\">Amasya Tamimi ile ilk kez a\u00e7\u0131k\u00e7a konu\u015ftu:<\/span><\/p>\n<p><span style=\"font-weight: 400;\">\u201cVatan\u0131n b\u00fct\u00fcnl\u00fc\u011f\u00fc, milletin ba\u011f\u0131ms\u0131zl\u0131\u011f\u0131 tehlikededir.\u201d<\/span><\/p>\n<p><span style=\"font-weight: 400;\">Ve tarihi c\u00fcmleyi kurdu:<\/span><\/p>\n<p><span style=\"font-weight: 400;\">\u201cMilletin istiklalini, yine milletin azim ve karar\u0131 kurtaracakt\u0131r.\u201d<\/span><\/p>\n<p><span style=\"font-weight: 400;\">Erzurum ve Sivas\u00a0 Kongrelerinde Anadolu\u2019nun deste\u011fi tamd\u0131.<\/span><\/p>\n<p><span style=\"font-weight: 400;\">Art\u0131k yol belliydi.<\/span><\/p>\n<p><span style=\"font-weight: 400;\">Milli M\u00fccadele\u2019nin merkezi olarak Ankara se\u00e7ildi. \u00c7\u00fcnk\u00fc Ankara i\u015fgal alt\u0131nda de\u011fildi. \u00c7\u00fcnk\u00fc Anadolu\u2019nun ortas\u0131ndayd\u0131. Ve \u00e7\u00fcnk\u00fc Anadolu\u2019nun vicdan\u0131 oradayd\u0131. \u0130stanbul suskundu; Anadolu konu\u015fmaya haz\u0131rd\u0131.<\/span><\/p>\n<p><span style=\"font-weight: 400;\">M. Kemal Pa\u015fa, bu yolculuk s\u0131ras\u0131nda b\u00fcy\u00fck imk\u00e2nlarla de\u011fil;<\/span><\/p>\n<p><span style=\"font-weight: 400;\">milletin duas\u0131, deste\u011fi ve cesaretiyle y\u00fcr\u00fcd\u00fc.<\/span><\/p>\n<p><span style=\"font-weight: 400;\">Mucur\u2019a geli\u015fi ve Hac\u0131bekta\u015f ziyaretleri y\u00fcr\u00fcy\u00fc\u015f\u00fcn unutulmamas\u0131 gereken duraklar\u0131d\u0131r.\u00a0<\/span><\/p>\n<p><span style=\"font-weight: 400;\">O g\u00fcn Mucur\u2019da kar\u015f\u0131lanan yaln\u0131zca bir komutan de\u011fildi. Kar\u015f\u0131lanan; \u201cbitti\u201d denilen bir milletin yeniden aya\u011fa kalkma ihtimaliydi. Yorgun ama onurlu halk, imk\u00e2n\u0131 az ama iradesi g\u00fc\u00e7l\u00fc bir \u015fekilde M. Kemal Pa\u015fa\u2019n\u0131n yan\u0131nda durdu.<\/span><\/p>\n<p><span style=\"font-weight: 400;\">Ard\u0131ndan K\u0131r\u015fehir\u2019e geli\u015fi\u2026<\/span><\/p>\n<p><span style=\"font-weight: 400;\">Ahilik gelene\u011fiyle yo\u011frulmu\u015f bu kadim \u015fehir, Milli M\u00fccadele\u2019ye teredd\u00fcts\u00fcz destek verdi. K\u0131r\u015fehir halk\u0131, i\u015fgalin ne anlama geldi\u011fini biliyordu. Bu y\u00fczden destek sadece s\u00f6zle de\u011fil, duru\u015fla g\u00f6sterildi. Evini, ekme\u011fini, duas\u0131n\u0131 payla\u015fan insanlar; \u201cBu yol zor ama haysiyetlidir\u201d diyerek saf\u0131n\u0131 belli etti.<\/span><\/p>\n<p><span style=\"font-weight: 400;\">Ve Kaman\u2026<\/span><\/p>\n<p>M. Kemal Pa\u015fa\u2019n\u0131n Ankara\u2019ya u\u011furland\u0131\u011f\u0131 yer.<\/p>\n<p><span style=\"font-weight: 400;\">Mucur, K\u0131r\u015fehir ve Kaman belki bir yol dura\u011f\u0131 gibi g\u00f6r\u00fcl\u00fcr.<\/span><\/p>\n<p><span style=\"font-weight: 400;\">Ama tarihte baz\u0131 yerlerin b\u00fcy\u00fckl\u00fc\u011f\u00fc n\u00fcfusla de\u011fil, ta\u015f\u0131d\u0131\u011f\u0131 sorumlulukla \u00f6l\u00e7\u00fcl\u00fcr.\u00a0<\/span><\/p>\n<p><span style=\"font-weight: 400;\">Kaman\u2019dan Ankara\u2019ya u\u011furlanan, sadece bir yolcu de\u011fildi; bir milletin kaderiydi. O u\u011furlay\u0131\u015fta g\u00f6zya\u015f\u0131 da vard\u0131, umut da\u2026 Ve en \u00e7ok da teslim olmayan bir irade.<\/span><\/p>\n<p><span style=\"font-weight: 400;\">21 Aral\u0131k, M. Kemal Pa\u015fa\u2019n\u0131n Mucur\u2019a geli\u015fi, 24 Aral\u0131k ise K\u0131r\u015fehir\u2019de g\u00f6rd\u00fc\u011f\u00fc b\u00fcy\u00fck destek ve 25 Aral\u0131k Kaman\u2019a geli\u015fi ve 26 Aral\u0131k Ankara\u2019ya u\u011furlan\u0131\u015f\u0131n\u0131n 106. y\u0131l d\u00f6n\u00fcm\u00fc.<\/span><\/p>\n<p><span style=\"font-weight: 400;\">106 y\u0131l \u00f6nce bu topraklar, bir lidere \u201cyaln\u0131z de\u011filsin\u201d dedi.<\/span><\/p>\n<p><span style=\"font-weight: 400;\">106 y\u0131l \u00f6nce verilen bu destek, Ankara\u2019da Meclis\u2019e, Sakarya\u2019da direni\u015fe, Dumlup\u0131nar\u2019da zafere, sonunda da Cumhuriyet\u2019e d\u00f6n\u00fc\u015ft\u00fc.<\/span><\/p>\n<p><span style=\"font-weight: 400;\">Bu y\u00fczden bu ziyaretleri sadece birer tarih notu olarak de\u011fil, Milli M\u00fccadele\u2019nin Anadolu\u2019daki inan\u00e7 ve m\u00fccadele duraklar\u0131 olarak okumak gerekir.<\/span><\/p>\n<p><span style=\"font-weight: 400;\">\u00c7\u00fcnk\u00fc M. Kemal Pa\u015fa bu topraklardan ge\u00e7erken yaln\u0131zca yol almad\u0131; g\u00fc\u00e7 ald\u0131, cesaret ald\u0131, millet oldu.<\/span><\/p>\n<p><span style=\"font-weight: 400;\">Bug\u00fcn bize d\u00fc\u015fen; bu hat\u0131ray\u0131 sadece anmak de\u011fil, o g\u00fcn g\u00f6sterilen birlik ruhunu ve sorumluluk bilincini canl\u0131 tutmakt\u0131r.<\/span><\/p>\n<p><span style=\"font-weight: 400;\">Tarih a\u00e7\u0131k\u00e7a \u015funu s\u00f6yl\u00fcyor:<\/span><\/p>\n<p><span style=\"font-weight: 400;\">Bu millet, en zor zamanlarda do\u011fru liderin arkas\u0131nda durmay\u0131 bilmi\u015ftir.<\/span><\/p>\n<p><span style=\"font-weight: 400;\">Ve Mucur, K\u0131r\u015fehir, Kaman\u2026<\/span><\/p>\n<p><span style=\"font-weight: 400;\">Bu onurlu duru\u015fun sessiz ama vakur tan\u0131klar\u0131d\u0131r.<\/span><\/p>\n","protected":false},"excerpt":{"rendered":"<p>106 Y\u0131l \u00d6nce Bu Topraklardan Ge\u00e7en \u0130rade T\u00fcrk milleti s\u0131k\u0131nt\u0131l\u0131yd\u0131. Yorgundu. Yoksuldu. Ma\u011flup say\u0131lm\u0131\u015ft\u0131. Bir imparatorluk da\u011f\u0131lm\u0131\u015f, ordular\u0131 terhis edilmi\u015f, silahlar\u0131na el konulmu\u015ftu.\u00a0 K\u00f6ylerde erkekler cephelerden d\u00f6nememi\u015f, \u015fehirlerde umut sessizli\u011fe b\u00fcr\u00fcnm\u00fc\u015ft\u00fc. Sevr denilen bir dayatma ile bir milletin kaderi masa ba\u015f\u0131nda \u00e7izilmek isteniyordu. Konu\u015fan azd\u0131; \u00e7\u00fcnk\u00fc kimsenin konu\u015facak mecali kalmam\u0131\u015ft\u0131. \u0130\u015fte tam bu atmosferde, 19 [&hellip;]<\/p>\n","protected":false},"author":1,"featured_media":1232,"comment_status":"open","ping_status":"open","sticky":false,"template":"","format":"standard","meta":{"footnotes":""},"categories":[8],"tags":[],"class_list":["post-1230","post","type-post","status-publish","format-standard","has-post-thumbnail","hentry","category-kirsehir"],"_links":{"self":[{"href":"https:\/\/www.kirsehirses.com\/index.php\/wp-json\/wp\/v2\/posts\/1230","targetHints":{"allow":["GET"]}}],"collection":[{"href":"https:\/\/www.kirsehirses.com\/index.php\/wp-json\/wp\/v2\/posts"}],"about":[{"href":"https:\/\/www.kirsehirses.com\/index.php\/wp-json\/wp\/v2\/types\/post"}],"author":[{"embeddable":true,"href":"https:\/\/www.kirsehirses.com\/index.php\/wp-json\/wp\/v2\/users\/1"}],"replies":[{"embeddable":true,"href":"https:\/\/www.kirsehirses.com\/index.php\/wp-json\/wp\/v2\/comments?post=1230"}],"version-history":[{"count":1,"href":"https:\/\/www.kirsehirses.com\/index.php\/wp-json\/wp\/v2\/posts\/1230\/revisions"}],"predecessor-version":[{"id":1233,"href":"https:\/\/www.kirsehirses.com\/index.php\/wp-json\/wp\/v2\/posts\/1230\/revisions\/1233"}],"wp:featuredmedia":[{"embeddable":true,"href":"https:\/\/www.kirsehirses.com\/index.php\/wp-json\/wp\/v2\/media\/1232"}],"wp:attachment":[{"href":"https:\/\/www.kirsehirses.com\/index.php\/wp-json\/wp\/v2\/media?parent=1230"}],"wp:term":[{"taxonomy":"category","embeddable":true,"href":"https:\/\/www.kirsehirses.com\/index.php\/wp-json\/wp\/v2\/categories?post=1230"},{"taxonomy":"post_tag","embeddable":true,"href":"https:\/\/www.kirsehirses.com\/index.php\/wp-json\/wp\/v2\/tags?post=1230"}],"curies":[{"name":"wp","href":"https:\/\/api.w.org\/{rel}","templated":true}]}}