{"id":1234,"date":"2025-12-28T07:56:03","date_gmt":"2025-12-28T04:56:03","guid":{"rendered":"https:\/\/www.kirsehirses.com\/?p=1234"},"modified":"2025-12-28T07:56:03","modified_gmt":"2025-12-28T04:56:03","slug":"batmanda-gorevli-mucurlu-komiser-hayatini-kaybetti","status":"publish","type":"post","link":"https:\/\/www.kirsehirses.com\/index.php\/2025\/12\/28\/batmanda-gorevli-mucurlu-komiser-hayatini-kaybetti\/","title":{"rendered":"Batman\u2019da G\u00f6revli Mucurlu Komiser Hayat\u0131n\u0131 Kaybetti"},"content":{"rendered":"<p><strong>Batman\u2019da G\u00f6revli Mucurlu Komiser Hayat\u0131n\u0131 Kaybetti<\/strong><\/p>\n<p>Batman \u00d6zel Harek\u00e2t \u015eube M\u00fcd\u00fcrl\u00fc\u011f\u00fc&#8217;nde g\u00f6rev yapan 1985 do\u011fumlu Polis \u00d6zel Harek\u00e2t Komiseri H\u0131z\u0131r \u00d6zkaya, hayat\u0131n\u0131 kaybetti.<\/p>\n<p>K\u0131r\u015fehir- Mucur il\u00e7esi K\u00fc\u00e7\u00fckburunag\u0131l k\u00f6y\u00fc n\u00fcfusuna kay\u0131tl\u0131 olan ve meslek ya\u015fam\u0131nda disipliniyle tan\u0131nan \u00d6zkaya\u2019n\u0131n vefat\u0131, polis te\u015fkilat\u0131 ve Mucur\u2019da b\u00fcy\u00fck \u00fcz\u00fcnt\u00fcye neden oldu.<\/p>\n<p>Evli ve iki \u00e7ocuk babas\u0131 olan Komiser H\u0131z\u0131r \u00d6zkaya\u2019n\u0131n ani vefat\u0131 sonras\u0131 \u00e7ok say\u0131da meslekta\u015f\u0131 ve yak\u0131n\u0131 taziye mesajlar\u0131 payla\u015ft\u0131.<\/p>\n<p>Batman yerel bas\u0131n kurulu\u015flar\u0131nda yer alan haberlere g\u00f6re, merhum Komiser i\u00e7in 24 Aral\u0131k 2025 \u00c7ar\u015famba g\u00fcn\u00fc (yar\u0131n) Mersin Akbelen Mezarl\u0131\u011f\u0131 Kompleksi\u2019nde \u00f6\u011fle namaz\u0131na m\u00fcteakip cenaze namaz\u0131 k\u0131l\u0131nacak ve ard\u0131ndan ayn\u0131 yerde defnedilecek.<\/p>\n<p>K\u0131r\u015fehir Ses Haber olarak merhuma Allah\u2019tan rahmet yak\u0131nlar\u0131na ve Emniyet camias\u0131na ba\u015fsa\u011fl\u0131\u011f\u0131 dileriz.<\/p>\n","protected":false},"excerpt":{"rendered":"<p>Batman\u2019da G\u00f6revli Mucurlu Komiser Hayat\u0131n\u0131 Kaybetti Batman \u00d6zel Harek\u00e2t \u015eube M\u00fcd\u00fcrl\u00fc\u011f\u00fc&#8217;nde g\u00f6rev yapan 1985 do\u011fumlu Polis \u00d6zel Harek\u00e2t Komiseri H\u0131z\u0131r \u00d6zkaya, hayat\u0131n\u0131 kaybetti. K\u0131r\u015fehir- Mucur il\u00e7esi K\u00fc\u00e7\u00fckburunag\u0131l k\u00f6y\u00fc n\u00fcfusuna kay\u0131tl\u0131 olan ve meslek ya\u015fam\u0131nda disipliniyle tan\u0131nan \u00d6zkaya\u2019n\u0131n vefat\u0131, polis te\u015fkilat\u0131 ve Mucur\u2019da b\u00fcy\u00fck \u00fcz\u00fcnt\u00fcye neden oldu. Evli ve iki \u00e7ocuk babas\u0131 olan Komiser H\u0131z\u0131r \u00d6zkaya\u2019n\u0131n [&hellip;]<\/p>\n","protected":false},"author":1,"featured_media":1235,"comment_status":"open","ping_status":"open","sticky":false,"template":"","format":"standard","meta":{"footnotes":""},"categories":[8],"tags":[],"class_list":["post-1234","post","type-post","status-publish","format-standard","has-post-thumbnail","hentry","category-kirsehir"],"_links":{"self":[{"href":"https:\/\/www.kirsehirses.com\/index.php\/wp-json\/wp\/v2\/posts\/1234","targetHints":{"allow":["GET"]}}],"collection":[{"href":"https:\/\/www.kirsehirses.com\/index.php\/wp-json\/wp\/v2\/posts"}],"about":[{"href":"https:\/\/www.kirsehirses.com\/index.php\/wp-json\/wp\/v2\/types\/post"}],"author":[{"embeddable":true,"href":"https:\/\/www.kirsehirses.com\/index.php\/wp-json\/wp\/v2\/users\/1"}],"replies":[{"embeddable":true,"href":"https:\/\/www.kirsehirses.com\/index.php\/wp-json\/wp\/v2\/comments?post=1234"}],"version-history":[{"count":1,"href":"https:\/\/www.kirsehirses.com\/index.php\/wp-json\/wp\/v2\/posts\/1234\/revisions"}],"predecessor-version":[{"id":1236,"href":"https:\/\/www.kirsehirses.com\/index.php\/wp-json\/wp\/v2\/posts\/1234\/revisions\/1236"}],"wp:featuredmedia":[{"embeddable":true,"href":"https:\/\/www.kirsehirses.com\/index.php\/wp-json\/wp\/v2\/media\/1235"}],"wp:attachment":[{"href":"https:\/\/www.kirsehirses.com\/index.php\/wp-json\/wp\/v2\/media?parent=1234"}],"wp:term":[{"taxonomy":"category","embeddable":true,"href":"https:\/\/www.kirsehirses.com\/index.php\/wp-json\/wp\/v2\/categories?post=1234"},{"taxonomy":"post_tag","embeddable":true,"href":"https:\/\/www.kirsehirses.com\/index.php\/wp-json\/wp\/v2\/tags?post=1234"}],"curies":[{"name":"wp","href":"https:\/\/api.w.org\/{rel}","templated":true}]}}