{"id":1237,"date":"2025-12-28T07:57:09","date_gmt":"2025-12-28T04:57:09","guid":{"rendered":"https:\/\/www.kirsehirses.com\/?p=1237"},"modified":"2025-12-28T07:57:09","modified_gmt":"2025-12-28T04:57:09","slug":"mucurlu-ogrencilere-uskupte-sertifika","status":"publish","type":"post","link":"https:\/\/www.kirsehirses.com\/index.php\/2025\/12\/28\/mucurlu-ogrencilere-uskupte-sertifika\/","title":{"rendered":"Mucurlu \u00d6\u011frencilere \u00dcsk\u00fcp\u2019te Sertifika"},"content":{"rendered":"<p><strong>Mucurlu \u00d6\u011frencilere \u00dcsk\u00fcp\u2019te Sertifika<\/strong><\/p>\n<p>Mucur \u015eehit \u00d6\u011fretmen H\u00fcseyin Aydemir H\u00fcrriyet Ortaokulu, Erasmus+ Okul E\u011fitimi Akreditasyonu \u00d6\u011frenci Grup Hareketlili\u011fi kapsam\u0131nda Kuzey Makedonya\u2019n\u0131n ba\u015fkenti \u00dcsk\u00fcp\u2019te proje faaliyetlerine kat\u0131ld\u0131.<\/p>\n<p>Program sonunda \u00f6\u011frencilere, g\u00f6sterdikleri ba\u015far\u0131l\u0131 kat\u0131l\u0131m dolay\u0131s\u0131yla \u00dcsk\u00fcp Imr\u0131 Elezi Ortaokulu Erasmus temsilcisi taraf\u0131ndan kat\u0131l\u0131m sertifikas\u0131 verildi.<\/p>\n<p>Proje sayesinde \u00f6\u011frenciler uluslararas\u0131 bir deneyim ya\u015farken, farkl\u0131 k\u00fclt\u00fcrlerle etkile\u015fim kurma ve e\u011fitim ortamlar\u0131n\u0131 g\u00f6zlemleme f\u0131rsat\u0131 buldu.<\/p>\n<p>\u00dcsk\u00fcp program\u0131 sonras\u0131 yurda d\u00f6nen \u00f6\u011frenciler, Okul M\u00fcd\u00fcr\u00fc Ali Ayata ve Fen Bilimleri \u00d6\u011fretmeni Ebru \u015eahin ile birlikte<br \/>\n\u0130l\u00e7e Milli E\u011fitim M\u00fcd\u00fcr\u00fc \u00d6rsan PINAR&#8217;a destelerinden dolay\u0131 te\u015fekk\u00fcr ziyaretinde bulundular.<\/p>\n","protected":false},"excerpt":{"rendered":"<p>Mucurlu \u00d6\u011frencilere \u00dcsk\u00fcp\u2019te Sertifika Mucur \u015eehit \u00d6\u011fretmen H\u00fcseyin Aydemir H\u00fcrriyet Ortaokulu, Erasmus+ Okul E\u011fitimi Akreditasyonu \u00d6\u011frenci Grup Hareketlili\u011fi kapsam\u0131nda Kuzey Makedonya\u2019n\u0131n ba\u015fkenti \u00dcsk\u00fcp\u2019te proje faaliyetlerine kat\u0131ld\u0131. Program sonunda \u00f6\u011frencilere, g\u00f6sterdikleri ba\u015far\u0131l\u0131 kat\u0131l\u0131m dolay\u0131s\u0131yla \u00dcsk\u00fcp Imr\u0131 Elezi Ortaokulu Erasmus temsilcisi taraf\u0131ndan kat\u0131l\u0131m sertifikas\u0131 verildi. Proje sayesinde \u00f6\u011frenciler uluslararas\u0131 bir deneyim ya\u015farken, farkl\u0131 k\u00fclt\u00fcrlerle etkile\u015fim kurma ve [&hellip;]<\/p>\n","protected":false},"author":1,"featured_media":1238,"comment_status":"open","ping_status":"open","sticky":false,"template":"","format":"standard","meta":{"footnotes":""},"categories":[8],"tags":[],"class_list":["post-1237","post","type-post","status-publish","format-standard","has-post-thumbnail","hentry","category-kirsehir"],"_links":{"self":[{"href":"https:\/\/www.kirsehirses.com\/index.php\/wp-json\/wp\/v2\/posts\/1237","targetHints":{"allow":["GET"]}}],"collection":[{"href":"https:\/\/www.kirsehirses.com\/index.php\/wp-json\/wp\/v2\/posts"}],"about":[{"href":"https:\/\/www.kirsehirses.com\/index.php\/wp-json\/wp\/v2\/types\/post"}],"author":[{"embeddable":true,"href":"https:\/\/www.kirsehirses.com\/index.php\/wp-json\/wp\/v2\/users\/1"}],"replies":[{"embeddable":true,"href":"https:\/\/www.kirsehirses.com\/index.php\/wp-json\/wp\/v2\/comments?post=1237"}],"version-history":[{"count":1,"href":"https:\/\/www.kirsehirses.com\/index.php\/wp-json\/wp\/v2\/posts\/1237\/revisions"}],"predecessor-version":[{"id":1239,"href":"https:\/\/www.kirsehirses.com\/index.php\/wp-json\/wp\/v2\/posts\/1237\/revisions\/1239"}],"wp:featuredmedia":[{"embeddable":true,"href":"https:\/\/www.kirsehirses.com\/index.php\/wp-json\/wp\/v2\/media\/1238"}],"wp:attachment":[{"href":"https:\/\/www.kirsehirses.com\/index.php\/wp-json\/wp\/v2\/media?parent=1237"}],"wp:term":[{"taxonomy":"category","embeddable":true,"href":"https:\/\/www.kirsehirses.com\/index.php\/wp-json\/wp\/v2\/categories?post=1237"},{"taxonomy":"post_tag","embeddable":true,"href":"https:\/\/www.kirsehirses.com\/index.php\/wp-json\/wp\/v2\/tags?post=1237"}],"curies":[{"name":"wp","href":"https:\/\/api.w.org\/{rel}","templated":true}]}}