{"id":1240,"date":"2025-12-28T07:58:38","date_gmt":"2025-12-28T04:58:38","guid":{"rendered":"https:\/\/www.kirsehirses.com\/?p=1240"},"modified":"2025-12-28T07:58:38","modified_gmt":"2025-12-28T04:58:38","slug":"ataturkun-kirsehire-gelisinin-106-yilinda-aniliyor","status":"publish","type":"post","link":"https:\/\/www.kirsehirses.com\/index.php\/2025\/12\/28\/ataturkun-kirsehire-gelisinin-106-yilinda-aniliyor\/","title":{"rendered":"Atat\u00fcrk\u2019\u00fcn K\u0131r\u015fehir\u2019e Geli\u015finin 106. Y\u0131l\u0131nda An\u0131l\u0131yor"},"content":{"rendered":"<p><strong>Atat\u00fcrk\u2019\u00fcn K\u0131r\u015fehir\u2019e Geli\u015finin 106. Y\u0131l\u0131nda An\u0131l\u0131yor<\/strong><\/p>\n<p>Gazi Mustafa Kemal Atat\u00fcrk ve Temsil Heyeti\u2019nin K\u0131r\u015fehir\u2019e geli\u015finin 106. y\u0131l\u0131, kentte d\u00fczenlenen \u00e7e\u015fitli etkinliklerle kutlan\u0131yor. Kutlama program\u0131 sabah saat 10.30\u2019da iCacabey Meydan\u0131\u2019nda Atat\u00fcrk An\u0131t\u0131\u2019na \u00e7elenk sunumuyla ba\u015flad\u0131.<\/p>\n<p>Ard\u0131ndan Atat\u00fcrk\u2019\u00fcn 1919\u2019da kente giri\u015f yapt\u0131\u011f\u0131 K\u0131l\u0131\u00e7l\u0131 K\u00f6pr\u00fcs\u00fc\u2019nden Gazi Park\u0131\u2019na kortej y\u00fcr\u00fcy\u00fc\u015f\u00fc ger\u00e7ekle\u015ftirildi. Co\u015fkulu y\u00fcr\u00fcy\u00fc\u015fe vatanda\u015flar da yo\u011fun ilgi g\u00f6sterdi.<\/p>\n<p>Gazi Park\u0131\u2019nda devam eden t\u00f6rende, halk oyunlar\u0131 g\u00f6sterileri sahnelendi, Atat\u00fcrk Ko\u015fusu\u2019nda dereceye giren sporcular \u00f6d\u00fcllerini ald\u0131. Protokol konu\u015fmalar\u0131nda ise Atat\u00fcrk\u2019\u00fcn K\u0131r\u015fehir\u2019e geli\u015finin \u00f6nemi ve \u015fehrin milli m\u00fccadeledeki yeri vurguland\u0131.<\/p>\n<p>Kutlamalar, saat 14.00\u2019te, Ahi Evran \u00dcniversitesi Konferans Salonu\u2019nda d\u00fczenlenecek olan \u201cAtat\u00fcrk\u2019\u00fcn K\u0131r\u015fehir\u2019e Geli\u015fi ve K\u0131r\u015fehir\u2019in Milli M\u00fccadeleye Katk\u0131s\u0131\u201d konulu konferansla devam edecek.<\/p>\n","protected":false},"excerpt":{"rendered":"<p>Atat\u00fcrk\u2019\u00fcn K\u0131r\u015fehir\u2019e Geli\u015finin 106. Y\u0131l\u0131nda An\u0131l\u0131yor Gazi Mustafa Kemal Atat\u00fcrk ve Temsil Heyeti\u2019nin K\u0131r\u015fehir\u2019e geli\u015finin 106. y\u0131l\u0131, kentte d\u00fczenlenen \u00e7e\u015fitli etkinliklerle kutlan\u0131yor. Kutlama program\u0131 sabah saat 10.30\u2019da iCacabey Meydan\u0131\u2019nda Atat\u00fcrk An\u0131t\u0131\u2019na \u00e7elenk sunumuyla ba\u015flad\u0131. Ard\u0131ndan Atat\u00fcrk\u2019\u00fcn 1919\u2019da kente giri\u015f yapt\u0131\u011f\u0131 K\u0131l\u0131\u00e7l\u0131 K\u00f6pr\u00fcs\u00fc\u2019nden Gazi Park\u0131\u2019na kortej y\u00fcr\u00fcy\u00fc\u015f\u00fc ger\u00e7ekle\u015ftirildi. Co\u015fkulu y\u00fcr\u00fcy\u00fc\u015fe vatanda\u015flar da yo\u011fun ilgi g\u00f6sterdi. Gazi [&hellip;]<\/p>\n","protected":false},"author":1,"featured_media":1241,"comment_status":"open","ping_status":"open","sticky":false,"template":"","format":"standard","meta":{"footnotes":""},"categories":[8],"tags":[],"class_list":["post-1240","post","type-post","status-publish","format-standard","has-post-thumbnail","hentry","category-kirsehir"],"_links":{"self":[{"href":"https:\/\/www.kirsehirses.com\/index.php\/wp-json\/wp\/v2\/posts\/1240","targetHints":{"allow":["GET"]}}],"collection":[{"href":"https:\/\/www.kirsehirses.com\/index.php\/wp-json\/wp\/v2\/posts"}],"about":[{"href":"https:\/\/www.kirsehirses.com\/index.php\/wp-json\/wp\/v2\/types\/post"}],"author":[{"embeddable":true,"href":"https:\/\/www.kirsehirses.com\/index.php\/wp-json\/wp\/v2\/users\/1"}],"replies":[{"embeddable":true,"href":"https:\/\/www.kirsehirses.com\/index.php\/wp-json\/wp\/v2\/comments?post=1240"}],"version-history":[{"count":1,"href":"https:\/\/www.kirsehirses.com\/index.php\/wp-json\/wp\/v2\/posts\/1240\/revisions"}],"predecessor-version":[{"id":1242,"href":"https:\/\/www.kirsehirses.com\/index.php\/wp-json\/wp\/v2\/posts\/1240\/revisions\/1242"}],"wp:featuredmedia":[{"embeddable":true,"href":"https:\/\/www.kirsehirses.com\/index.php\/wp-json\/wp\/v2\/media\/1241"}],"wp:attachment":[{"href":"https:\/\/www.kirsehirses.com\/index.php\/wp-json\/wp\/v2\/media?parent=1240"}],"wp:term":[{"taxonomy":"category","embeddable":true,"href":"https:\/\/www.kirsehirses.com\/index.php\/wp-json\/wp\/v2\/categories?post=1240"},{"taxonomy":"post_tag","embeddable":true,"href":"https:\/\/www.kirsehirses.com\/index.php\/wp-json\/wp\/v2\/tags?post=1240"}],"curies":[{"name":"wp","href":"https:\/\/api.w.org\/{rel}","templated":true}]}}