{"id":1243,"date":"2025-12-28T07:59:44","date_gmt":"2025-12-28T04:59:44","guid":{"rendered":"https:\/\/www.kirsehirses.com\/?p=1243"},"modified":"2025-12-28T07:59:44","modified_gmt":"2025-12-28T04:59:44","slug":"kurakliga-dayanikli-tahil-arastiriliyor","status":"publish","type":"post","link":"https:\/\/www.kirsehirses.com\/index.php\/2025\/12\/28\/kurakliga-dayanikli-tahil-arastiriliyor\/","title":{"rendered":"Kurakl\u0131\u011fa Dayan\u0131kl\u0131 Tah\u0131l Ara\u015ft\u0131r\u0131l\u0131yor"},"content":{"rendered":"<p><strong>Kurakl\u0131\u011fa Dayan\u0131kl\u0131 Tah\u0131l Ara\u015ft\u0131r\u0131l\u0131yor<\/strong><\/p>\n<p>K\u0131r\u015fehir Ahi Evran \u00dcniversitesi, K\u0131r\u015fehir \u0130l Tar\u0131m ve Orman M\u00fcd\u00fcrl\u00fc\u011f\u00fc, K\u0131r\u015fehir Ticaret Borsas\u0131 ve K\u0131r\u015fehir Ziraat Odas\u0131 i\u015f birli\u011finde \u201cBu\u011fday, Arpa ve Yem Bitkileri Demonstrasyon Projesi\u201d hayata ge\u00e7irildi.<\/p>\n<p>Proje kapsam\u0131nda, bozk\u0131r ko\u015fullar\u0131na uygun ve kurakl\u0131\u011fa dayan\u0131kl\u0131 25 \u00e7e\u015fit yerli bu\u011fday, arpa, tritikale ve fi\u011f tohumu K\u0131r\u015fehir Ticaret Borsas\u0131\u2019na ait arazide ekildi.<\/p>\n<p>Ziraat Fak\u00fcltesi Dekan\u0131 Prof. Dr. Selahattin \u00c7\u0131nar, projenin amac\u0131n\u0131n iklim \u015fartlar\u0131na dayan\u0131kl\u0131, verimli ve kaliteli \u00fcr\u00fcnleri belirleyerek \u00e7ift\u00e7ilerin kay\u0131plar\u0131n\u0131 en aza indirmek oldu\u011funu ifade etti.<\/p>\n<p>K\u0131r\u015fehir Tar\u0131m ve Orman \u0130l M\u00fcd\u00fcr\u00fc B\u00fclent Zafer Ta\u015f ise b\u00f6lgenin yap\u0131s\u0131na uygun tah\u0131l \u00e7e\u015fitlerinin ekildi\u011fini belirterek, demonstrasyon ekimleriyle elde edilecek sonu\u00e7lar\u0131n \u00fcreticilere rehber olaca\u011f\u0131n\u0131 s\u00f6yledi.<\/p>\n<p>Hasat d\u00f6neminde d\u00fczenlenecek Tarla G\u00fcn\u00fc etkinli\u011fiyle, ekimi yap\u0131lan \u00fcr\u00fcnlerin performanslar\u0131 sahada \u00fcreticilerle payla\u015f\u0131lacak.<\/p>\n","protected":false},"excerpt":{"rendered":"<p>Kurakl\u0131\u011fa Dayan\u0131kl\u0131 Tah\u0131l Ara\u015ft\u0131r\u0131l\u0131yor K\u0131r\u015fehir Ahi Evran \u00dcniversitesi, K\u0131r\u015fehir \u0130l Tar\u0131m ve Orman M\u00fcd\u00fcrl\u00fc\u011f\u00fc, K\u0131r\u015fehir Ticaret Borsas\u0131 ve K\u0131r\u015fehir Ziraat Odas\u0131 i\u015f birli\u011finde \u201cBu\u011fday, Arpa ve Yem Bitkileri Demonstrasyon Projesi\u201d hayata ge\u00e7irildi. Proje kapsam\u0131nda, bozk\u0131r ko\u015fullar\u0131na uygun ve kurakl\u0131\u011fa dayan\u0131kl\u0131 25 \u00e7e\u015fit yerli bu\u011fday, arpa, tritikale ve fi\u011f tohumu K\u0131r\u015fehir Ticaret Borsas\u0131\u2019na ait arazide ekildi. [&hellip;]<\/p>\n","protected":false},"author":1,"featured_media":1244,"comment_status":"open","ping_status":"open","sticky":false,"template":"","format":"standard","meta":{"footnotes":""},"categories":[8],"tags":[],"class_list":["post-1243","post","type-post","status-publish","format-standard","has-post-thumbnail","hentry","category-kirsehir"],"_links":{"self":[{"href":"https:\/\/www.kirsehirses.com\/index.php\/wp-json\/wp\/v2\/posts\/1243","targetHints":{"allow":["GET"]}}],"collection":[{"href":"https:\/\/www.kirsehirses.com\/index.php\/wp-json\/wp\/v2\/posts"}],"about":[{"href":"https:\/\/www.kirsehirses.com\/index.php\/wp-json\/wp\/v2\/types\/post"}],"author":[{"embeddable":true,"href":"https:\/\/www.kirsehirses.com\/index.php\/wp-json\/wp\/v2\/users\/1"}],"replies":[{"embeddable":true,"href":"https:\/\/www.kirsehirses.com\/index.php\/wp-json\/wp\/v2\/comments?post=1243"}],"version-history":[{"count":1,"href":"https:\/\/www.kirsehirses.com\/index.php\/wp-json\/wp\/v2\/posts\/1243\/revisions"}],"predecessor-version":[{"id":1245,"href":"https:\/\/www.kirsehirses.com\/index.php\/wp-json\/wp\/v2\/posts\/1243\/revisions\/1245"}],"wp:featuredmedia":[{"embeddable":true,"href":"https:\/\/www.kirsehirses.com\/index.php\/wp-json\/wp\/v2\/media\/1244"}],"wp:attachment":[{"href":"https:\/\/www.kirsehirses.com\/index.php\/wp-json\/wp\/v2\/media?parent=1243"}],"wp:term":[{"taxonomy":"category","embeddable":true,"href":"https:\/\/www.kirsehirses.com\/index.php\/wp-json\/wp\/v2\/categories?post=1243"},{"taxonomy":"post_tag","embeddable":true,"href":"https:\/\/www.kirsehirses.com\/index.php\/wp-json\/wp\/v2\/tags?post=1243"}],"curies":[{"name":"wp","href":"https:\/\/api.w.org\/{rel}","templated":true}]}}