{"id":1252,"date":"2025-12-28T08:03:02","date_gmt":"2025-12-28T05:03:02","guid":{"rendered":"https:\/\/www.kirsehirses.com\/?p=1252"},"modified":"2025-12-28T08:03:02","modified_gmt":"2025-12-28T05:03:02","slug":"turkiye-ahilik-bulusmasi-gerceklestirildi","status":"publish","type":"post","link":"https:\/\/www.kirsehirses.com\/index.php\/2025\/12\/28\/turkiye-ahilik-bulusmasi-gerceklestirildi\/","title":{"rendered":"T\u00fcrkiye Ahilik Bulu\u015fmas\u0131 Ger\u00e7ekle\u015ftirildi"},"content":{"rendered":"<p><strong>T\u00fcrkiye Ahilik Bulu\u015fmas\u0131 Ger\u00e7ekle\u015ftirildi<\/strong><\/p>\n<p>Cumhurba\u015fkan\u0131 Yard\u0131mc\u0131s\u0131 Cevdet Y\u0131lmaz\u2019\u0131n kat\u0131l\u0131m\u0131yla, Ticaret Bakan\u0131 Prof. Dr. \u00d6mer Bolat\u2019\u0131n ev sahipli\u011finde d\u00fczenlenen \u201cT\u00fcrkiye Ahilik Bulu\u015fmas\u0131 \u2013 Ahi Esnaf Berat\u0131 Takdim T\u00f6reni\u201d ger\u00e7ekle\u015ftirildi.<\/p>\n<p>T\u00f6rene K\u0131r\u015fehir Valisi Murat Sefa Demiry\u00fcrek, K\u0131r\u015fehir Milletvekili Necmettin Erkan, KAE\u00dc Rekt\u00f6r\u00fc Prof. Dr. Mustafa Kas\u0131m Karahoca\u011fil, TESK Ba\u015fkan\u0131 Bendevi Paland\u00f6ken ile esnaf temsilcileri kat\u0131ld\u0131. Programda, T\u00fcrkiye\u2019nin farkl\u0131 illerinden Y\u0131l\u0131n Ahisi se\u00e7ilen esnaflara Ahi Beratlar\u0131 verildi.<\/p>\n<p>Ahilik gelene\u011finin \u00f6nemli merkezlerinden K\u0131r\u015fehir\u2019den terzi esnaf\u0131 \u0130smail Ayd\u0131n da Y\u0131l\u0131n Ahisi olarak berat alan isimler aras\u0131nda yer ald\u0131. Program kapsam\u0131nda ayr\u0131ca \u00f6\u011frencilerin haz\u0131rlad\u0131\u011f\u0131 \u201cResimle Anlat, Ahili\u011fi Ya\u015fat\u201d temal\u0131 resim sergisi a\u00e7\u0131ld\u0131.<\/p>\n","protected":false},"excerpt":{"rendered":"<p>T\u00fcrkiye Ahilik Bulu\u015fmas\u0131 Ger\u00e7ekle\u015ftirildi Cumhurba\u015fkan\u0131 Yard\u0131mc\u0131s\u0131 Cevdet Y\u0131lmaz\u2019\u0131n kat\u0131l\u0131m\u0131yla, Ticaret Bakan\u0131 Prof. Dr. \u00d6mer Bolat\u2019\u0131n ev sahipli\u011finde d\u00fczenlenen \u201cT\u00fcrkiye Ahilik Bulu\u015fmas\u0131 \u2013 Ahi Esnaf Berat\u0131 Takdim T\u00f6reni\u201d ger\u00e7ekle\u015ftirildi. T\u00f6rene K\u0131r\u015fehir Valisi Murat Sefa Demiry\u00fcrek, K\u0131r\u015fehir Milletvekili Necmettin Erkan, KAE\u00dc Rekt\u00f6r\u00fc Prof. Dr. Mustafa Kas\u0131m Karahoca\u011fil, TESK Ba\u015fkan\u0131 Bendevi Paland\u00f6ken ile esnaf temsilcileri kat\u0131ld\u0131. Programda, T\u00fcrkiye\u2019nin [&hellip;]<\/p>\n","protected":false},"author":1,"featured_media":1253,"comment_status":"open","ping_status":"open","sticky":false,"template":"","format":"standard","meta":{"footnotes":""},"categories":[8,7],"tags":[],"class_list":["post-1252","post","type-post","status-publish","format-standard","has-post-thumbnail","hentry","category-kirsehir","category-turkiye"],"_links":{"self":[{"href":"https:\/\/www.kirsehirses.com\/index.php\/wp-json\/wp\/v2\/posts\/1252","targetHints":{"allow":["GET"]}}],"collection":[{"href":"https:\/\/www.kirsehirses.com\/index.php\/wp-json\/wp\/v2\/posts"}],"about":[{"href":"https:\/\/www.kirsehirses.com\/index.php\/wp-json\/wp\/v2\/types\/post"}],"author":[{"embeddable":true,"href":"https:\/\/www.kirsehirses.com\/index.php\/wp-json\/wp\/v2\/users\/1"}],"replies":[{"embeddable":true,"href":"https:\/\/www.kirsehirses.com\/index.php\/wp-json\/wp\/v2\/comments?post=1252"}],"version-history":[{"count":1,"href":"https:\/\/www.kirsehirses.com\/index.php\/wp-json\/wp\/v2\/posts\/1252\/revisions"}],"predecessor-version":[{"id":1254,"href":"https:\/\/www.kirsehirses.com\/index.php\/wp-json\/wp\/v2\/posts\/1252\/revisions\/1254"}],"wp:featuredmedia":[{"embeddable":true,"href":"https:\/\/www.kirsehirses.com\/index.php\/wp-json\/wp\/v2\/media\/1253"}],"wp:attachment":[{"href":"https:\/\/www.kirsehirses.com\/index.php\/wp-json\/wp\/v2\/media?parent=1252"}],"wp:term":[{"taxonomy":"category","embeddable":true,"href":"https:\/\/www.kirsehirses.com\/index.php\/wp-json\/wp\/v2\/categories?post=1252"},{"taxonomy":"post_tag","embeddable":true,"href":"https:\/\/www.kirsehirses.com\/index.php\/wp-json\/wp\/v2\/tags?post=1252"}],"curies":[{"name":"wp","href":"https:\/\/api.w.org\/{rel}","templated":true}]}}