{"id":1258,"date":"2025-12-28T08:10:19","date_gmt":"2025-12-28T05:10:19","guid":{"rendered":"https:\/\/www.kirsehirses.com\/?p=1258"},"modified":"2025-12-28T08:10:19","modified_gmt":"2025-12-28T05:10:19","slug":"kirsehir-valiliginden-soguk-hava-uyarisi-ve-barinma-cagrisi","status":"publish","type":"post","link":"https:\/\/www.kirsehirses.com\/index.php\/2025\/12\/28\/kirsehir-valiliginden-soguk-hava-uyarisi-ve-barinma-cagrisi\/","title":{"rendered":"K\u0131r\u015fehir Valili\u011fi\u2019nden So\u011fuk Hava Uyar\u0131s\u0131 ve Bar\u0131nma \u00c7a\u011fr\u0131s\u0131"},"content":{"rendered":"<h3 data-start=\"148\" data-end=\"212\">K\u0131r\u015fehir Valili\u011fi\u2019nden So\u011fuk Hava Uyar\u0131s\u0131 ve Bar\u0131nma \u00c7a\u011fr\u0131s\u0131<\/h3>\n<p data-start=\"214\" data-end=\"462\">K\u0131r\u015fehir Valili\u011fi, so\u011fuk hava ko\u015fullar\u0131ndan olumsuz etkilenen ve kalacak yeri bulunmayan vatanda\u015flara y\u00f6nelik \u00e7al\u0131\u015fmalar\u0131n s\u00fcrd\u00fc\u011f\u00fcn\u00fc duyurdu. Valilik, bar\u0131nma ihtiyac\u0131 olan ki\u015filere ula\u015fmak i\u00e7in ilgili birimlerin teyakkuz halinde oldu\u011funu bildirdi.<\/p>\n<p data-start=\"464\" data-end=\"723\">Yap\u0131lan a\u00e7\u0131klamada, \u00e7evresinde evsiz, bar\u0131nma sorunu ya\u015fayan ya da zor durumda olan ki\u015fileri g\u00f6ren vatanda\u015flar\u0131n yetkililere bildirimde bulunmas\u0131n\u0131n \u00f6nem ta\u015f\u0131d\u0131\u011f\u0131 belirtildi. Bu sayede ihtiya\u00e7 sahiplerine h\u0131zl\u0131 \u015fekilde ula\u015f\u0131lmas\u0131n\u0131n hedeflendi\u011fi ifade edildi.<\/p>\n<p data-start=\"725\" data-end=\"896\">Bar\u0131nma ihtiyac\u0131 bulunan vatanda\u015flar i\u00e7in ihbar ve bildirimlerin <strong data-start=\"790\" data-end=\"816\">112 Acil \u00c7a\u011fr\u0131 Merkezi<\/strong> \u00fczerinden veya <strong data-start=\"832\" data-end=\"850\">0530 884 43 70<\/strong> numaral\u0131 telefondan yap\u0131labilece\u011fi aktar\u0131ld\u0131.<\/p>\n","protected":false},"excerpt":{"rendered":"<p>K\u0131r\u015fehir Valili\u011fi\u2019nden So\u011fuk Hava Uyar\u0131s\u0131 ve Bar\u0131nma \u00c7a\u011fr\u0131s\u0131 K\u0131r\u015fehir Valili\u011fi, so\u011fuk hava ko\u015fullar\u0131ndan olumsuz etkilenen ve kalacak yeri bulunmayan vatanda\u015flara y\u00f6nelik \u00e7al\u0131\u015fmalar\u0131n s\u00fcrd\u00fc\u011f\u00fcn\u00fc duyurdu. Valilik, bar\u0131nma ihtiyac\u0131 olan ki\u015filere ula\u015fmak i\u00e7in ilgili birimlerin teyakkuz halinde oldu\u011funu bildirdi. Yap\u0131lan a\u00e7\u0131klamada, \u00e7evresinde evsiz, bar\u0131nma sorunu ya\u015fayan ya da zor durumda olan ki\u015fileri g\u00f6ren vatanda\u015flar\u0131n yetkililere bildirimde bulunmas\u0131n\u0131n [&hellip;]<\/p>\n","protected":false},"author":1,"featured_media":1259,"comment_status":"open","ping_status":"open","sticky":false,"template":"","format":"standard","meta":{"footnotes":""},"categories":[8],"tags":[],"class_list":["post-1258","post","type-post","status-publish","format-standard","has-post-thumbnail","hentry","category-kirsehir"],"_links":{"self":[{"href":"https:\/\/www.kirsehirses.com\/index.php\/wp-json\/wp\/v2\/posts\/1258","targetHints":{"allow":["GET"]}}],"collection":[{"href":"https:\/\/www.kirsehirses.com\/index.php\/wp-json\/wp\/v2\/posts"}],"about":[{"href":"https:\/\/www.kirsehirses.com\/index.php\/wp-json\/wp\/v2\/types\/post"}],"author":[{"embeddable":true,"href":"https:\/\/www.kirsehirses.com\/index.php\/wp-json\/wp\/v2\/users\/1"}],"replies":[{"embeddable":true,"href":"https:\/\/www.kirsehirses.com\/index.php\/wp-json\/wp\/v2\/comments?post=1258"}],"version-history":[{"count":1,"href":"https:\/\/www.kirsehirses.com\/index.php\/wp-json\/wp\/v2\/posts\/1258\/revisions"}],"predecessor-version":[{"id":1260,"href":"https:\/\/www.kirsehirses.com\/index.php\/wp-json\/wp\/v2\/posts\/1258\/revisions\/1260"}],"wp:featuredmedia":[{"embeddable":true,"href":"https:\/\/www.kirsehirses.com\/index.php\/wp-json\/wp\/v2\/media\/1259"}],"wp:attachment":[{"href":"https:\/\/www.kirsehirses.com\/index.php\/wp-json\/wp\/v2\/media?parent=1258"}],"wp:term":[{"taxonomy":"category","embeddable":true,"href":"https:\/\/www.kirsehirses.com\/index.php\/wp-json\/wp\/v2\/categories?post=1258"},{"taxonomy":"post_tag","embeddable":true,"href":"https:\/\/www.kirsehirses.com\/index.php\/wp-json\/wp\/v2\/tags?post=1258"}],"curies":[{"name":"wp","href":"https:\/\/api.w.org\/{rel}","templated":true}]}}