{"id":1269,"date":"2025-12-29T02:41:26","date_gmt":"2025-12-28T23:41:26","guid":{"rendered":"https:\/\/www.kirsehirses.com\/?p=1269"},"modified":"2025-12-29T02:41:26","modified_gmt":"2025-12-28T23:41:26","slug":"kalehoyuk-kazilarina-cagirkanlilarin-katkisi-trtde","status":"publish","type":"post","link":"https:\/\/www.kirsehirses.com\/index.php\/2025\/12\/29\/kalehoyuk-kazilarina-cagirkanlilarin-katkisi-trtde\/","title":{"rendered":"Kaleh\u00f6y\u00fck Kaz\u0131lar\u0131na \u00c7a\u011f\u0131rkanl\u0131lar\u0131n Katk\u0131s\u0131 TRT\u2019de"},"content":{"rendered":"<p><strong>Kaleh\u00f6y\u00fck Kaz\u0131lar\u0131na \u00c7a\u011f\u0131rkanl\u0131lar\u0131n Katk\u0131s\u0131 TRT\u2019de<\/strong><\/p>\n<p>Kaleh\u00f6y\u00fck kaz\u0131lar\u0131n\u0131n bulundu\u011fu \u00c7a\u011f\u0131rkan k\u00f6y\u00fc halk\u0131n\u0131n arkeolojiye olan ilgisi TRT Haber ekranlar\u0131na yans\u0131d\u0131.<\/p>\n<p>1986 y\u0131l\u0131nda Japon Arkeolog Dr. Sachihiro Omura ba\u015fkanl\u0131\u011f\u0131nda ba\u015flayan Kaman Kaleh\u00f6y\u00fck kaz\u0131lar\u0131, y\u00f6re halk\u0131n\u0131n arkeolojik kaz\u0131lara ilgisini artt\u0131rd\u0131.<\/p>\n<p>Anadolu\u2019nun tarihine \u0131\u015f\u0131k tutan kaz\u0131lar, \u00c7a\u011f\u0131rkan halk\u0131n\u0131n ya\u015fam\u0131na da y\u00f6n verdi.<\/p>\n<p>Kaz\u0131larda g\u00f6rev alan y\u00f6re sakinleri, arkeolojik \u00e7al\u0131\u015fmalarda uzmanla\u015farak k\u00fclt\u00fcrel miras\u0131n korunmas\u0131na katk\u0131 sa\u011fl\u0131yor.<\/p>\n<p>Kaman Kaleh\u00f6y\u00fck Arkeoloji M\u00fczesi ve Japon Bah\u00e7esi ise T\u00fcrkiye-Japonya dostlu\u011funun simgesi olarak K\u0131r\u015fehir\u2019in k\u00fclt\u00fcrel de\u011ferlerini \u00f6ne \u00e7\u0131karmay\u0131 s\u00fcrd\u00fcr\u00fcyor.<\/p>\n","protected":false},"excerpt":{"rendered":"<p>Kaleh\u00f6y\u00fck Kaz\u0131lar\u0131na \u00c7a\u011f\u0131rkanl\u0131lar\u0131n Katk\u0131s\u0131 TRT\u2019de Kaleh\u00f6y\u00fck kaz\u0131lar\u0131n\u0131n bulundu\u011fu \u00c7a\u011f\u0131rkan k\u00f6y\u00fc halk\u0131n\u0131n arkeolojiye olan ilgisi TRT Haber ekranlar\u0131na yans\u0131d\u0131. 1986 y\u0131l\u0131nda Japon Arkeolog Dr. Sachihiro Omura ba\u015fkanl\u0131\u011f\u0131nda ba\u015flayan Kaman Kaleh\u00f6y\u00fck kaz\u0131lar\u0131, y\u00f6re halk\u0131n\u0131n arkeolojik kaz\u0131lara ilgisini artt\u0131rd\u0131. Anadolu\u2019nun tarihine \u0131\u015f\u0131k tutan kaz\u0131lar, \u00c7a\u011f\u0131rkan halk\u0131n\u0131n ya\u015fam\u0131na da y\u00f6n verdi. Kaz\u0131larda g\u00f6rev alan y\u00f6re sakinleri, arkeolojik \u00e7al\u0131\u015fmalarda uzmanla\u015farak [&hellip;]<\/p>\n","protected":false},"author":1,"featured_media":1270,"comment_status":"open","ping_status":"open","sticky":false,"template":"","format":"standard","meta":{"footnotes":""},"categories":[5,8],"tags":[],"class_list":["post-1269","post","type-post","status-publish","format-standard","has-post-thumbnail","hentry","category-gundem","category-kirsehir"],"_links":{"self":[{"href":"https:\/\/www.kirsehirses.com\/index.php\/wp-json\/wp\/v2\/posts\/1269","targetHints":{"allow":["GET"]}}],"collection":[{"href":"https:\/\/www.kirsehirses.com\/index.php\/wp-json\/wp\/v2\/posts"}],"about":[{"href":"https:\/\/www.kirsehirses.com\/index.php\/wp-json\/wp\/v2\/types\/post"}],"author":[{"embeddable":true,"href":"https:\/\/www.kirsehirses.com\/index.php\/wp-json\/wp\/v2\/users\/1"}],"replies":[{"embeddable":true,"href":"https:\/\/www.kirsehirses.com\/index.php\/wp-json\/wp\/v2\/comments?post=1269"}],"version-history":[{"count":1,"href":"https:\/\/www.kirsehirses.com\/index.php\/wp-json\/wp\/v2\/posts\/1269\/revisions"}],"predecessor-version":[{"id":1271,"href":"https:\/\/www.kirsehirses.com\/index.php\/wp-json\/wp\/v2\/posts\/1269\/revisions\/1271"}],"wp:featuredmedia":[{"embeddable":true,"href":"https:\/\/www.kirsehirses.com\/index.php\/wp-json\/wp\/v2\/media\/1270"}],"wp:attachment":[{"href":"https:\/\/www.kirsehirses.com\/index.php\/wp-json\/wp\/v2\/media?parent=1269"}],"wp:term":[{"taxonomy":"category","embeddable":true,"href":"https:\/\/www.kirsehirses.com\/index.php\/wp-json\/wp\/v2\/categories?post=1269"},{"taxonomy":"post_tag","embeddable":true,"href":"https:\/\/www.kirsehirses.com\/index.php\/wp-json\/wp\/v2\/tags?post=1269"}],"curies":[{"name":"wp","href":"https:\/\/api.w.org\/{rel}","templated":true}]}}