{"id":1272,"date":"2025-12-29T02:43:53","date_gmt":"2025-12-28T23:43:53","guid":{"rendered":"https:\/\/www.kirsehirses.com\/?p=1272"},"modified":"2025-12-29T02:43:53","modified_gmt":"2025-12-28T23:43:53","slug":"kirsehirde-egitime-kar-engeli-okullar-1-gun-tatil","status":"publish","type":"post","link":"https:\/\/www.kirsehirses.com\/index.php\/2025\/12\/29\/kirsehirde-egitime-kar-engeli-okullar-1-gun-tatil\/","title":{"rendered":"K\u0131r\u015fehir\u2019de E\u011fitime Kar Engeli: Okullar 1 G\u00fcn Tatil"},"content":{"rendered":"<p><strong>K\u0131r\u015fehir\u2019de E\u011fitime Kar Engeli: Okullar 1 G\u00fcn Tatil<\/strong><\/p>\n<p>K\u0131r\u015fehir Valili\u011fi, il genelinde etkili olan olumsuz hava \u015fartlar\u0131 ve buzlanma riski nedeniyle e\u011fitime ara verildi\u011fini a\u00e7\u0131klad\u0131.<\/p>\n<p>Vali Murat Sefa Demiry\u00fcrek\u2019in, sosyal medyada yapt\u0131\u011f\u0131 duyuruya g\u00f6re, 29 Aral\u0131k 2025 Pazartesi g\u00fcn\u00fc okul \u00f6ncesi, ilkokul, ortaokul ve orta\u00f6\u011fretim kurumlar\u0131nda e\u011fitim-\u00f6\u011fretime bir g\u00fcn s\u00fcreyle ara verildi.<\/p>\n<p>Ayr\u0131ca kamu kurum ve kurulu\u015flar\u0131nda g\u00f6rev yapan engelli ve hamile personelin de ayn\u0131 g\u00fcn idari izinli say\u0131laca\u011f\u0131 bildirildi. Karar\u0131n, vatanda\u015flar\u0131n can ve mal g\u00fcvenli\u011finin korunmas\u0131 amac\u0131yla al\u0131nd\u0131\u011f\u0131 ifade edildi.<\/p>\n","protected":false},"excerpt":{"rendered":"<p>K\u0131r\u015fehir\u2019de E\u011fitime Kar Engeli: Okullar 1 G\u00fcn Tatil K\u0131r\u015fehir Valili\u011fi, il genelinde etkili olan olumsuz hava \u015fartlar\u0131 ve buzlanma riski nedeniyle e\u011fitime ara verildi\u011fini a\u00e7\u0131klad\u0131. Vali Murat Sefa Demiry\u00fcrek\u2019in, sosyal medyada yapt\u0131\u011f\u0131 duyuruya g\u00f6re, 29 Aral\u0131k 2025 Pazartesi g\u00fcn\u00fc okul \u00f6ncesi, ilkokul, ortaokul ve orta\u00f6\u011fretim kurumlar\u0131nda e\u011fitim-\u00f6\u011fretime bir g\u00fcn s\u00fcreyle ara verildi. Ayr\u0131ca kamu kurum [&hellip;]<\/p>\n","protected":false},"author":1,"featured_media":1273,"comment_status":"open","ping_status":"open","sticky":false,"template":"","format":"standard","meta":{"footnotes":""},"categories":[8],"tags":[],"class_list":["post-1272","post","type-post","status-publish","format-standard","has-post-thumbnail","hentry","category-kirsehir"],"_links":{"self":[{"href":"https:\/\/www.kirsehirses.com\/index.php\/wp-json\/wp\/v2\/posts\/1272","targetHints":{"allow":["GET"]}}],"collection":[{"href":"https:\/\/www.kirsehirses.com\/index.php\/wp-json\/wp\/v2\/posts"}],"about":[{"href":"https:\/\/www.kirsehirses.com\/index.php\/wp-json\/wp\/v2\/types\/post"}],"author":[{"embeddable":true,"href":"https:\/\/www.kirsehirses.com\/index.php\/wp-json\/wp\/v2\/users\/1"}],"replies":[{"embeddable":true,"href":"https:\/\/www.kirsehirses.com\/index.php\/wp-json\/wp\/v2\/comments?post=1272"}],"version-history":[{"count":1,"href":"https:\/\/www.kirsehirses.com\/index.php\/wp-json\/wp\/v2\/posts\/1272\/revisions"}],"predecessor-version":[{"id":1274,"href":"https:\/\/www.kirsehirses.com\/index.php\/wp-json\/wp\/v2\/posts\/1272\/revisions\/1274"}],"wp:featuredmedia":[{"embeddable":true,"href":"https:\/\/www.kirsehirses.com\/index.php\/wp-json\/wp\/v2\/media\/1273"}],"wp:attachment":[{"href":"https:\/\/www.kirsehirses.com\/index.php\/wp-json\/wp\/v2\/media?parent=1272"}],"wp:term":[{"taxonomy":"category","embeddable":true,"href":"https:\/\/www.kirsehirses.com\/index.php\/wp-json\/wp\/v2\/categories?post=1272"},{"taxonomy":"post_tag","embeddable":true,"href":"https:\/\/www.kirsehirses.com\/index.php\/wp-json\/wp\/v2\/tags?post=1272"}],"curies":[{"name":"wp","href":"https:\/\/api.w.org\/{rel}","templated":true}]}}