{"id":1283,"date":"2025-12-30T01:45:34","date_gmt":"2025-12-29T22:45:34","guid":{"rendered":"https:\/\/www.kirsehirses.com\/?p=1283"},"modified":"2025-12-30T01:45:34","modified_gmt":"2025-12-29T22:45:34","slug":"kirsehirde-haftalik-genel-asayis-ve-degerlendirme-toplantisi-yapildi","status":"publish","type":"post","link":"https:\/\/www.kirsehirses.com\/index.php\/2025\/12\/30\/kirsehirde-haftalik-genel-asayis-ve-degerlendirme-toplantisi-yapildi\/","title":{"rendered":"K\u0131r\u015fehir\u2019de Haftal\u0131k Genel Asayi\u015f ve De\u011ferlendirme Toplant\u0131s\u0131 Yap\u0131ld\u0131"},"content":{"rendered":"<h3 data-start=\"148\" data-end=\"221\">K\u0131r\u015fehir\u2019de Haftal\u0131k Genel Asayi\u015f ve De\u011ferlendirme Toplant\u0131s\u0131 Yap\u0131ld\u0131<\/h3>\n<p data-start=\"223\" data-end=\"379\">K\u0131r\u015fehir \u0130l Emniyet M\u00fcd\u00fcr\u00fc Mesut G\u00f6r\u00fcc\u00fc ba\u015fkanl\u0131\u011f\u0131nda, birim amirlerinin kat\u0131l\u0131m\u0131yla haftal\u0131k <strong data-start=\"317\" data-end=\"361\">Genel Asayi\u015f ve De\u011ferlendirme Toplant\u0131s\u0131<\/strong> ger\u00e7ekle\u015ftirildi.<\/p>\n<p data-start=\"381\" data-end=\"637\">Toplant\u0131da, il genelindeki asayi\u015f durumu, y\u00fcr\u00fct\u00fclen g\u00fcvenlik \u00e7al\u0131\u015fmalar\u0131 ve \u00f6n\u00fcm\u00fczdeki d\u00f6neme ili\u015fkin planlamalar ele al\u0131nd\u0131. Vatanda\u015flar\u0131n huzur ve g\u00fcvenli\u011finin sa\u011flanmas\u0131na y\u00f6nelik faaliyetlerin de\u011ferlendirilerek koordinasyonun g\u00fc\u00e7lendirilmesi ama\u00e7land\u0131.<\/p>\n","protected":false},"excerpt":{"rendered":"<p>K\u0131r\u015fehir\u2019de Haftal\u0131k Genel Asayi\u015f ve De\u011ferlendirme Toplant\u0131s\u0131 Yap\u0131ld\u0131 K\u0131r\u015fehir \u0130l Emniyet M\u00fcd\u00fcr\u00fc Mesut G\u00f6r\u00fcc\u00fc ba\u015fkanl\u0131\u011f\u0131nda, birim amirlerinin kat\u0131l\u0131m\u0131yla haftal\u0131k Genel Asayi\u015f ve De\u011ferlendirme Toplant\u0131s\u0131 ger\u00e7ekle\u015ftirildi. Toplant\u0131da, il genelindeki asayi\u015f durumu, y\u00fcr\u00fct\u00fclen g\u00fcvenlik \u00e7al\u0131\u015fmalar\u0131 ve \u00f6n\u00fcm\u00fczdeki d\u00f6neme ili\u015fkin planlamalar ele al\u0131nd\u0131. Vatanda\u015flar\u0131n huzur ve g\u00fcvenli\u011finin sa\u011flanmas\u0131na y\u00f6nelik faaliyetlerin de\u011ferlendirilerek koordinasyonun g\u00fc\u00e7lendirilmesi ama\u00e7land\u0131.<\/p>\n","protected":false},"author":1,"featured_media":1284,"comment_status":"open","ping_status":"open","sticky":false,"template":"","format":"standard","meta":{"footnotes":""},"categories":[8],"tags":[],"class_list":["post-1283","post","type-post","status-publish","format-standard","has-post-thumbnail","hentry","category-kirsehir"],"_links":{"self":[{"href":"https:\/\/www.kirsehirses.com\/index.php\/wp-json\/wp\/v2\/posts\/1283","targetHints":{"allow":["GET"]}}],"collection":[{"href":"https:\/\/www.kirsehirses.com\/index.php\/wp-json\/wp\/v2\/posts"}],"about":[{"href":"https:\/\/www.kirsehirses.com\/index.php\/wp-json\/wp\/v2\/types\/post"}],"author":[{"embeddable":true,"href":"https:\/\/www.kirsehirses.com\/index.php\/wp-json\/wp\/v2\/users\/1"}],"replies":[{"embeddable":true,"href":"https:\/\/www.kirsehirses.com\/index.php\/wp-json\/wp\/v2\/comments?post=1283"}],"version-history":[{"count":1,"href":"https:\/\/www.kirsehirses.com\/index.php\/wp-json\/wp\/v2\/posts\/1283\/revisions"}],"predecessor-version":[{"id":1285,"href":"https:\/\/www.kirsehirses.com\/index.php\/wp-json\/wp\/v2\/posts\/1283\/revisions\/1285"}],"wp:featuredmedia":[{"embeddable":true,"href":"https:\/\/www.kirsehirses.com\/index.php\/wp-json\/wp\/v2\/media\/1284"}],"wp:attachment":[{"href":"https:\/\/www.kirsehirses.com\/index.php\/wp-json\/wp\/v2\/media?parent=1283"}],"wp:term":[{"taxonomy":"category","embeddable":true,"href":"https:\/\/www.kirsehirses.com\/index.php\/wp-json\/wp\/v2\/categories?post=1283"},{"taxonomy":"post_tag","embeddable":true,"href":"https:\/\/www.kirsehirses.com\/index.php\/wp-json\/wp\/v2\/tags?post=1283"}],"curies":[{"name":"wp","href":"https:\/\/api.w.org\/{rel}","templated":true}]}}