{"id":1286,"date":"2025-12-30T01:57:53","date_gmt":"2025-12-29T22:57:53","guid":{"rendered":"https:\/\/www.kirsehirses.com\/?p=1286"},"modified":"2025-12-30T02:01:15","modified_gmt":"2025-12-29T23:01:15","slug":"kirsehirde-2025-sessiz-ama-anlamli","status":"publish","type":"post","link":"https:\/\/www.kirsehirses.com\/index.php\/2025\/12\/30\/kirsehirde-2025-sessiz-ama-anlamli\/","title":{"rendered":"K\u0131r\u015fehir\u2019de 2025: Sessiz Ama Anlaml\u0131"},"content":{"rendered":"<p><strong>K\u0131r\u015fehir\u2019de 2025: Sessiz Ama Anlaml\u0131<\/strong><\/p>\n<p><span style=\"font-weight: 400;\">K\u0131r\u015fehir, her zamanki gibi g\u00fcr\u00fclt\u00fcden uzak ama kendi ritminde bir y\u0131l ge\u00e7irdi. Sosyal ve k\u00fclt\u00fcrel etkinlikler, kentin ruhunu diri tuttu. E\u011fitim, gen\u00e7lik, k\u00fclt\u00fcr ve sosyal odakl\u0131 \u00e7al\u0131\u015fmalar dikkat \u00e7ekti. B\u00fcy\u00fck sansasyonlar ya\u015fanmad\u0131 belki ama istikrar ve huzur, K\u0131r\u015fehir\u2019in en b\u00fcy\u00fck kazanc\u0131 oldu.<\/span><\/p>\n<p><span style=\"font-weight: 400;\">Yap\u0131lan yat\u0131r\u0131mlar, iyile\u015ftirilen altyap\u0131lar, sosyal projeler ve istihdama d\u00f6n\u00fck ad\u0131mlar; halk\u0131n g\u00fcndelik hayat\u0131na dokundu. K\u00fc\u00e7\u00fck ama anlaml\u0131 dokunu\u015flar, her ne kadar \u201c\u00f6ld\u00fck bittik, millet a\u00e7 edebiyat\u0131 yapan\u201d bir kesim taraf\u0131ndan farkl\u0131 \u015fekilde dillendirilse de \u201cyaln\u0131z de\u011filiz\u201d duygusunu g\u00fc\u00e7lendirdi. Bazen bir yol, bazen bir okul, bazen de bir k\u00fclt\u00fcr etkinli\u011fi\u2026 Mutluluk her zaman b\u00fcy\u00fck projelerde sakl\u0131 de\u011fil. Ama buna ra\u011fmen K\u0131r\u015fehir, ayn\u0131 zamanda b\u00fcy\u00fck projelerin y\u00fcr\u00fct\u00fcld\u00fc\u011f\u00fc bir kent konumunda bulunuyor.\u00a0<\/span><\/p>\n<p><span style=\"font-weight: 400;\">2025\u2019e, K\u0131r\u015fehir a\u00e7\u0131s\u0131ndan bak\u0131ld\u0131\u011f\u0131nda; sessiz ama etkisi uzun y\u0131llar hissedilecek geli\u015fmelerin ya\u015fand\u0131\u011f\u0131 bir y\u0131l oldu. B\u00fcy\u00fck laflar edilmedi belki ama at\u0131lan ad\u0131mlar, \u015fehrin gelece\u011fine dair g\u00fcven duygusunu g\u00fc\u00e7lendirdi. Elbette g\u00f6nl\u00fcm\u00fcz daha b\u00fcy\u00fck yat\u0131r\u0131mlar\u0131n m\u00fcjdesini almay\u0131 arzu ediyor. \u0130n\u015fallah bu m\u00fcjdeleri gelecek y\u0131llarda al\u0131r\u0131z.<\/span><\/p>\n<p><span style=\"font-weight: 400;\">En dikkat \u00e7eken geli\u015fmelerden biri, yap\u0131m\u0131na ba\u015flanan Yeni 400 Yatakl\u0131 Devlet Hastanesinin yap\u0131m s\u00fcrecinde h\u0131zl\u0131 geli\u015fme sa\u011fland\u0131. 2026 y\u0131l\u0131nda halk\u0131m\u0131za hizmet vermeye ba\u015flayacakt\u0131r. Sa\u011fl\u0131k hizmetlerinde ya\u015fanan yo\u011funlu\u011fu azaltmas\u0131 beklenen bu yat\u0131r\u0131m, sadece K\u0131r\u015fehir merkez i\u00e7in de\u011fil, il\u00e7elerimiz ve kom\u015fumuz konumunda bulunan illere ba\u011fl\u0131 Hac\u0131bekta\u015f, Kozakl\u0131, Ortak\u00f6y gibi il\u00e7eler i\u00e7in de \u00f6nemli bir rahatlama anlam\u0131na geliyor. Sa\u011fl\u0131k, bir \u015fehirde huzurun temel \u015fartlar\u0131ndan biri ve bu ad\u0131m, do\u011frudan vatanda\u015f\u0131n hayat\u0131na dokunan bir kazan\u0131m olarak \u00f6ne \u00e7\u0131k\u0131yor.<\/span><\/p>\n<p><span style=\"font-weight: 400;\">Uzun y\u0131llard\u0131r konu\u015fulan havaalan\u0131 ve \u00e7evre yolu projelerinin yap\u0131m\u0131na ba\u015flanmas\u0131, K\u0131r\u015fehir\u2019in ula\u015f\u0131m a\u011f\u0131nda yeni bir d\u00f6nemin kap\u0131s\u0131n\u0131 aral\u0131yor. Ayr\u0131ca, Mucur-Karahasanl\u0131 ve \u00c7i\u00e7ekda\u011f\u0131-K\u0131r\u015fehir Karayollar\u0131n\u0131n yat\u0131r\u0131m kapsam\u0131nda oldu\u011funu \u00f6\u011frenmek g\u00f6n\u00fcllere su serpti. Bu yat\u0131r\u0131mlar, \u015fehrin hem ekonomik hem de lojistik anlamda daha eri\u015filebilir h\u00e2le gelmesini sa\u011flayacak. K\u0131r\u015fehir\u2019in \u201cge\u00e7ilen de\u011fil, gidilen\u201d bir \u015fehir olmas\u0131 y\u00f6n\u00fcnde at\u0131lm\u0131\u015f \u00f6nemli ad\u0131mlar olarak g\u00f6r\u00fcl\u00fcyor. Daha \u00f6nce programlanan spor salonu yat\u0131r\u0131m\u0131na ek olarak\u00a0 ge\u00e7ti\u011fimiz hafta Spor Toto Te\u015fkilat\u0131 ile imzalanan yeni stadyum yap\u0131m\u0131 s\u00f6zle\u015fmesi y\u00fczleri g\u00fcld\u00fcrd\u00fc.\u00a0<\/span><\/p>\n<p><span style=\"font-weight: 400;\">Ekonomi ve istihdam taraf\u0131nda ise umut veren kararlar al\u0131nd\u0131. Organize Sanayi B\u00f6lgesi\u2019nin geni\u015fletilmesi karar\u0131, \u00fcretim kapasitesinin artmas\u0131 ve yeni yat\u0131r\u0131mlar\u0131n \u00f6n\u00fcn\u00fcn a\u00e7\u0131lmas\u0131 a\u00e7\u0131s\u0131ndan kritik bir e\u015fik. Buna paralel olarak K\u00fc\u00e7\u00fck Sanayi Sitesi yap\u0131m\u0131na ba\u015flanacak olmas\u0131, esnaf ve zanaatk\u00e2rlar i\u00e7in daha d\u00fczenli, daha modern \u00e7al\u0131\u015fma alanlar\u0131n\u0131n olu\u015faca\u011f\u0131na i\u015faret ediyor.<\/span><\/p>\n<p><span style=\"font-weight: 400;\">2025\u2019in K\u0131r\u015fehir ad\u0131na en stratejik kazan\u0131mlar\u0131ndan biri ise Savunma Sanayi alan\u0131nda bir fabrikan\u0131n kurulmas\u0131 y\u00f6n\u00fcnde al\u0131nan karar oldu. Bu geli\u015fme, sadece istihdam de\u011fil; ayn\u0131 zamanda \u015fehrin Petlas, Oralsan, \u00c7ema\u015f ve \u015eeker Fabrikas\u0131na ilave olarak nitelikli \u00fcretim ve teknolojiyle an\u0131lmas\u0131 a\u00e7\u0131s\u0131ndan da b\u00fcy\u00fck \u00f6nem ta\u015f\u0131yor. Savunma sanayii, bug\u00fcn T\u00fcrkiye\u2019nin en g\u00fc\u00e7l\u00fc oldu\u011fu alanlardan biri ve K\u0131r\u015fehir\u2019in bu zincirin bir halkas\u0131 h\u00e2line gelmesi, gelecek nesiller ad\u0131na ciddi bir kazan\u0131m.<\/span><\/p>\n<p><span style=\"font-weight: 400;\">\u00d6zel sekt\u00f6r yat\u0131r\u0131mlar\u0131 da bu tabloyu tamamlad\u0131. Petlas\u2019\u0131n, yakla\u015f\u0131k 1500 ki\u015fiye istihdam sa\u011flayacak yeni yat\u0131r\u0131m karar\u0131, \u015fehir ekonomisi a\u00e7\u0131s\u0131ndan adeta can suyu niteli\u011finde. Bu yat\u0131r\u0131m, sadece rakamlardan ibaret de\u011fil; evine ekmek g\u00f6t\u00fcren binlerce aile, K\u0131r\u015fehir\u2019de kalmay\u0131 tercih eden gen\u00e7ler ve \u015fehrin sosyal dokusuna yap\u0131lan g\u00fc\u00e7l\u00fc bir katk\u0131 anlam\u0131na geliyor.<\/span><\/p>\n<p><span style=\"font-weight: 400;\">T\u00fcm bu geli\u015fmeler g\u00f6steriyor ki; K\u0131r\u015fehir\u2019de mutluluk her zaman dev projelerde de\u011fil, istikrarl\u0131 ve ger\u00e7ek\u00e7i yat\u0131r\u0131mlarda sakl\u0131. Bir hastane, bir fabrika, bir yol\u2026 Bazen bir karar, bir \u015fehrin kaderini sessizce de\u011fi\u015ftirir.<\/span><\/p>\n<p><span style=\"font-weight: 400;\"><strong>Son S\u00f6z<\/strong><\/span><\/p>\n<p><span style=\"font-weight: 400;\">Elbette bu hizmetlerin \u015fehre getirilmesinde ilin Valisinin, Milletvekilinin, Belediye Ba\u015fkanlar\u0131n\u0131n, \u00dcniversite y\u00f6netiminin, \u0130ktidar Partisi \u0130l Ba\u015fkan\u0131n\u0131n, kurum amirlerinin \u00e7abalar\u0131 var. Onlar\u0131 te\u015fvik etmek hizmet \u00e7\u0131tas\u0131n\u0131n daha \u00fcst seviyelere ula\u015fmas\u0131na vesile olacaklard\u0131r.\u00a0<\/span><\/p>\n<p><span style=\"font-weight: 400;\">Tabi burada kabaca hizmetleri dile getirdik, teferruata girecek olursak yazmaya zaman yetmez. Bu g\u00f6zle bakt\u0131\u011f\u0131m\u0131zda 2025; ne tamamen kay\u0131p, ne de b\u00fct\u00fcn\u00fcyle kazan\u0131m y\u0131l\u0131yd\u0131. Ancak yine de az\u0131msanmayacak hizmetlerin geldi\u011fi, yeni yat\u0131r\u0131mlar\u0131n \u00f6n\u00fcn\u00fcn a\u00e7\u0131ld\u0131\u011f\u0131, gelecek i\u00e7in umut veren bir y\u0131l olarak kay\u0131tlara ge\u00e7ti.<\/span><\/p>\n<p><span style=\"font-weight: 400;\">Elbette yaz\u0131lacak \u00e7ok hizmet \u00e7ok yat\u0131r\u0131m var, unuttu\u011fumdan de\u011fil s\u00f6z\u00fc uzatmamak ad\u0131na bunlara de\u011finmiyorum.<\/span><\/p>\n<p><span style=\"font-weight: 400;\">Ama \u015fu a\u00e7\u0131k\u00e7a g\u00f6sterdi:<\/span><\/p>\n<p><span style=\"font-weight: 400;\">Ger\u00e7ek g\u00fc\u00e7, kriz anlar\u0131nda y\u00f6n\u00fcn\u00fc kaybetmemekte sakl\u0131.<\/span><\/p>\n<p><span style=\"font-weight: 400;\">Asr\u0131n felaketinin ac\u0131lar\u0131n\u0131n silinmesi i\u00e7in b\u00fct\u00e7e imkanlar\u0131n\u0131n bu y\u00f6nde harcanmas\u0131na ra\u011fmen yap\u0131lanlar az i\u015f de\u011fildir. T\u00fcrkiye\u2019nin de, K\u0131r\u015fehir\u2019in de geli\u015fmeye dair g\u00fc\u00e7l\u00fc bir iradesi var.<\/span><\/p>\n<p><span style=\"font-weight: 400;\">Eksikleri birbirimizle usul\u00fcnce konu\u015farak, do\u011frular\u0131 teslim ederek ve umudu diri tutarak\u2026<\/span><\/p>\n<p><span style=\"font-weight: 400;\">Yeni y\u0131la girerken belki de en \u00e7ok buna ihtiyac\u0131m\u0131z var.<\/span><\/p>\n<p><span style=\"font-weight: 400;\">Gelecek yaz\u0131lar\u0131mda 2025 T\u00fcrkiye\u2019sini ve D\u00fcnyas\u0131n\u0131 yazmaya devam edece\u011fimi belirterek hepinize mutlu, huzurlu, sa\u011fl\u0131kl\u0131 ve bar\u0131\u015f dolu bir y\u0131l diliyorum.\u00a0<\/span><\/p>\n<p><span style=\"font-weight: 400;\">2026, t\u00fcm insanl\u0131k i\u00e7in hay\u0131rlara vesile olsun!<\/span><\/p>\n<p>Osman DEM\u0130R<\/p>\n","protected":false},"excerpt":{"rendered":"<p>K\u0131r\u015fehir\u2019de 2025: Sessiz Ama Anlaml\u0131 K\u0131r\u015fehir, her zamanki gibi g\u00fcr\u00fclt\u00fcden uzak ama kendi ritminde bir y\u0131l ge\u00e7irdi. Sosyal ve k\u00fclt\u00fcrel etkinlikler, kentin ruhunu diri tuttu. E\u011fitim, gen\u00e7lik, k\u00fclt\u00fcr ve sosyal odakl\u0131 \u00e7al\u0131\u015fmalar dikkat \u00e7ekti. B\u00fcy\u00fck sansasyonlar ya\u015fanmad\u0131 belki ama istikrar ve huzur, K\u0131r\u015fehir\u2019in en b\u00fcy\u00fck kazanc\u0131 oldu. Yap\u0131lan yat\u0131r\u0131mlar, iyile\u015ftirilen altyap\u0131lar, sosyal projeler ve istihdama [&hellip;]<\/p>\n","protected":false},"author":1,"featured_media":1287,"comment_status":"open","ping_status":"open","sticky":false,"template":"","format":"standard","meta":{"footnotes":""},"categories":[8],"tags":[],"class_list":["post-1286","post","type-post","status-publish","format-standard","has-post-thumbnail","hentry","category-kirsehir"],"_links":{"self":[{"href":"https:\/\/www.kirsehirses.com\/index.php\/wp-json\/wp\/v2\/posts\/1286","targetHints":{"allow":["GET"]}}],"collection":[{"href":"https:\/\/www.kirsehirses.com\/index.php\/wp-json\/wp\/v2\/posts"}],"about":[{"href":"https:\/\/www.kirsehirses.com\/index.php\/wp-json\/wp\/v2\/types\/post"}],"author":[{"embeddable":true,"href":"https:\/\/www.kirsehirses.com\/index.php\/wp-json\/wp\/v2\/users\/1"}],"replies":[{"embeddable":true,"href":"https:\/\/www.kirsehirses.com\/index.php\/wp-json\/wp\/v2\/comments?post=1286"}],"version-history":[{"count":2,"href":"https:\/\/www.kirsehirses.com\/index.php\/wp-json\/wp\/v2\/posts\/1286\/revisions"}],"predecessor-version":[{"id":1289,"href":"https:\/\/www.kirsehirses.com\/index.php\/wp-json\/wp\/v2\/posts\/1286\/revisions\/1289"}],"wp:featuredmedia":[{"embeddable":true,"href":"https:\/\/www.kirsehirses.com\/index.php\/wp-json\/wp\/v2\/media\/1287"}],"wp:attachment":[{"href":"https:\/\/www.kirsehirses.com\/index.php\/wp-json\/wp\/v2\/media?parent=1286"}],"wp:term":[{"taxonomy":"category","embeddable":true,"href":"https:\/\/www.kirsehirses.com\/index.php\/wp-json\/wp\/v2\/categories?post=1286"},{"taxonomy":"post_tag","embeddable":true,"href":"https:\/\/www.kirsehirses.com\/index.php\/wp-json\/wp\/v2\/tags?post=1286"}],"curies":[{"name":"wp","href":"https:\/\/api.w.org\/{rel}","templated":true}]}}