{"id":1293,"date":"2026-01-06T04:10:31","date_gmt":"2026-01-06T01:10:31","guid":{"rendered":"https:\/\/www.kirsehirses.com\/?p=1293"},"modified":"2026-01-06T04:10:31","modified_gmt":"2026-01-06T01:10:31","slug":"kirsehirde-aranan-sahis-jandarma-tarafindan-yakalandi","status":"publish","type":"post","link":"https:\/\/www.kirsehirses.com\/index.php\/2026\/01\/06\/kirsehirde-aranan-sahis-jandarma-tarafindan-yakalandi\/","title":{"rendered":"K\u0131r\u015fehir\u2019de Aranan \u015eah\u0131s Jandarma Taraf\u0131ndan Yakaland\u0131"},"content":{"rendered":"<p data-start=\"0\" data-end=\"68\"><strong>K\u0131r\u015fehir\u2019de Aranan \u015eah\u0131s Jandarma Taraf\u0131ndan Yakaland\u0131<\/strong><\/p>\n<p data-start=\"0\" data-end=\"68\">K\u0131r\u015fehir \u0130l Merkez \u0130l\u00e7e Jandarma Komutanl\u0131\u011f\u0131 taraf\u0131ndan aranan \u015fah\u0131slar\u0131n yakalanmas\u0131na y\u00f6nelik y\u00fcr\u00fct\u00fclen \u00e7al\u0131\u015fmalar kapsam\u0131nda, S.U. isimli \u015fahs\u0131n 3 y\u0131l kesinle\u015fmi\u015f hapis cezas\u0131 ile arand\u0131\u011f\u0131 tespit edildi.<\/p>\n<p data-start=\"299\" data-end=\"420\">Yakalanan \u015fah\u0131s, K\u0131r\u015fehir Adliyesinde tamamlanan i\u015flemlerinin ard\u0131ndan E Tipi Kapal\u0131 Ceza \u0130nfaz Kurumuna teslim edildi.<\/p>\n<p data-start=\"422\" data-end=\"524\" data-is-last-node=\"\" data-is-only-node=\"\">Jandarma birimleri taraf\u0131ndan aranan \u015fah\u0131slar\u0131n yakalanmas\u0131na y\u00f6nelik \u00e7al\u0131\u015fmalar\u0131n s\u00fcrd\u00fc\u011f\u00fc bildirildi.<\/p>\n","protected":false},"excerpt":{"rendered":"<p>K\u0131r\u015fehir\u2019de Aranan \u015eah\u0131s Jandarma Taraf\u0131ndan Yakaland\u0131 K\u0131r\u015fehir \u0130l Merkez \u0130l\u00e7e Jandarma Komutanl\u0131\u011f\u0131 taraf\u0131ndan aranan \u015fah\u0131slar\u0131n yakalanmas\u0131na y\u00f6nelik y\u00fcr\u00fct\u00fclen \u00e7al\u0131\u015fmalar kapsam\u0131nda, S.U. isimli \u015fahs\u0131n 3 y\u0131l kesinle\u015fmi\u015f hapis cezas\u0131 ile arand\u0131\u011f\u0131 tespit edildi. Yakalanan \u015fah\u0131s, K\u0131r\u015fehir Adliyesinde tamamlanan i\u015flemlerinin ard\u0131ndan E Tipi Kapal\u0131 Ceza \u0130nfaz Kurumuna teslim edildi. Jandarma birimleri taraf\u0131ndan aranan \u015fah\u0131slar\u0131n yakalanmas\u0131na y\u00f6nelik \u00e7al\u0131\u015fmalar\u0131n [&hellip;]<\/p>\n","protected":false},"author":1,"featured_media":1294,"comment_status":"open","ping_status":"open","sticky":false,"template":"","format":"standard","meta":{"footnotes":""},"categories":[8],"tags":[],"class_list":["post-1293","post","type-post","status-publish","format-standard","has-post-thumbnail","hentry","category-kirsehir"],"_links":{"self":[{"href":"https:\/\/www.kirsehirses.com\/index.php\/wp-json\/wp\/v2\/posts\/1293","targetHints":{"allow":["GET"]}}],"collection":[{"href":"https:\/\/www.kirsehirses.com\/index.php\/wp-json\/wp\/v2\/posts"}],"about":[{"href":"https:\/\/www.kirsehirses.com\/index.php\/wp-json\/wp\/v2\/types\/post"}],"author":[{"embeddable":true,"href":"https:\/\/www.kirsehirses.com\/index.php\/wp-json\/wp\/v2\/users\/1"}],"replies":[{"embeddable":true,"href":"https:\/\/www.kirsehirses.com\/index.php\/wp-json\/wp\/v2\/comments?post=1293"}],"version-history":[{"count":1,"href":"https:\/\/www.kirsehirses.com\/index.php\/wp-json\/wp\/v2\/posts\/1293\/revisions"}],"predecessor-version":[{"id":1295,"href":"https:\/\/www.kirsehirses.com\/index.php\/wp-json\/wp\/v2\/posts\/1293\/revisions\/1295"}],"wp:featuredmedia":[{"embeddable":true,"href":"https:\/\/www.kirsehirses.com\/index.php\/wp-json\/wp\/v2\/media\/1294"}],"wp:attachment":[{"href":"https:\/\/www.kirsehirses.com\/index.php\/wp-json\/wp\/v2\/media?parent=1293"}],"wp:term":[{"taxonomy":"category","embeddable":true,"href":"https:\/\/www.kirsehirses.com\/index.php\/wp-json\/wp\/v2\/categories?post=1293"},{"taxonomy":"post_tag","embeddable":true,"href":"https:\/\/www.kirsehirses.com\/index.php\/wp-json\/wp\/v2\/tags?post=1293"}],"curies":[{"name":"wp","href":"https:\/\/api.w.org\/{rel}","templated":true}]}}