{"id":1296,"date":"2026-01-06T04:13:20","date_gmt":"2026-01-06T01:13:20","guid":{"rendered":"https:\/\/www.kirsehirses.com\/?p=1296"},"modified":"2026-01-06T04:13:20","modified_gmt":"2026-01-06T01:13:20","slug":"kirsehirde-ahi-evran-diyanet-genclik-merkezi-yerinde-incelendi","status":"publish","type":"post","link":"https:\/\/www.kirsehirses.com\/index.php\/2026\/01\/06\/kirsehirde-ahi-evran-diyanet-genclik-merkezi-yerinde-incelendi\/","title":{"rendered":"K\u0131r\u015fehir\u2019de Ahi Evran Diyanet Gen\u00e7lik Merkezi Yerinde \u0130ncelendi"},"content":{"rendered":"<p><strong>K\u0131r\u015fehir\u2019de Ahi Evran Diyanet Gen\u00e7lik Merkezi Yerinde \u0130ncelendi<\/strong><\/p>\n<p data-start=\"229\" data-end=\"592\">K\u0131r\u015fehir Valisi Murat Sefa Demiry\u00fcrek ile K\u0131r\u015fehir Ahi Evran \u00dcniversitesi Rekt\u00f6r\u00fc Prof. Dr. Mustafa Kas\u0131m Karahocagil, \u00fcniversite camisi alt\u0131nda yap\u0131m\u0131 devam eden Ahi Evran Diyanet Gen\u00e7lik Merkezini yerinde inceledi. Ziyaret, 5 Ocak 2025 tarihinde ger\u00e7ekle\u015ftirildi. \u0130ncelemeye \u00dcniversite Genel Sekreteri Dr. \u00d6\u011fr. \u00dcyesi H\u00fcseyin \u0130lter de kat\u0131ld\u0131.<\/p>\n<p data-start=\"594\" data-end=\"925\">Yap\u0131m\u0131 s\u00fcren Ahi Evran Diyanet Gen\u00e7lik Merkezinin, T\u00fcrkiye\u2019nin en b\u00fcy\u00fck gen\u00e7lik merkezlerinden biri olaca\u011f\u0131 belirtildi. Merkez b\u00fcnyesinde 400 ki\u015filik konferans salonu, 120 ki\u015filik kitap kafe, bir sanat at\u00f6lyesi, kad\u0131n ve erkeklere ayr\u0131 iki spor salonu, iki hasbihal odas\u0131, iki derslik ve bir manevi destek dan\u0131\u015fma odas\u0131 yer al\u0131yor.<\/p>\n<p data-start=\"927\" data-end=\"1274\">Merkezin \u00fcniversite \u00f6\u011frencileri a\u00e7\u0131s\u0131ndan ta\u015f\u0131d\u0131\u011f\u0131 \u00f6neme de\u011finen Rekt\u00f6r Prof. Dr. Mustafa Kas\u0131m Karahocagil, yap\u0131n\u0131n yaln\u0131zca dini alanlarda de\u011fil; sosyal, k\u00fclt\u00fcrel, sportif ve akademik faaliyetler a\u00e7\u0131s\u0131ndan da \u00f6\u011frencilere katk\u0131 sunaca\u011f\u0131n\u0131 ifade etti. Merkezin, \u00f6\u011frencilerin ki\u015fisel ve sosyal geli\u015fimlerine destek olmas\u0131n\u0131n hedeflendi\u011fi aktar\u0131ld\u0131.<\/p>\n<p data-start=\"1276\" data-end=\"1579\">Kamp\u00fcs i\u00e7erisinde yer alan gen\u00e7lik merkezinin, \u00f6\u011frencilerin akademik yo\u011funluk i\u00e7inde manevi ve sosyal a\u00e7\u0131dan rahatlayabilecekleri bir alan olu\u015fturmas\u0131n\u0131n ama\u00e7land\u0131\u011f\u0131 belirtildi. \u0130nceleme s\u0131ras\u0131nda Vali Demiry\u00fcrek ve Rekt\u00f6r Karahocagil, proje hakk\u0131nda detayl\u0131 de\u011ferlendirmelerde bulunarak isti\u015fare yapt\u0131.<\/p>\n","protected":false},"excerpt":{"rendered":"<p>K\u0131r\u015fehir\u2019de Ahi Evran Diyanet Gen\u00e7lik Merkezi Yerinde \u0130ncelendi K\u0131r\u015fehir Valisi Murat Sefa Demiry\u00fcrek ile K\u0131r\u015fehir Ahi Evran \u00dcniversitesi Rekt\u00f6r\u00fc Prof. Dr. Mustafa Kas\u0131m Karahocagil, \u00fcniversite camisi alt\u0131nda yap\u0131m\u0131 devam eden Ahi Evran Diyanet Gen\u00e7lik Merkezini yerinde inceledi. Ziyaret, 5 Ocak 2025 tarihinde ger\u00e7ekle\u015ftirildi. \u0130ncelemeye \u00dcniversite Genel Sekreteri Dr. \u00d6\u011fr. \u00dcyesi H\u00fcseyin \u0130lter de kat\u0131ld\u0131. Yap\u0131m\u0131 [&hellip;]<\/p>\n","protected":false},"author":1,"featured_media":1297,"comment_status":"open","ping_status":"open","sticky":false,"template":"","format":"standard","meta":{"footnotes":""},"categories":[10,8],"tags":[],"class_list":["post-1296","post","type-post","status-publish","format-standard","has-post-thumbnail","hentry","category-egitim","category-kirsehir"],"_links":{"self":[{"href":"https:\/\/www.kirsehirses.com\/index.php\/wp-json\/wp\/v2\/posts\/1296","targetHints":{"allow":["GET"]}}],"collection":[{"href":"https:\/\/www.kirsehirses.com\/index.php\/wp-json\/wp\/v2\/posts"}],"about":[{"href":"https:\/\/www.kirsehirses.com\/index.php\/wp-json\/wp\/v2\/types\/post"}],"author":[{"embeddable":true,"href":"https:\/\/www.kirsehirses.com\/index.php\/wp-json\/wp\/v2\/users\/1"}],"replies":[{"embeddable":true,"href":"https:\/\/www.kirsehirses.com\/index.php\/wp-json\/wp\/v2\/comments?post=1296"}],"version-history":[{"count":1,"href":"https:\/\/www.kirsehirses.com\/index.php\/wp-json\/wp\/v2\/posts\/1296\/revisions"}],"predecessor-version":[{"id":1298,"href":"https:\/\/www.kirsehirses.com\/index.php\/wp-json\/wp\/v2\/posts\/1296\/revisions\/1298"}],"wp:featuredmedia":[{"embeddable":true,"href":"https:\/\/www.kirsehirses.com\/index.php\/wp-json\/wp\/v2\/media\/1297"}],"wp:attachment":[{"href":"https:\/\/www.kirsehirses.com\/index.php\/wp-json\/wp\/v2\/media?parent=1296"}],"wp:term":[{"taxonomy":"category","embeddable":true,"href":"https:\/\/www.kirsehirses.com\/index.php\/wp-json\/wp\/v2\/categories?post=1296"},{"taxonomy":"post_tag","embeddable":true,"href":"https:\/\/www.kirsehirses.com\/index.php\/wp-json\/wp\/v2\/tags?post=1296"}],"curies":[{"name":"wp","href":"https:\/\/api.w.org\/{rel}","templated":true}]}}