{"id":1299,"date":"2026-01-06T04:29:20","date_gmt":"2026-01-06T01:29:20","guid":{"rendered":"https:\/\/www.kirsehirses.com\/?p=1299"},"modified":"2026-01-06T04:29:20","modified_gmt":"2026-01-06T01:29:20","slug":"2025-turkiyesi-arayis-direnc-ve-sagduyu","status":"publish","type":"post","link":"https:\/\/www.kirsehirses.com\/index.php\/2026\/01\/06\/2025-turkiyesi-arayis-direnc-ve-sagduyu\/","title":{"rendered":"2025 T\u00fcrkiye\u2019si: Aray\u0131\u015f, Diren\u00e7 ve Sa\u011fduyu"},"content":{"rendered":"<p><strong>2025 T\u00fcrkiye\u2019si: Aray\u0131\u015f, Diren\u00e7 ve Sa\u011fduyu<\/strong><\/p>\n<p>2025, toplumun her kesimi i\u00e7in kolay bir y\u0131l olmad\u0131. Ekonomik s\u0131k\u0131nt\u0131lar, adalet beklentileri, sosyal d\u00f6n\u00fc\u015f\u00fcm sanc\u0131lar\u0131 s\u0131k\u00e7a konu\u015fuldu. Ele\u015ftiriler oldu, itirazlar y\u00fckseldi. Ama ayn\u0131 zamanda reform aray\u0131\u015flar\u0131, toplumsal dayan\u0131\u015fma \u00f6rnekleri ve sessiz \u00e7o\u011funlu\u011fun sa\u011fduyusu da bu y\u0131l\u0131n ger\u00e7e\u011fiydi. \u0130ktidar\u0131 destekleyenler kadar, T\u00fcrkiye\u2019de bask\u0131 rejimi oldu\u011funu savunan ve \u00f6zg\u00fcrl\u00fc\u011f\u00fcn seviyesini ele\u015ftirenlerin de s\u00f6z s\u00f6yleyebildi\u011fi bir iklim, her \u015feye ra\u011fmen de\u011ferliydi.<\/p>\n<p>2025, T\u00fcrkiye\u2019de siyasetin ve adalet tart\u0131\u015fmalar\u0131n\u0131n en yo\u011fun ya\u015fand\u0131\u011f\u0131 y\u0131llardan biri olarak kayda ge\u00e7ti. Toplumun adalet duygusunu do\u011frudan etkileyen geli\u015fmeler, yaln\u0131zca mahkeme salonlar\u0131nda de\u011fil; sokakta, sosyal medyada ve siyasi k\u00fcrs\u00fclerde de yank\u0131 buldu.<\/p>\n<p>\u00d6zellikle baz\u0131 belediyelerde ortaya \u00e7\u0131kan yolsuzluk iddialar\u0131, y\u00fcr\u00fct\u00fclen soru\u015fturmalar ve ya\u015fanan tutuklamalar, kamuoyunda geni\u015f tart\u0131\u015fmalara neden oldu. \u201cSiyasalla\u015fm\u0131\u015f yarg\u0131\u201d s\u00f6ylemi s\u0131k\u00e7a dile getirilirken, di\u011fer tarafta ise \u201chukukun ge\u00e7 de olsa i\u015flemeye ba\u015flad\u0131\u011f\u0131\u201d g\u00f6r\u00fc\u015f\u00fc savunuldu. Bu s\u00fcre\u00e7, yerel y\u00f6netimlerin \u015feffafl\u0131\u011f\u0131 ve hesap verebilirli\u011fi konusunda toplumsal hassasiyetin ne kadar artt\u0131\u011f\u0131n\u0131 bir kez daha g\u00f6sterdi.<\/p>\n<p>Y\u0131l\u0131n en dikkat \u00e7ekici siyasi \u00e7\u0131k\u0131\u015flar\u0131ndan biri ise MHP Genel Ba\u015fkan\u0131 Devlet Bah\u00e7eli\u2019nin, ter\u00f6r\u00fcn tamamen bitirilmesine y\u00f6nelik yapt\u0131\u011f\u0131 a\u00e7\u0131klamalar oldu. Uzun y\u0131llard\u0131r T\u00fcrkiye\u2019nin en temel sorunlar\u0131ndan biri olan ter\u00f6r meselesinde, devlet akl\u0131n\u0131 \u00f6nceleyen bu yakla\u015f\u0131m; kamuoyunda farkl\u0131 kesimlerde yank\u0131 buldu. S\u00fcrecin devam\u0131nda \u0130mral\u0131 g\u00f6r\u00fc\u015fmelerinin yeniden g\u00fcndeme gelmesi ve TBMM \u00e7at\u0131s\u0131 alt\u0131nda \u201cMilli Birlik ve Demokrasi Komisyonu\u201dnun kurulmas\u0131, meselenin sadece g\u00fcvenlik de\u011fil, toplumsal birlik perspektifiyle ele al\u0131nmaya \u00e7al\u0131\u015f\u0131ld\u0131\u011f\u0131n\u0131 g\u00f6sterdi. Destekleyenler kadar ele\u015ftirenler de oldu; ancak konu, bir kez daha T\u00fcrkiye\u2019nin i\u00e7 siyasetinde merkezi bir yer edindi.<\/p>\n<p>Muhalefet cephesinde ise CHP\u2019de ya\u015fanan i\u00e7 kar\u0131\u015f\u0131kl\u0131klar, partinin kendi g\u00fcndemini \u00fclke g\u00fcndeminin \u00f6n\u00fcne ge\u00e7irdi. Kurultay s\u00fcrecinde r\u00fc\u015fvet da\u011f\u0131t\u0131ld\u0131\u011f\u0131 ve delegelerin y\u00f6nlendirildi\u011fi y\u00f6n\u00fcndeki iddialar, \u00d6zg\u00fcr \u00d6zel\u2019in genel ba\u015fkan se\u00e7ilmesiyle birlikte daha da tart\u0131\u015f\u0131l\u0131r h\u00e2le geldi. S\u0131k aral\u0131klarla yap\u0131lan kurultaylar, parti i\u00e7i \u00e7eki\u015fmeler ve kar\u015f\u0131l\u0131kl\u0131 su\u00e7lamalar; CHP\u2019nin kamuoyundaki kurumsal ciddiyet alg\u0131s\u0131n\u0131 zedeledi.<\/p>\n<p>Daha da dikkat \u00e7ekici olan ise, baz\u0131 iddialara dair parti i\u00e7inden gelen itiraflar ve kamuoyuna yans\u0131yan belgeler olmas\u0131na ra\u011fmen, CHP y\u00f6netiminin yarg\u0131 s\u00fcre\u00e7lerini toptan ele\u015ftiren bir tutum sergilemesi oldu. Bu durum, \u201chukuk herkese laz\u0131m\u201d diyen geni\u015f bir kesimde rahats\u0131zl\u0131k yaratt\u0131. Yarg\u0131 ele\u015ftirisi ile yarg\u0131y\u0131 bask\u0131 alt\u0131na alma aras\u0131ndaki ince \u00e7izgi, 2025\u2019te en \u00e7ok tart\u0131\u015f\u0131lan ba\u015fl\u0131klardan biri h\u00e2line geldi.<\/p>\n<p>2025 y\u0131l\u0131nda \u00fclke genelinde etkisini art\u0131ran kurakl\u0131k da g\u00f6z ard\u0131 edilemeyecek bir ba\u015fka ba\u015fl\u0131k olarak \u00f6ne \u00e7\u0131kt\u0131. Ya\u011f\u0131\u015flar\u0131n azalmas\u0131yla birlikte su kaynaklar\u0131 \u00fczerindeki bask\u0131 artarken, \u00f6zellikle b\u00fcy\u00fck\u015fehirlerde su y\u00f6netimi yeniden tart\u0131\u015fma konusu oldu. \u0130stanbul, Ankara, \u0130zmir ve Bursa gibi CHP\u2019li belediyelerin y\u00f6netiminde olan \u015fehirlerde, yeni su kaynaklar\u0131 olu\u015fturulmas\u0131na y\u00f6nelik yeterli ve uzun vadeli ad\u0131mlar\u0131n at\u0131lmad\u0131\u011f\u0131; b\u00fcy\u00fck \u00f6l\u00e7\u00fcde ge\u00e7mi\u015f d\u00f6nemlerde yap\u0131lan barajlar ve su stoklar\u0131yla s\u00fcrecin idare edilmeye \u00e7al\u0131\u015f\u0131ld\u0131\u011f\u0131 y\u00f6n\u00fcndeki ele\u015ftiriler kamuoyunda s\u0131k\u00e7a dile getirildi. Artan n\u00fcfus, iklim de\u011fi\u015fikli\u011finin etkileri ve yetersiz altyap\u0131 yat\u0131r\u0131mlar\u0131 birle\u015fince, kurakl\u0131k riski b\u00fcy\u00fck \u015fehirler i\u00e7in somut bir su s\u0131k\u0131nt\u0131s\u0131 ihtimaline d\u00f6n\u00fc\u015ft\u00fc. Bu tablo, yerel y\u00f6netimlerin g\u00fcn\u00fc kurtaran \u00e7\u00f6z\u00fcmler yerine, iklim ger\u00e7ekli\u011fini merkeze alan s\u00fcrd\u00fcr\u00fclebilir su politikalar\u0131na duyulan ihtiyac\u0131 bir kez daha ortaya koydu.<\/p>\n<p>2025 y\u0131l\u0131, T\u00fcrkiye\u2019nin savunma sanayiinde att\u0131\u011f\u0131 ad\u0131mlar a\u00e7\u0131s\u0131ndan da dikkat \u00e7ekici bir d\u00f6nem oldu. Yerli ve mill\u00ee \u00fcretim vurgusuyla geli\u015ftirilen insans\u0131z hava ara\u00e7lar\u0131, deniz platformlar\u0131, hava savunma sistemleri ve m\u00fchimmat projeleri hem sahada hem de uluslararas\u0131 alanda T\u00fcrkiye\u2019nin elini g\u00fc\u00e7lendirdi. \u0130hracat rakamlar\u0131ndaki art\u0131\u015f, savunma sanayiinin sadece g\u00fcvenlik de\u011fil, ayn\u0131 zamanda ekonomik bir kald\u0131ra\u00e7 h\u00e2line geldi\u011fini g\u00f6sterdi. Bu alandaki geli\u015fmeler, i\u00e7 siyasette ya\u015fanan tart\u0131\u015fmalardan ba\u011f\u0131ms\u0131z olarak toplumun geni\u015f kesimlerinde ortak bir gurur ba\u015fl\u0131\u011f\u0131 olarak \u00f6ne \u00e7\u0131kt\u0131.<\/p>\n<p>2025 y\u0131l\u0131, deprem felaketinin yaralar\u0131n\u0131n sar\u0131lmas\u0131 konusunda da somut ve tarih\u00ee ad\u0131mlar\u0131n at\u0131ld\u0131\u011f\u0131 bir y\u0131l olarak \u00f6ne \u00e7\u0131kt\u0131. Deprem b\u00f6lgesinde yap\u0131m\u0131 tamamlanan 455 bin konut, yaln\u0131zca bar\u0131nma ihtiyac\u0131n\u0131 kar\u015f\u0131lamakla kalmay\u0131p; okullar\u0131, sa\u011fl\u0131k tesisleri, ula\u015f\u0131m altyap\u0131s\u0131, ye\u015fil alanlar\u0131 ve sosyal donat\u0131lar\u0131yla birlikte depremzedelere teslim edildi. Ayn\u0131 s\u00fcre\u00e7te b\u00f6lgenin tarih\u00ee ve k\u00fclt\u00fcrel miras\u0131n\u0131 olu\u015fturan eserlerin onar\u0131m\u0131 da titizlikle y\u00fcr\u00fct\u00fclerek yeniden aya\u011fa kald\u0131r\u0131ld\u0131. Konutlardan altyap\u0131ya, ta\u015f\u0131nma s\u00fcrecinden sosyal desteklere kadar t\u00fcm giderlerin devlet taraf\u0131ndan kar\u015f\u0131lanmas\u0131, sosyal devlet anlay\u0131\u015f\u0131n\u0131n en g\u00fc\u00e7l\u00fc \u00f6rneklerinden biri olarak kayda ge\u00e7ti. B\u00f6ylesine b\u00fcy\u00fck bir felaketin ard\u0131ndan, bu \u00f6l\u00e7ekte ve bu kapsamda bir yeniden in\u015fa s\u00fcrecinin ba\u015fka \u00fclkelerde \u00f6rne\u011fi bulunmuyor.<\/p>\n<p>Ayn\u0131 y\u0131l, spor alan\u0131nda elde edilen ba\u015far\u0131lar da toplumsal moral a\u00e7\u0131s\u0131ndan \u00f6nemli bir denge unsuru oldu. Bireysel sporlardan tak\u0131m sporlar\u0131na kadar pek \u00e7ok bran\u015fta ulusal ve uluslararas\u0131 ba\u015far\u0131lar elde edildi; gen\u00e7 sporcular\u0131n y\u00fckseli\u015fi dikkat \u00e7ekti. Avrupa kupalar\u0131nda m\u00fccadele eden kul\u00fcplerin performanslar\u0131, basketbolda, voleybolda ve bireysel bran\u015flarda milli sporcular\u0131n \u015fampiyonalarda kazand\u0131\u011f\u0131 madalyalar ve altyap\u0131ya yap\u0131lan yat\u0131r\u0131mlar, sporun birle\u015ftirici g\u00fcc\u00fcn\u00fc bir kez daha ortaya koydu. Zorlu bir y\u0131l\u0131n i\u00e7inde, spor sahalar\u0131ndan gelen bu ba\u015far\u0131 haberleri toplumun nefes ald\u0131\u011f\u0131 alanlardan biri oldu.<\/p>\n<p>2025 y\u0131l\u0131, ekonomi ba\u015fl\u0131\u011f\u0131nda da kritik bir e\u015fik olarak de\u011ferlendirildi. Uygulanan ekonomik program\u0131n kararl\u0131l\u0131kla s\u00fcrd\u00fcr\u00fclmesi sonucunda enflasyonun d\u00fc\u015f\u00fc\u015f e\u011filimine girmesi, makro g\u00f6stergelerde g\u00f6reli bir toparlanma ya\u015fanmas\u0131 ve \u00fclke kalk\u0131nmas\u0131n\u0131n orta vadede do\u011fru bir yolda ilerledi\u011fine dair i\u015faretler dikkat \u00e7ekti. Buna kar\u015f\u0131n, \u00f6zellikle hayat pahal\u0131l\u0131\u011f\u0131 toplumun geni\u015f kesimleri \u00fczerinde bask\u0131 olu\u015fturmaya devam etti. En fazla etkilenen gruplar\u0131n ba\u015f\u0131nda ise emekliler geldi. Artan kira, g\u0131da ve temel ihtiya\u00e7 fiyatlar\u0131 kar\u015f\u0131s\u0131nda emeklilerin ya\u015fad\u0131\u011f\u0131 ge\u00e7im s\u0131k\u0131nt\u0131s\u0131, ekonomik iyile\u015fme verileriyle g\u00fcnl\u00fck hayat aras\u0131ndaki fark\u0131 a\u00e7\u0131k bi\u00e7imde ortaya koydu.<\/p>\n<p>\u00d6zetle 2025, T\u00fcrkiye a\u00e7\u0131s\u0131ndan siyasetle hukukun, ekonomiyle g\u00fcnl\u00fck hayat\u0131n, umutla kayg\u0131n\u0131n ayn\u0131 anda ya\u015fand\u0131\u011f\u0131 bir y\u0131l oldu. Bir yanda reform aray\u0131\u015flar\u0131, g\u00fcvenlikte ve savunma sanayiinde at\u0131lan stratejik ad\u0131mlar, sporun birle\u015ftirici ba\u015far\u0131s\u0131; di\u011fer yanda hayat pahal\u0131l\u0131\u011f\u0131, adalet tart\u0131\u015fmalar\u0131 ve siyasetteki sert kutupla\u015fma toplumsal ruh h\u00e2lini belirledi. Rakamlar\u0131n iyile\u015fti\u011fi ama mutfaktaki yang\u0131n\u0131n hen\u00fcz s\u00f6nmedi\u011fi bu s\u00fcre\u00e7, \u00f6zellikle emekliler ba\u015fta olmak \u00fczere sabit gelirli kesimlerin ya\u015fad\u0131\u011f\u0131 zorluklar\u0131 daha g\u00f6r\u00fcn\u00fcr k\u0131ld\u0131.<\/p>\n<p>Toplumun ortak beklentisi ise de\u011fi\u015fmedi: Hukukun herkese e\u015fit uygulanmas\u0131, \u015feffafl\u0131\u011f\u0131n istisnas\u0131z h\u00e2le gelmesi ve ekonomik iyile\u015fmenin geni\u015f kitlelerin hayat\u0131na somut bi\u00e7imde yans\u0131mas\u0131. 2025, cevaplardan \u00e7ok sorular\u0131n \u00f6ne \u00e7\u0131kt\u0131\u011f\u0131; ancak bu sorular\u0131n art\u0131k daha y\u00fcksek sesle ve daha geni\u015f bir toplumsal mutabakatla sorulmaya ba\u015fland\u0131\u011f\u0131 bir y\u0131l olarak kayda ge\u00e7ti. T\u00fcrkiye, t\u00fcm bu tart\u0131\u015fmalar\u0131n i\u00e7inden, sa\u011fduyunun ve ortak akl\u0131n g\u00fc\u00e7lenerek \u00f6ne \u00e7\u0131kt\u0131\u011f\u0131n\u0131 \u00f6n\u00fcm\u00fczdeki y\u0131llarda daha iyi g\u00f6rece\u011fiz.<\/p>\n","protected":false},"excerpt":{"rendered":"<p>2025 T\u00fcrkiye\u2019si: Aray\u0131\u015f, Diren\u00e7 ve Sa\u011fduyu 2025, toplumun her kesimi i\u00e7in kolay bir y\u0131l olmad\u0131. Ekonomik s\u0131k\u0131nt\u0131lar, adalet beklentileri, sosyal d\u00f6n\u00fc\u015f\u00fcm sanc\u0131lar\u0131 s\u0131k\u00e7a konu\u015fuldu. Ele\u015ftiriler oldu, itirazlar y\u00fckseldi. Ama ayn\u0131 zamanda reform aray\u0131\u015flar\u0131, toplumsal dayan\u0131\u015fma \u00f6rnekleri ve sessiz \u00e7o\u011funlu\u011fun sa\u011fduyusu da bu y\u0131l\u0131n ger\u00e7e\u011fiydi. \u0130ktidar\u0131 destekleyenler kadar, T\u00fcrkiye\u2019de bask\u0131 rejimi oldu\u011funu savunan ve \u00f6zg\u00fcrl\u00fc\u011f\u00fcn seviyesini [&hellip;]<\/p>\n","protected":false},"author":1,"featured_media":1300,"comment_status":"open","ping_status":"open","sticky":false,"template":"","format":"standard","meta":{"footnotes":""},"categories":[8],"tags":[],"class_list":["post-1299","post","type-post","status-publish","format-standard","has-post-thumbnail","hentry","category-kirsehir"],"_links":{"self":[{"href":"https:\/\/www.kirsehirses.com\/index.php\/wp-json\/wp\/v2\/posts\/1299","targetHints":{"allow":["GET"]}}],"collection":[{"href":"https:\/\/www.kirsehirses.com\/index.php\/wp-json\/wp\/v2\/posts"}],"about":[{"href":"https:\/\/www.kirsehirses.com\/index.php\/wp-json\/wp\/v2\/types\/post"}],"author":[{"embeddable":true,"href":"https:\/\/www.kirsehirses.com\/index.php\/wp-json\/wp\/v2\/users\/1"}],"replies":[{"embeddable":true,"href":"https:\/\/www.kirsehirses.com\/index.php\/wp-json\/wp\/v2\/comments?post=1299"}],"version-history":[{"count":1,"href":"https:\/\/www.kirsehirses.com\/index.php\/wp-json\/wp\/v2\/posts\/1299\/revisions"}],"predecessor-version":[{"id":1301,"href":"https:\/\/www.kirsehirses.com\/index.php\/wp-json\/wp\/v2\/posts\/1299\/revisions\/1301"}],"wp:featuredmedia":[{"embeddable":true,"href":"https:\/\/www.kirsehirses.com\/index.php\/wp-json\/wp\/v2\/media\/1300"}],"wp:attachment":[{"href":"https:\/\/www.kirsehirses.com\/index.php\/wp-json\/wp\/v2\/media?parent=1299"}],"wp:term":[{"taxonomy":"category","embeddable":true,"href":"https:\/\/www.kirsehirses.com\/index.php\/wp-json\/wp\/v2\/categories?post=1299"},{"taxonomy":"post_tag","embeddable":true,"href":"https:\/\/www.kirsehirses.com\/index.php\/wp-json\/wp\/v2\/tags?post=1299"}],"curies":[{"name":"wp","href":"https:\/\/api.w.org\/{rel}","templated":true}]}}